{"id":62559,"date":"2023-06-28T11:00:28","date_gmt":"2023-06-28T09:00:28","guid":{"rendered":"https:\/\/miradordeatarfe.es\/?p=62559"},"modified":"2023-10-19T20:37:55","modified_gmt":"2023-10-19T18:37:55","slug":"atarfe-40-anos-despues-dos-mujeres-se-dan-la-mano","status":"publish","type":"post","link":"https:\/\/miradordeatarfe.es\/?p=62559","title":{"rendered":"ATARFE: 40 A\u00d1OS DESPU\u00c9S DOS MUJERES SE DAN LA MANO"},"content":{"rendered":"<h3 style=\"text-align: justify;\">A Yolanda Fern\u00e1ndez Morales<\/h3>\n<p style=\"text-align: justify;\">Iba a mandarte un email para felicitarte, pero he preferido que sea a trav\u00e9s de estas p\u00e1ginas del <em><i>Mirador <\/i><\/em>que tan maravillosamente coordina nuestro amigo Manolo Codina, la forma en que te llegue no s\u00f3lo mi enhorabuena sino mi tremenda felicidad por tu nombramiento como primera alcaldesa de la historia de Atarfe.<\/p>\n<p style=\"text-align: justify;\">T\u00fa y yo iremos siempre de la mano, porque esa ni\u00f1a que yo conoc\u00ed en el colegio Dr. Jim\u00e9nez Rueda, compa\u00f1era de mi hijo Abraham, llega a lo m\u00e1s alto en el mandato municipal. Y llega como la primera mujer de la historia de ese pueblo que tuve el honor de que me recibiera a m\u00ed como su primera mujer concejala.<\/p>\n<p style=\"text-align: justify;\"><a href=\"https:\/\/i0.wp.com\/miradordeatarfe.es\/wp-content\/uploads\/2023\/06\/Imagen1.png?ssl=1\"><img data-recalc-dims=\"1\" loading=\"lazy\" decoding=\"async\" class=\"size-medium wp-image-62560 alignleft\" src=\"https:\/\/i0.wp.com\/miradordeatarfe.es\/wp-content\/uploads\/2023\/06\/Imagen1.png?resize=300%2C193&#038;ssl=1\" alt=\"\" width=\"300\" height=\"193\" srcset=\"https:\/\/i0.wp.com\/miradordeatarfe.es\/wp-content\/uploads\/2023\/06\/Imagen1.png?resize=300%2C193&amp;ssl=1 300w, https:\/\/i0.wp.com\/miradordeatarfe.es\/wp-content\/uploads\/2023\/06\/Imagen1.png?resize=768%2C495&amp;ssl=1 768w, https:\/\/i0.wp.com\/miradordeatarfe.es\/wp-content\/uploads\/2023\/06\/Imagen1.png?w=960&amp;ssl=1 960w\" sizes=\"auto, (max-width: 300px) 100vw, 300px\" \/><\/a> Por eso, SIEMPRE seremos las dos primeras mujeres de las muchas corporaciones a lo largo de la historia de Atarfe; una, que el a\u00f1o 1983, junto con un equipo ilusionado y abnegado -esa es la palabra- marc\u00f3 las pautas de un nuevo Atarfe abierto al bienestar, a la cultura y al progreso. Conjuntamente recorrimos un nuevo camino, sin miedo, con entusiasmo, en temas como Mujer, Atenci\u00f3n temprana, Servicios sociales, Planificaci\u00f3n familiar, Escuela de Padres, Cultura, Taller Ocupacional\u2026 hasta Protecci\u00f3n Civil. Abrimos camino a muchas mujeres y hombres valiosos -algunos ya estaban de las corporaciones democr\u00e1ticas anteriores &#8211; eso hay que decirlo- y ya ves, 40 a\u00f1os han pasado (\u00a1diez corporaciones! \u00a1c\u00f3mo pasa el tiempo!). Y otra mujer, en 2023: T\u00fa, Yolanda.<\/p>\n<p style=\"text-align: justify;\">Yo s\u00e9 que la motivaci\u00f3n para presentarte y asumir la Alcald\u00eda es grande e ilusionante, que llevas trabajando muchos a\u00f1os por la igualdad, por el<a href=\"https:\/\/i0.wp.com\/miradordeatarfe.es\/wp-content\/uploads\/2023\/06\/alcaldesa-de-atarfe-2-1.jpg?ssl=1\"><img data-recalc-dims=\"1\" loading=\"lazy\" decoding=\"async\" class=\"size-full wp-image-62356 alignright\" src=\"https:\/\/i0.wp.com\/miradordeatarfe.es\/wp-content\/uploads\/2023\/06\/alcaldesa-de-atarfe-2-1.jpg?resize=266%2C208&#038;ssl=1\" alt=\"\" width=\"266\" height=\"208\" \/><\/a> bienestar del pueblo, por su cultura, por el deporte, por mejorar las condiciones de toda la poblaci\u00f3n, sobre todo de los m\u00e1s desfavorecidos. Yo s\u00e9 que con los equipos que te han acompa\u00f1ado en la traves\u00eda hab\u00e9is creado y consolidado muchos proyectos, que hab\u00e9is abierto muchos caminos nuevos para la econom\u00eda, el turismo, las infraestructuras del pueblo y para los centros educativos. Yo s\u00e9, que eres incansable y que puedes con todo, as\u00ed lo has venido demostrando en tu trayectoria en el Ayuntamiento y en el Partido Socialista. Tienes, adem\u00e1s, -en eso coincidimos, como docentes que somos- el enfoque did\u00e1ctico que das al desarrollo de los programas y proyectos que llevas a cabo y esa sabidur\u00eda especial para hacer que llegue a la gente. F\u00edjate, hasta has sabido \u201cunir a la izquierda\u201d en Atarfe, que tambi\u00e9n ha sido el sue\u00f1o de muchos desde hace tiempo. \u00a0\u00a0<\/p>\n<p style=\"text-align: justify;\">Por eso, por marcar un hito en la historia de Atarfe; por tener ese gran af\u00e1n de hacer avanzar al pueblo y a sus gentes; por albergar ese esp\u00edritu de entrega, te deseo los mayores \u00e9xitos a ti y a todo tu equipo de gobierno. Y te deseo que, como t\u00fa misma dices en tu discurso de investidura, sigas siempre tus sue\u00f1os, pues \u201cellos saben el camino\u201d.<\/p>\n<p style=\"text-align: justify;\"><strong>Mar\u00eda Teresa Garc\u00eda del Moral Garrido<\/strong><\/p>\n<p>\u00a0<a href=\"https:\/\/i0.wp.com\/miradordeatarfe.es\/wp-content\/uploads\/2023\/06\/Imagen2.png?ssl=1\"><img data-recalc-dims=\"1\" loading=\"lazy\" decoding=\"async\" class=\"alignnone wp-image-62563 size-large\" src=\"https:\/\/i0.wp.com\/miradordeatarfe.es\/wp-content\/uploads\/2023\/06\/Imagen2.png?resize=618%2C530&#038;ssl=1\" alt=\"\" width=\"618\" height=\"530\" srcset=\"https:\/\/i0.wp.com\/miradordeatarfe.es\/wp-content\/uploads\/2023\/06\/Imagen2.png?resize=1024%2C878&amp;ssl=1 1024w, https:\/\/i0.wp.com\/miradordeatarfe.es\/wp-content\/uploads\/2023\/06\/Imagen2.png?resize=300%2C257&amp;ssl=1 300w, https:\/\/i0.wp.com\/miradordeatarfe.es\/wp-content\/uploads\/2023\/06\/Imagen2.png?resize=768%2C659&amp;ssl=1 768w, https:\/\/i0.wp.com\/miradordeatarfe.es\/wp-content\/uploads\/2023\/06\/Imagen2.png?w=1313&amp;ssl=1 1313w\" sizes=\"auto, (max-width: 618px) 100vw, 618px\" \/><\/a><a href=\"https:\/\/miradordeatarfe.es\/wp-content\/uploads\/2023\/06\/Imagen4.png\"> \u00a0<\/a><\/p>\n<p><a href=\"https:\/\/i0.wp.com\/miradordeatarfe.es\/wp-content\/uploads\/2023\/06\/Imagen4.png?ssl=1\"><img data-recalc-dims=\"1\" loading=\"lazy\" decoding=\"async\" class=\"alignnone wp-image-62564 size-large\" src=\"https:\/\/i0.wp.com\/miradordeatarfe.es\/wp-content\/uploads\/2023\/06\/Imagen4.png?resize=618%2C278&#038;ssl=1\" alt=\"\" width=\"618\" height=\"278\" srcset=\"https:\/\/i0.wp.com\/miradordeatarfe.es\/wp-content\/uploads\/2023\/06\/Imagen4.png?resize=1024%2C460&amp;ssl=1 1024w, https:\/\/i0.wp.com\/miradordeatarfe.es\/wp-content\/uploads\/2023\/06\/Imagen4.png?resize=300%2C135&amp;ssl=1 300w, https:\/\/i0.wp.com\/miradordeatarfe.es\/wp-content\/uploads\/2023\/06\/Imagen4.png?resize=768%2C345&amp;ssl=1 768w, https:\/\/i0.wp.com\/miradordeatarfe.es\/wp-content\/uploads\/2023\/06\/Imagen4.png?resize=1536%2C690&amp;ssl=1 1536w, https:\/\/i0.wp.com\/miradordeatarfe.es\/wp-content\/uploads\/2023\/06\/Imagen4.png?resize=1320%2C593&amp;ssl=1 1320w, https:\/\/i0.wp.com\/miradordeatarfe.es\/wp-content\/uploads\/2023\/06\/Imagen4.png?w=1600&amp;ssl=1 1600w\" sizes=\"auto, (max-width: 618px) 100vw, 618px\" \/><\/a><\/p>\n","protected":false},"excerpt":{"rendered":"<p>A Yolanda Fern\u00e1ndez Morales Iba a mandarte un email para felicitarte, pero he preferido que&#8230;<\/p>\n","protected":false},"author":1,"featured_media":62561,"comment_status":"closed","ping_status":"closed","sticky":false,"template":"","format":"standard","meta":{"_coblocks_attr":"","_coblocks_dimensions":"","_coblocks_responsive_height":"","_coblocks_accordion_ie_support":"","jetpack_post_was_ever_published":false,"_jetpack_newsletter_access":"","_jetpack_dont_email_post_to_subs":false,"_jetpack_newsletter_tier_id":0,"_jetpack_memberships_contains_paywalled_content":false,"_jetpack_memberships_contains_paid_content":false,"footnotes":"","jetpack_publicize_message":"","jetpack_publicize_feature_enabled":true,"jetpack_social_post_already_shared":false,"jetpack_social_options":{"image_generator_settings":{"template":"highway","default_image_id":0,"enabled":false},"version":2}},"categories":[14,6539],"tags":[8087,19],"class_list":["post-62559","post","type-post","status-publish","format-standard","has-post-thumbnail","hentry","category-feminismo","category-personajes-de-ataref","tag-gobierno-municipal","tag-mujeres"],"jetpack_publicize_connections":[],"jetpack_featured_media_url":"https:\/\/i0.wp.com\/miradordeatarfe.es\/wp-content\/uploads\/2023\/06\/1687866345853-scaled.jpg?fit=2560%2C1447&ssl=1","jetpack_likes_enabled":true,"jetpack_sharing_enabled":true,"_links":{"self":[{"href":"https:\/\/miradordeatarfe.es\/index.php?rest_route=\/wp\/v2\/posts\/62559","targetHints":{"allow":["GET"]}}],"collection":[{"href":"https:\/\/miradordeatarfe.es\/index.php?rest_route=\/wp\/v2\/posts"}],"about":[{"href":"https:\/\/miradordeatarfe.es\/index.php?rest_route=\/wp\/v2\/types\/post"}],"author":[{"embeddable":true,"href":"https:\/\/miradordeatarfe.es\/index.php?rest_route=\/wp\/v2\/users\/1"}],"replies":[{"embeddable":true,"href":"https:\/\/miradordeatarfe.es\/index.php?rest_route=%2Fwp%2Fv2%2Fcomments&post=62559"}],"version-history":[{"count":2,"href":"https:\/\/miradordeatarfe.es\/index.php?rest_route=\/wp\/v2\/posts\/62559\/revisions"}],"predecessor-version":[{"id":62566,"href":"https:\/\/miradordeatarfe.es\/index.php?rest_route=\/wp\/v2\/posts\/62559\/revisions\/62566"}],"wp:featuredmedia":[{"embeddable":true,"href":"https:\/\/miradordeatarfe.es\/index.php?rest_route=\/wp\/v2\/media\/62561"}],"wp:attachment":[{"href":"https:\/\/miradordeatarfe.es\/index.php?rest_route=%2Fwp%2Fv2%2Fmedia&parent=62559"}],"wp:term":[{"taxonomy":"category","embeddable":true,"href":"https:\/\/miradordeatarfe.es\/index.php?rest_route=%2Fwp%2Fv2%2Fcategories&post=62559"},{"taxonomy":"post_tag","embeddable":true,"href":"https:\/\/miradordeatarfe.es\/index.php?rest_route=%2Fwp%2Fv2%2Ftags&post=62559"}],"curies":[{"name":"wp","href":"https:\/\/api.w.org\/{rel}","templated":true}]}}