{"id":62584,"date":"2023-07-02T11:39:26","date_gmt":"2023-07-02T09:39:26","guid":{"rendered":"https:\/\/miradordeatarfe.es\/?p=62584"},"modified":"2024-01-31T12:49:47","modified_gmt":"2024-01-31T11:49:47","slug":"la-carretera-a-alcala-la-real-por-jose-enrique-granados","status":"publish","type":"post","link":"https:\/\/miradordeatarfe.es\/?p=62584","title":{"rendered":"\u00abLA CARRETERA A ALCAL\u00c1 LA REAL \u00bb por Jos\u00e9 Enrique Granados"},"content":{"rendered":"<div class=\"\" dir=\"auto\">\n<div id=\":r1h8:\" class=\"x1iorvi4 x1pi30zi x1l90r2v x1swvt13\" data-ad-comet-preview=\"message\" data-ad-preview=\"message\">\n<div class=\"x78zum5 xdt5ytf xz62fqu x16ldp7u\">\n<div class=\"xu06os2 x1ok221b\">\n<div class=\"xdj266r x11i5rnm xat24cr x1mh8g0r x1vvkbs x126k92a\">\n<h3 dir=\"auto\" style=\"text-align: justify;\">La construcci\u00f3n de la carretera de Alcal\u00e1 la Real, durante 1868 adem\u00e1s de servir para descubrir determinados objetos arqueol\u00f3gicos, tal como pone de manifiesto G\u00f3mez Moreno en su \u201cMedina Elvira\u201d, fue la soluci\u00f3n encontrada por los gobernantes para paliar la demanda efectuada por los jornaleros granadinos que a principios de ese a\u00f1o ped\u00edan la bajada del pan.<\/h3>\n<\/div>\n<div class=\"xdj266r x11i5rnm xat24cr x1mh8g0r x1vvkbs x126k92a\" style=\"text-align: justify;\">\n<div dir=\"auto\">Lean esta noticia publicada el <strong>4 de marzo de 1868<\/strong>, en varios peri\u00f3dicos:<\/div>\n<div dir=\"auto\">\u00a0<\/div>\n<\/div>\n<div class=\"x11i5rnm xat24cr x1mh8g0r x1vvkbs xtlvy1s x126k92a\" style=\"text-align: justify;\">\n<div dir=\"auto\">&lt;<em>&lt;Las siguientes noticias que tomamos de una carta de Granada que publica uno de nuestros colegas, confirman las contenidas en los partes de que dio lectura en las Cortes el duque de Valencia. Lleva la fecha del 26, y dice as\u00ed la citada correspondencia: \u00abHa continuado en el d\u00eda de hoy la agitaci\u00f3n. Despu\u00e9s de una noche desapacible y lluviosa y cuyo silencio, como dije ayer, ha sido \u00fanicamente interrumpido por las patrullas ce caballer\u00eda, han aparecido por la ma\u00f1ana bandos en los principales puntos, considerando como sedicioso todo grupo de m\u00e1s de seis personas. Este bando impreso estaba al lado de un anuncio manuscrito en que se dec\u00eda venderse pan a catorce cuartos en las plazas de San Agust\u00edn, de la Verdura y Pescader\u00eda, etc., que este precio no regir\u00eda el d\u00eda siguiente sino para los pobres que se presentaran con papeleta del inspector de vigilancia, y \u00faltimamente se dec\u00eda que se daba a todos trabajo en la carretera de Atarfe (a unas dos leguas de aqu\u00ed) a cinco reales de jornal. A las nueve de la ma\u00f1ana una gran multitud part\u00eda de las antedichas plazas a los gritos de \u00a1pan a ocho cuartos]. No ha habido otro grito que este. Esto ocasion\u00f3 en las plazas de la Constituci\u00f3n (m\u00e1s conocida aqu\u00ed por Viva Rambla), Nueva del Carmen y Carrera, nuevas corrida y pedreas, contestadas con descargas al aire y cargas de caballer\u00eda. A las once estableci\u00f3se en la Carrera una guerrilla que de vez en cuando abr\u00eda paso a algunos soldados de caballer\u00eda, los cuales, lanza en ristre, se bifurcaban en calles y callejuelas en persecuci\u00f3n de los amotinados. La lluvia continuaba, aunque menuda. Despejadas alg\u00fan tanto las avenidas por el Teatro, calle de San Ant\u00f3n y Recogidas, abri\u00f3se otra nueva guerrilla que avanz\u00f3 con fusil preparado, registrando uno por uno a cuantos encontraba a su paso. Esto me sucedi\u00f3 a m\u00ed; pero afortunadamente, seg\u00fan mi costumbre, no llevaba encima ni siquiera un cortaplumas. A las tres ocurri\u00f3 un ligero desorden en la calle de San Juan de Dios y en la espaciosa plaza del Triunfo, motivado por los trabajadores que, teniendo en su poder las herramientas para el trabajo que se les hab\u00edan entregado, no fueron comprendidos en la lista de aquellos a quienes se deb\u00eda pagar hoy mismo su jornal de cinco reales, un piquete de diez caballos, y sobre todo el haberse agotado el dinero para pago de jornales, fueron bastante para calmar este desorden y disolver los grupos. Los que han cobrado se han llevado las herramientas. A las cinco se ha fijado otro bando de la capitan\u00eda general manifestando que, siendo excesiva la demanda de pan, se pondr\u00eda desde ma\u00f1ana 27 a disposici\u00f3n del pueblo mil raciones de las contratadas para el ej\u00e9rcito, a ocho cuartos la raci\u00f3n de libra y media. A las cinco y media he visto pasar perfectamente custodiados 48 presos que han conducido a la c\u00e1rcel alta, sita en la Plaza Nueva. A las seis y media ya quedaba restablecido el paso por las avenidas principales. Han corrido rumores de des\u00f3rdenes en Churriana, en Santa Fe, a dos leguas de aqu\u00ed.\u00bb&gt;&gt;<\/em><\/div>\n<div dir=\"auto\">\u00a0<\/div>\n<\/div>\n<div class=\"x11i5rnm xat24cr x1mh8g0r x1vvkbs xtlvy1s x126k92a\" style=\"text-align: justify;\">\n<div dir=\"auto\">Adem\u00e1s, podemos leer lo publicado e<strong>l 28 de febrero de ese mismo a\u00f1o<\/strong>, en el Bolet\u00edn Oficial de Granada:<\/div>\n<div dir=\"auto\">\u00a0<\/div>\n<\/div>\n<div class=\"x11i5rnm xat24cr x1mh8g0r x1vvkbs xtlvy1s x126k92a\" style=\"text-align: justify;\">\n<div dir=\"auto\">En el Bolet\u00edn oficial de Granada del s\u00e1bado \u00faltimo leemos la siguiente circular que el<strong> capit\u00e1n general del distrito ha dirigido a los alcaldes de toda la provincia<\/strong>:<\/div>\n<div dir=\"auto\">\u00a0<\/div>\n<div dir=\"auto\">\u00abCapitan\u00eda general de Granada. \u2014Estado mayor. \u2014Secci\u00f3n 3<\/div>\n<div dir=\"auto\">\u00a0<\/div>\n<div dir=\"auto\">.&#8217;\u2014<em>Declarada la provincia en estado de guerra por consecuencia de pedir turbas amotinadas en esta capital la rebaja en el precio del pan, dispersados los grupos a viva fuerza y resuelto como me hallo a sostener el orden p\u00fablico donde quiera que pueda turbarse, creo de mi deber hacer extensivo \u00e1 esa poblaci\u00f3n el estado citado y dirigirme a V. , no solo notici\u00e1ndoselo, sino d\u00e1ndole instrucciones claras y precisas a que debe sujetarse estrictamente y ce\u00f1ir su conducta en todo caso y circunstancias. El haberse presentado en algunos pueblos de la Vega bandas m\u00e1s o menos numerosas pretendiendo la legitimaci\u00f3n del robo y de toda clase de desmanes, debe probar a las gentes sensatas la obligaci\u00f3n indeclinable en que todos se hallan de repeler con la fuerza tan criminales intentos, de echar a un lado nimios recelos y ponerse firme y resueltamente al lado de la autoridad, contribuyendo a robustecer su influencia leg\u00edtima y bienhechora. Obrar de esta manera es defenderse y escudarse a si propio.<\/em><\/div>\n<div dir=\"auto\">\u00a0<\/div>\n<\/div>\n<div class=\"x11i5rnm xat24cr x1mh8g0r x1vvkbs xtlvy1s x126k92a\" style=\"text-align: justify;\">\n<div dir=\"auto\"><em>M\u00ed autoridad estar\u00e1 en todas partes, acudir\u00e1 a todas las necesidades y castigar\u00e1 con inexorable rigor y mano fuerte a los perturbadores del sosiego p\u00fablico. i A conseguir este objeto, \u00e1 uniformar y dar unidad a los esfuerzos de todos los buenos, se dirigen las bases generales siguientes:<\/em><\/div>\n<\/div>\n<div class=\"x11i5rnm xat24cr x1mh8g0r x1vvkbs xtlvy1s x126k92a\" style=\"text-align: justify;\">\n<div dir=\"auto\"><em>1. Los se\u00f1ores alcaldes reunir\u00e1n en el acto a los vecinos honrados que se hallen autorizados para uso de armas; se pondr\u00e1n de acuerdo con estos y convendr\u00e1n en un punto de reuni\u00f3n a prop\u00f3sito para hacer frente desde \u00e9l y rechazar a viva fuerza la presencia de cualquier grupo de gente sospechosa que penetre en la poblaci\u00f3n. Elegir\u00e9 la m\u00e1s estrecha responsabilidad y someter\u00e9 al tribunal militar a la autoridad al vecino que desoiga mi voz, separ\u00e1ndose de estos principios.<\/em><\/div>\n<div dir=\"auto\"><em>2. Los se\u00f1ores alcaldes con los individuos de ayuntamiento y mayores contribuyentes escoger\u00e1n los medios que su patriotismo les sugiera, para conjurar en lo posible la miseria p\u00fablica, d\u00e1ndome cuenta inmediata del resultado que esto produzca.<\/em><\/div>\n<div dir=\"auto\"><em>3. De cada poblaci\u00f3n ser\u00e1 despedida la gente proletaria que no se halle avecindada en la misma, o no tenga ocupaci\u00f3n conocida.<\/em><\/div>\n<div dir=\"auto\"><em>4. En los choques que pudieran tenerse con gente alborotadora, se har\u00e1n cuantos presos fuere posible, poni\u00e9ndolos a mi disposici\u00f3n con las primeras diligencias y las armas que se les hubiesen ocupado, para quo el consejo de guerra los juzgue sumaria y brevemente.<\/em><\/div>\n<div dir=\"auto\"><em>5. Columnas que har\u00e9 salir de la capital recorrer\u00e1n los pueblos de la provincia y secundar\u00e1n las disposiciones de los se\u00f1ores alcaldes.<\/em><\/div>\n<div dir=\"auto\"><em>6. Los alcaldes que demostraren abandono o tibieza en sus deberes, y los vecinos que desoigan la voz de la autoridad, ser\u00e1n tratados y considerados por m\u00ed como auxiliadores de los revoltosos.<\/em><\/div>\n<div dir=\"auto\"><em>7. Los se\u00f1ores alcaldes se hallan en la obligaci\u00f3n ineludible de trasmitir por el medio m\u00e1s r\u00e1pido a mi autoridad cuantas novedades juzguen dignas de mi conocimiento.<\/em><\/div>\n<div dir=\"auto\">\u00a0<\/div>\n<div dir=\"auto\"><em>Al noble ejemplo dado por alcaldes dign\u00edsimos, en los \u00faltimos sucesos me hacen esperar que en los de los pueblos de la provincia tendr\u00e9 mucho que, elogiar, nada que castigar, y el bando que recibir\u00e1 Vd. lo har\u00e1 fijar en el momento en el paraje m\u00e1s p\u00fablico de esa poblaci\u00f3n, adoptando adem\u00e1s las oportunas disposiciones para que con la mayor rapidez sea conocido de todos. Del recibo de esta circular me dar\u00e1 Vd. inmediato aviso. Dios guarde \u00e1 Vd. muchos a\u00f1os. Granada 28 de febrero ce 1868. Antonio Mar\u00eda Blanco.&gt;&gt;<\/em><\/div>\n<\/div>\n<div class=\"x11i5rnm xat24cr x1mh8g0r x1vvkbs xtlvy1s x126k92a\" style=\"text-align: justify;\">\n<div dir=\"auto\">\u00a0<\/div>\n<div dir=\"auto\">En la fotograf\u00eda cercan\u00edas de la carretera de C\u00f3rdoba, en donde se encontraron en 1868, aquellos objetos arqueol\u00f3gicos, durante la construcci\u00f3n de la misma.<\/div>\n<\/div>\n<div class=\"x11i5rnm xat24cr x1mh8g0r x1vvkbs xtlvy1s x126k92a\">\n<div dir=\"auto\">\u00a0<\/div>\n<div dir=\"auto\" style=\"text-align: justify;\">Gacetilla y curiosidades elvirenses.<\/div>\n<\/div>\n<\/div>\n<\/div>\n<\/div>\n<\/div>\n","protected":false},"excerpt":{"rendered":"<p>La construcci\u00f3n de la carretera de Alcal\u00e1 la Real, durante 1868 adem\u00e1s de servir para&#8230;<\/p>\n","protected":false},"author":1,"featured_media":62585,"comment_status":"closed","ping_status":"closed","sticky":false,"template":"","format":"standard","meta":{"_coblocks_attr":"","_coblocks_dimensions":"","_coblocks_responsive_height":"","_coblocks_accordion_ie_support":"","jetpack_post_was_ever_published":false,"_jetpack_newsletter_access":"","_jetpack_dont_email_post_to_subs":false,"_jetpack_newsletter_tier_id":0,"_jetpack_memberships_contains_paywalled_content":false,"_jetpack_memberships_contains_paid_content":false,"footnotes":"","jetpack_publicize_message":"","jetpack_publicize_feature_enabled":true,"jetpack_social_post_already_shared":false,"jetpack_social_options":{"image_generator_settings":{"template":"highway","default_image_id":0,"enabled":false},"version":2}},"categories":[2,1225,38],"tags":[10541,10540],"class_list":["post-62584","post","type-post","status-publish","format-standard","has-post-thumbnail","hentry","category-atarfe","category-ha-de-atarfe","category-opinion-de-jose-enrique-granados","tag-carretera-de-alcala-la-real","tag-huelga-del-pan"],"jetpack_publicize_connections":[],"jetpack_featured_media_url":"https:\/\/i0.wp.com\/miradordeatarfe.es\/wp-content\/uploads\/2023\/06\/ARQUEOLOGIA.jpg?fit=834%2C540&ssl=1","jetpack_likes_enabled":true,"jetpack_sharing_enabled":true,"_links":{"self":[{"href":"https:\/\/miradordeatarfe.es\/index.php?rest_route=\/wp\/v2\/posts\/62584","targetHints":{"allow":["GET"]}}],"collection":[{"href":"https:\/\/miradordeatarfe.es\/index.php?rest_route=\/wp\/v2\/posts"}],"about":[{"href":"https:\/\/miradordeatarfe.es\/index.php?rest_route=\/wp\/v2\/types\/post"}],"author":[{"embeddable":true,"href":"https:\/\/miradordeatarfe.es\/index.php?rest_route=\/wp\/v2\/users\/1"}],"replies":[{"embeddable":true,"href":"https:\/\/miradordeatarfe.es\/index.php?rest_route=%2Fwp%2Fv2%2Fcomments&post=62584"}],"version-history":[{"count":1,"href":"https:\/\/miradordeatarfe.es\/index.php?rest_route=\/wp\/v2\/posts\/62584\/revisions"}],"predecessor-version":[{"id":62586,"href":"https:\/\/miradordeatarfe.es\/index.php?rest_route=\/wp\/v2\/posts\/62584\/revisions\/62586"}],"wp:featuredmedia":[{"embeddable":true,"href":"https:\/\/miradordeatarfe.es\/index.php?rest_route=\/wp\/v2\/media\/62585"}],"wp:attachment":[{"href":"https:\/\/miradordeatarfe.es\/index.php?rest_route=%2Fwp%2Fv2%2Fmedia&parent=62584"}],"wp:term":[{"taxonomy":"category","embeddable":true,"href":"https:\/\/miradordeatarfe.es\/index.php?rest_route=%2Fwp%2Fv2%2Fcategories&post=62584"},{"taxonomy":"post_tag","embeddable":true,"href":"https:\/\/miradordeatarfe.es\/index.php?rest_route=%2Fwp%2Fv2%2Ftags&post=62584"}],"curies":[{"name":"wp","href":"https:\/\/api.w.org\/{rel}","templated":true}]}}