{"id":62587,"date":"2023-06-30T11:07:13","date_gmt":"2023-06-30T09:07:13","guid":{"rendered":"https:\/\/miradordeatarfe.es\/?p=62587"},"modified":"2023-06-29T10:15:22","modified_gmt":"2023-06-29T08:15:22","slug":"atarfe-taller-fomento-a-la-lectura-agua-vega-y-federico","status":"publish","type":"post","link":"https:\/\/miradordeatarfe.es\/?p=62587","title":{"rendered":"ATARFE: Taller  Fomento a la lectura.  Agua, Vega y Federico."},"content":{"rendered":"<h3 style=\"text-align: justify;\">El pasado 5 junio conclu\u00eda el taller \u201cAgua Vega y Federico\u201d que desde la biblioteca Mariana Pineda de Atarfe se ha realizado a lo largo del curso 2022\/2023.<\/h3>\n<p style=\"text-align: justify;\">Pilar Fern\u00e1ndez Almenara, nuestra bibliotecaria, est\u00e1 empe\u00f1ada en hacer vivas las bibliotecas y para ello planifica diversos programas, proyectos y actividades que fomenten la lectura. Desde hace muchos a\u00f1os realiza el proyecto de intercambio de libros de la biblioteca con el alumnado de los distintos centros educativos \u00a0de infantil y primaria de nuestro municipio, \u00a0este curso ha reforzado dicho proyecto con el taller anteriormente citado.<\/p>\n<p style=\"text-align: justify;\"><strong>Agua, Vega y Federico<\/strong> surgi\u00f3 a instancia de Amparo Castro Pinos, maestra jubilada del CEIP Atalaya, taller \u00a0perfilado por Fabiola Garc\u00eda Montijano, divulgadora cultural.<\/p>\n<p style=\"text-align: justify;\">El <strong><em>taller combina, poes\u00eda, canciones populares, juego dram\u00e1tico y dibujo<\/em><\/strong>. A trav\u00e9s de estas actividades art\u00edsticas el alumnado , recita poemas de Federico Garc\u00eda Lorca, entona canciones populares, aprende el ciclo del agua utilizando como herramienta el juego dram\u00e1tico y \u00a0por \u00faltimo dibuja y colorea motivos relacionados con la tem\u00e1tica del taller, pudiendo comprobar que la \u201cBiblioteca\u201d es mucho m\u00e1s que un almac\u00e9n de libros colocados en estanter\u00edas.<\/p>\n<p style=\"text-align: justify;\">Agua, Vega y Federico pretende concienciar y trasladar la idea de que <em><strong>el agua es un bien escaso<\/strong><\/em> que hay que saber consumir con cabeza a la vez que no contaminarla.<\/p>\n<p style=\"text-align: justify;\">Agua, Vega y Federico muestra la <strong><em>riqueza patrimonial y singular de Granada<\/em><\/strong> y por tanto tambi\u00e9n de nuestro municipio, la Vega de Granada. Riqueza natural que se est\u00e1 perdiendo a pasos agigantados y cuya defensa musitamos en un rap compuesto por Fabiola.<\/p>\n<p style=\"text-align: justify;\">Agua, Vega y Federico invita a <strong><em>conocer la obra de Federico Garc\u00eda Lorca,<\/em><\/strong> especialmente la relacionada con la tem\u00e1tica del taller, recitando sus poemas y cantando las canciones tradicionales que el propio Federico rescat\u00f3 y musicaliz\u00f3 del cancionero popular.<\/p>\n<p style=\"text-align: justify;\">\u00a0Agua, Vega y Federico es sin duda<strong><em> una experiencia<\/em><\/strong> que no importa repetir.<\/p>\n<p style=\"text-align: justify;\"><strong>FabiolaGMontijano<\/strong><\/p>\n<p style=\"text-align: justify;\">Dinamizaci\u00f3n, Divulgaci\u00f3n , Gesti\u00f3n Cultural.<\/p>\n<p><a href=\"https:\/\/i0.wp.com\/miradordeatarfe.es\/wp-content\/uploads\/2023\/06\/Imagen-biblioteca-Manolo-C1.jpg?ssl=1\"><img data-recalc-dims=\"1\" loading=\"lazy\" decoding=\"async\" class=\"wp-image-62594 size-full aligncenter\" src=\"https:\/\/i0.wp.com\/miradordeatarfe.es\/wp-content\/uploads\/2023\/06\/Imagen-biblioteca-Manolo-C1.jpg?resize=640%2C480&#038;ssl=1\" alt=\"\" width=\"640\" height=\"480\" srcset=\"https:\/\/i0.wp.com\/miradordeatarfe.es\/wp-content\/uploads\/2023\/06\/Imagen-biblioteca-Manolo-C1.jpg?w=1024&amp;ssl=1 1024w, https:\/\/i0.wp.com\/miradordeatarfe.es\/wp-content\/uploads\/2023\/06\/Imagen-biblioteca-Manolo-C1.jpg?resize=300%2C225&amp;ssl=1 300w, https:\/\/i0.wp.com\/miradordeatarfe.es\/wp-content\/uploads\/2023\/06\/Imagen-biblioteca-Manolo-C1.jpg?resize=768%2C576&amp;ssl=1 768w\" sizes=\"auto, (max-width: 640px) 100vw, 640px\" \/><\/a><\/p>\n<div class=\"tiled-gallery type-rectangular tiled-gallery-unresized\" data-original-width=\"640\" data-carousel-extra='null' itemscope itemtype=\"http:\/\/schema.org\/ImageGallery\" > <div class=\"gallery-row\" style=\"width: 640px; height: 556px;\" data-original-width=\"640\" data-original-height=\"556\" > <div class=\"gallery-group images-3\" style=\"width: 222px; height: 556px;\" data-original-width=\"222\" data-original-height=\"556\" > <div class=\"tiled-gallery-item tiled-gallery-item-small\" itemprop=\"associatedMedia\" itemscope itemtype=\"http:\/\/schema.org\/ImageObject\"> <a href=\"https:\/\/miradordeatarfe.es\/?attachment_id=62589\" border=\"0\" itemprop=\"url\"> <meta itemprop=\"width\" content=\"218\"> <meta itemprop=\"height\" content=\"163\"> <img decoding=\"async\" class=\"\" data-attachment-id=\"62589\" data-orig-file=\"https:\/\/miradordeatarfe.es\/wp-content\/uploads\/2023\/06\/Biblioteca-Manolo-C4.jpg\" data-orig-size=\"1024,768\" data-comments-opened=\"\" data-image-meta=\"{&quot;aperture&quot;:&quot;0&quot;,&quot;credit&quot;:&quot;&quot;,&quot;camera&quot;:&quot;&quot;,&quot;caption&quot;:&quot;&quot;,&quot;created_timestamp&quot;:&quot;0&quot;,&quot;copyright&quot;:&quot;&quot;,&quot;focal_length&quot;:&quot;0&quot;,&quot;iso&quot;:&quot;0&quot;,&quot;shutter_speed&quot;:&quot;0&quot;,&quot;title&quot;:&quot;&quot;,&quot;orientation&quot;:&quot;0&quot;}\" data-image-title=\"Biblioteca Manolo C4\" data-image-description=\"\" data-medium-file=\"https:\/\/i0.wp.com\/miradordeatarfe.es\/wp-content\/uploads\/2023\/06\/Biblioteca-Manolo-C4.jpg?fit=300%2C225&#038;ssl=1\" data-large-file=\"https:\/\/i0.wp.com\/miradordeatarfe.es\/wp-content\/uploads\/2023\/06\/Biblioteca-Manolo-C4.jpg?fit=640%2C480&#038;ssl=1\" src=\"https:\/\/i0.wp.com\/miradordeatarfe.es\/wp-content\/uploads\/2023\/06\/Biblioteca-Manolo-C4.jpg?w=218&#038;h=163&#038;ssl=1\" srcset=\"https:\/\/i0.wp.com\/miradordeatarfe.es\/wp-content\/uploads\/2023\/06\/Biblioteca-Manolo-C4.jpg?w=1024&amp;ssl=1 1024w, https:\/\/i0.wp.com\/miradordeatarfe.es\/wp-content\/uploads\/2023\/06\/Biblioteca-Manolo-C4.jpg?resize=300%2C225&amp;ssl=1 300w, https:\/\/i0.wp.com\/miradordeatarfe.es\/wp-content\/uploads\/2023\/06\/Biblioteca-Manolo-C4.jpg?resize=768%2C576&amp;ssl=1 768w\" width=\"218\" height=\"163\" loading=\"lazy\" data-original-width=\"218\" data-original-height=\"163\" itemprop=\"http:\/\/schema.org\/image\" title=\"Biblioteca Manolo C4\" alt=\"Biblioteca Manolo C4\" style=\"width: 218px; height: 163px;\" \/> <\/a> <\/div> <div class=\"tiled-gallery-item tiled-gallery-item-small\" itemprop=\"associatedMedia\" itemscope itemtype=\"http:\/\/schema.org\/ImageObject\"> <a href=\"https:\/\/miradordeatarfe.es\/?attachment_id=62590\" border=\"0\" itemprop=\"url\"> <meta itemprop=\"width\" content=\"218\"> <meta itemprop=\"height\" content=\"163\"> <img decoding=\"async\" class=\"\" data-attachment-id=\"62590\" data-orig-file=\"https:\/\/miradordeatarfe.es\/wp-content\/uploads\/2023\/06\/Biblioteca-Manolo-C5.jpg\" data-orig-size=\"1024,768\" data-comments-opened=\"\" data-image-meta=\"{&quot;aperture&quot;:&quot;0&quot;,&quot;credit&quot;:&quot;&quot;,&quot;camera&quot;:&quot;&quot;,&quot;caption&quot;:&quot;&quot;,&quot;created_timestamp&quot;:&quot;0&quot;,&quot;copyright&quot;:&quot;&quot;,&quot;focal_length&quot;:&quot;0&quot;,&quot;iso&quot;:&quot;0&quot;,&quot;shutter_speed&quot;:&quot;0&quot;,&quot;title&quot;:&quot;&quot;,&quot;orientation&quot;:&quot;0&quot;}\" data-image-title=\"Biblioteca Manolo C5\" data-image-description=\"\" data-medium-file=\"https:\/\/i0.wp.com\/miradordeatarfe.es\/wp-content\/uploads\/2023\/06\/Biblioteca-Manolo-C5.jpg?fit=300%2C225&#038;ssl=1\" data-large-file=\"https:\/\/i0.wp.com\/miradordeatarfe.es\/wp-content\/uploads\/2023\/06\/Biblioteca-Manolo-C5.jpg?fit=640%2C480&#038;ssl=1\" src=\"https:\/\/i0.wp.com\/miradordeatarfe.es\/wp-content\/uploads\/2023\/06\/Biblioteca-Manolo-C5.jpg?w=218&#038;h=163&#038;ssl=1\" srcset=\"https:\/\/i0.wp.com\/miradordeatarfe.es\/wp-content\/uploads\/2023\/06\/Biblioteca-Manolo-C5.jpg?w=1024&amp;ssl=1 1024w, https:\/\/i0.wp.com\/miradordeatarfe.es\/wp-content\/uploads\/2023\/06\/Biblioteca-Manolo-C5.jpg?resize=300%2C225&amp;ssl=1 300w, https:\/\/i0.wp.com\/miradordeatarfe.es\/wp-content\/uploads\/2023\/06\/Biblioteca-Manolo-C5.jpg?resize=768%2C576&amp;ssl=1 768w\" width=\"218\" height=\"163\" loading=\"lazy\" data-original-width=\"218\" data-original-height=\"163\" itemprop=\"http:\/\/schema.org\/image\" title=\"Biblioteca Manolo C5\" alt=\"Biblioteca Manolo C5\" style=\"width: 218px; height: 163px;\" \/> <\/a> <\/div> <div class=\"tiled-gallery-item tiled-gallery-item-small\" itemprop=\"associatedMedia\" itemscope itemtype=\"http:\/\/schema.org\/ImageObject\"> <a href=\"https:\/\/miradordeatarfe.es\/?attachment_id=62592\" border=\"0\" itemprop=\"url\"> <meta itemprop=\"width\" content=\"218\"> <meta itemprop=\"height\" content=\"218\"> <img decoding=\"async\" class=\"\" data-attachment-id=\"62592\" data-orig-file=\"https:\/\/miradordeatarfe.es\/wp-content\/uploads\/2023\/06\/Biblioteca-Manolo-C8.jpg\" data-orig-size=\"1024,1024\" data-comments-opened=\"\" data-image-meta=\"{&quot;aperture&quot;:&quot;0&quot;,&quot;credit&quot;:&quot;&quot;,&quot;camera&quot;:&quot;&quot;,&quot;caption&quot;:&quot;&quot;,&quot;created_timestamp&quot;:&quot;0&quot;,&quot;copyright&quot;:&quot;&quot;,&quot;focal_length&quot;:&quot;0&quot;,&quot;iso&quot;:&quot;0&quot;,&quot;shutter_speed&quot;:&quot;0&quot;,&quot;title&quot;:&quot;&quot;,&quot;orientation&quot;:&quot;0&quot;}\" data-image-title=\"Biblioteca Manolo C8\" data-image-description=\"\" data-medium-file=\"https:\/\/i0.wp.com\/miradordeatarfe.es\/wp-content\/uploads\/2023\/06\/Biblioteca-Manolo-C8.jpg?fit=300%2C300&#038;ssl=1\" data-large-file=\"https:\/\/i0.wp.com\/miradordeatarfe.es\/wp-content\/uploads\/2023\/06\/Biblioteca-Manolo-C8.jpg?fit=640%2C640&#038;ssl=1\" src=\"https:\/\/i0.wp.com\/miradordeatarfe.es\/wp-content\/uploads\/2023\/06\/Biblioteca-Manolo-C8.jpg?w=218&#038;h=218&#038;crop=1&#038;ssl=1\" srcset=\"https:\/\/i0.wp.com\/miradordeatarfe.es\/wp-content\/uploads\/2023\/06\/Biblioteca-Manolo-C8.jpg?w=1024&amp;ssl=1 1024w, https:\/\/i0.wp.com\/miradordeatarfe.es\/wp-content\/uploads\/2023\/06\/Biblioteca-Manolo-C8.jpg?resize=300%2C300&amp;ssl=1 300w, https:\/\/i0.wp.com\/miradordeatarfe.es\/wp-content\/uploads\/2023\/06\/Biblioteca-Manolo-C8.jpg?resize=150%2C150&amp;ssl=1 150w, https:\/\/i0.wp.com\/miradordeatarfe.es\/wp-content\/uploads\/2023\/06\/Biblioteca-Manolo-C8.jpg?resize=768%2C768&amp;ssl=1 768w\" width=\"218\" height=\"218\" loading=\"lazy\" data-original-width=\"218\" data-original-height=\"218\" itemprop=\"http:\/\/schema.org\/image\" title=\"Biblioteca Manolo C8\" alt=\"Biblioteca Manolo C8\" style=\"width: 218px; height: 218px;\" \/> <\/a> <\/div> <\/div> <!-- close group --> <div class=\"gallery-group images-1\" style=\"width: 418px; height: 556px;\" data-original-width=\"418\" data-original-height=\"556\" > <div class=\"tiled-gallery-item tiled-gallery-item-large\" itemprop=\"associatedMedia\" itemscope itemtype=\"http:\/\/schema.org\/ImageObject\"> <a href=\"https:\/\/miradordeatarfe.es\/?attachment_id=62593\" border=\"0\" itemprop=\"url\"> <meta itemprop=\"width\" content=\"414\"> <meta itemprop=\"height\" content=\"552\"> <img decoding=\"async\" class=\"\" data-attachment-id=\"62593\" data-orig-file=\"https:\/\/miradordeatarfe.es\/wp-content\/uploads\/2023\/06\/Biblioteca-ManoloC3.jpg\" data-orig-size=\"768,1024\" data-comments-opened=\"\" data-image-meta=\"{&quot;aperture&quot;:&quot;0&quot;,&quot;credit&quot;:&quot;&quot;,&quot;camera&quot;:&quot;&quot;,&quot;caption&quot;:&quot;&quot;,&quot;created_timestamp&quot;:&quot;0&quot;,&quot;copyright&quot;:&quot;&quot;,&quot;focal_length&quot;:&quot;0&quot;,&quot;iso&quot;:&quot;0&quot;,&quot;shutter_speed&quot;:&quot;0&quot;,&quot;title&quot;:&quot;&quot;,&quot;orientation&quot;:&quot;0&quot;}\" data-image-title=\"Biblioteca ManoloC3\" data-image-description=\"\" data-medium-file=\"https:\/\/i0.wp.com\/miradordeatarfe.es\/wp-content\/uploads\/2023\/06\/Biblioteca-ManoloC3.jpg?fit=225%2C300&#038;ssl=1\" data-large-file=\"https:\/\/i0.wp.com\/miradordeatarfe.es\/wp-content\/uploads\/2023\/06\/Biblioteca-ManoloC3.jpg?fit=640%2C853&#038;ssl=1\" src=\"https:\/\/i0.wp.com\/miradordeatarfe.es\/wp-content\/uploads\/2023\/06\/Biblioteca-ManoloC3.jpg?w=414&#038;h=552&#038;ssl=1\" srcset=\"https:\/\/i0.wp.com\/miradordeatarfe.es\/wp-content\/uploads\/2023\/06\/Biblioteca-ManoloC3.jpg?w=768&amp;ssl=1 768w, https:\/\/i0.wp.com\/miradordeatarfe.es\/wp-content\/uploads\/2023\/06\/Biblioteca-ManoloC3.jpg?resize=225%2C300&amp;ssl=1 225w\" width=\"414\" height=\"552\" loading=\"lazy\" data-original-width=\"414\" data-original-height=\"552\" itemprop=\"http:\/\/schema.org\/image\" title=\"Biblioteca ManoloC3\" alt=\"Biblioteca ManoloC3\" style=\"width: 414px; height: 552px;\" \/> <\/a> <\/div> <\/div> <!-- close group --> <\/div> <!-- close row --> <\/div>\n<p>&nbsp;<\/p>\n<p>&nbsp;<\/p>\n<p>&nbsp;<\/p>\n","protected":false},"excerpt":{"rendered":"<p>El pasado 5 junio conclu\u00eda el taller \u201cAgua Vega y Federico\u201d que desde la biblioteca&#8230;<\/p>\n","protected":false},"author":1,"featured_media":62588,"comment_status":"closed","ping_status":"closed","sticky":false,"template":"","format":"standard","meta":{"_coblocks_attr":"","_coblocks_dimensions":"","_coblocks_responsive_height":"","_coblocks_accordion_ie_support":"","jetpack_post_was_ever_published":false,"_jetpack_newsletter_access":"","_jetpack_dont_email_post_to_subs":false,"_jetpack_newsletter_tier_id":0,"_jetpack_memberships_contains_paywalled_content":false,"_jetpack_memberships_contains_paid_content":false,"footnotes":"","jetpack_publicize_message":"","jetpack_publicize_feature_enabled":true,"jetpack_social_post_already_shared":false,"jetpack_social_options":{"image_generator_settings":{"template":"highway","default_image_id":0,"enabled":false},"version":2}},"categories":[2,12,187,1161,44,15,10],"tags":[249,1113,6414],"class_list":["post-62587","post","type-post","status-publish","format-standard","has-post-thumbnail","hentry","category-atarfe","category-cultura","category-centros-educativos","category-ciudadania","category-noticias-de-hoy","category-ultimas-noticias","category-salud","tag-agua","tag-biblioteca","tag-centro-federico-garcia-lorca"],"jetpack_publicize_connections":[],"jetpack_featured_media_url":"https:\/\/i0.wp.com\/miradordeatarfe.es\/wp-content\/uploads\/2023\/06\/Biblioteca-Manolo-C6.jpg?fit=1024%2C768&ssl=1","jetpack_likes_enabled":true,"jetpack_sharing_enabled":true,"_links":{"self":[{"href":"https:\/\/miradordeatarfe.es\/index.php?rest_route=\/wp\/v2\/posts\/62587","targetHints":{"allow":["GET"]}}],"collection":[{"href":"https:\/\/miradordeatarfe.es\/index.php?rest_route=\/wp\/v2\/posts"}],"about":[{"href":"https:\/\/miradordeatarfe.es\/index.php?rest_route=\/wp\/v2\/types\/post"}],"author":[{"embeddable":true,"href":"https:\/\/miradordeatarfe.es\/index.php?rest_route=\/wp\/v2\/users\/1"}],"replies":[{"embeddable":true,"href":"https:\/\/miradordeatarfe.es\/index.php?rest_route=%2Fwp%2Fv2%2Fcomments&post=62587"}],"version-history":[{"count":3,"href":"https:\/\/miradordeatarfe.es\/index.php?rest_route=\/wp\/v2\/posts\/62587\/revisions"}],"predecessor-version":[{"id":62597,"href":"https:\/\/miradordeatarfe.es\/index.php?rest_route=\/wp\/v2\/posts\/62587\/revisions\/62597"}],"wp:featuredmedia":[{"embeddable":true,"href":"https:\/\/miradordeatarfe.es\/index.php?rest_route=\/wp\/v2\/media\/62588"}],"wp:attachment":[{"href":"https:\/\/miradordeatarfe.es\/index.php?rest_route=%2Fwp%2Fv2%2Fmedia&parent=62587"}],"wp:term":[{"taxonomy":"category","embeddable":true,"href":"https:\/\/miradordeatarfe.es\/index.php?rest_route=%2Fwp%2Fv2%2Fcategories&post=62587"},{"taxonomy":"post_tag","embeddable":true,"href":"https:\/\/miradordeatarfe.es\/index.php?rest_route=%2Fwp%2Fv2%2Ftags&post=62587"}],"curies":[{"name":"wp","href":"https:\/\/api.w.org\/{rel}","templated":true}]}}