{"id":62604,"date":"2023-07-03T10:16:33","date_gmt":"2023-07-03T08:16:33","guid":{"rendered":"https:\/\/miradordeatarfe.es\/?p=62604"},"modified":"2023-06-30T14:24:17","modified_gmt":"2023-06-30T12:24:17","slug":"parque-nacional-sierra-las-nieves","status":"publish","type":"post","link":"https:\/\/miradordeatarfe.es\/?p=62604","title":{"rendered":"Parque Nacional Sierra las Nieves"},"content":{"rendered":"<section class=\"elementor-section elementor-top-section elementor-element elementor-element-82cc75d elementor-section-boxed elementor-section-height-default elementor-section-height-default\" data-id=\"82cc75d\" data-element_type=\"section\">\n<div class=\"elementor-container elementor-column-gap-default\">\n<div class=\"elementor-row\">\n<div class=\"elementor-column elementor-col-100 elementor-top-column elementor-element elementor-element-4846f11c\" data-id=\"4846f11c\" data-element_type=\"column\">\n<div class=\"elementor-column-wrap elementor-element-populated\">\n<div class=\"elementor-widget-wrap\">\n<div class=\"elementor-element elementor-element-304712c8 elementor-widget elementor-widget-text-editor\" data-id=\"304712c8\" data-element_type=\"widget\" data-widget_type=\"text-editor.default\">\n<div class=\"elementor-widget-container\">\n<div class=\"elementor-text-editor elementor-clearfix\">\n<h3>Este espacio natural protegido est\u00e1 situado en la provincia de M\u00e1laga en el extremo suroccidental de la Cordillera B\u00e9tica. Est\u00e1 conformado por los macizos monta\u00f1osos de Sierra de las Nieves, Sierra Blanquilla, Sierra Parda de Tolox, Sierra de las Apretaderas y Sierra Real, constituyendo la porci\u00f3n m\u00e1s elevada de Andaluc\u00eda occidental.\u00a0<\/h3>\n<p>En la Sierra de las Nieves confluyen numerosas figuras de protecci\u00f3n de \u00edndole auton\u00f3mica, estatal, europea e internacional. Esta situaci\u00f3n deriva de la voluntad existente tanto a nivel institucional como social, de garantizar la conservaci\u00f3n del extraordinario patrimonio natural, cultural y etnogr\u00e1fico de este territorio, fruto de los aprovechamientos y actividades desarrolladas por los habitantes de los pueblos que la conforman.\u00a0<\/p>\n<p>La estrat\u00e9gica situaci\u00f3n geogr\u00e1fica, la climatolog\u00eda, variabilidad geol\u00f3gica, el abrupto relieve y su gran rango altitudinal, (que va desde los 140 metros, en r\u00edo Verde, hasta los 1.919 metros del pico Torrecilla), hace que el Parque Nacional de la Sierra de las Nieves posea una amplia variedad de h\u00e1bitats que albergan una gran diversidad biol\u00f3gica tanto flor\u00edstica como faun\u00edstica.<\/p>\n<\/div>\n<\/div>\n<\/div>\n<\/div>\n<\/div>\n<\/div>\n<\/div>\n<\/div>\n<\/section>\n<section class=\"elementor-section elementor-top-section elementor-element elementor-element-5d78ed1 elementor-section-boxed elementor-section-height-default elementor-section-height-default\" data-id=\"5d78ed1\" data-element_type=\"section\">\n<div class=\"elementor-container elementor-column-gap-default\">\n<div class=\"elementor-row\">\n<div class=\"elementor-column elementor-col-100 elementor-top-column elementor-element elementor-element-c457368\" data-id=\"c457368\" data-element_type=\"column\">\n<div class=\"elementor-column-wrap elementor-element-populated\">\n<div class=\"elementor-widget-wrap\">\n<div class=\"elementor-element elementor-element-6960484 elementor-widget elementor-widget-heading\" data-id=\"6960484\" data-element_type=\"widget\" data-widget_type=\"heading.default\">\n<div class=\"elementor-widget-container\">\n<h2 class=\"elementor-heading-title elementor-size-default\">\u2018El \u00faltimo de la Lista\u2019<\/h2>\n<\/div>\n<\/div>\n<\/div>\n<\/div>\n<\/div>\n<\/div>\n<\/div>\n<\/section>\n<section class=\"elementor-section elementor-top-section elementor-element elementor-element-646f54a elementor-section-boxed elementor-section-height-default elementor-section-height-default\" data-id=\"646f54a\" data-element_type=\"section\">\n<div class=\"elementor-container elementor-column-gap-default\">\n<div class=\"elementor-row\">\n<div class=\"elementor-column elementor-col-100 elementor-top-column elementor-element elementor-element-6939f74\" data-id=\"6939f74\" data-element_type=\"column\">\n<div class=\"elementor-column-wrap elementor-element-populated\">\n<div class=\"elementor-widget-wrap\">\n<div class=\"elementor-element elementor-element-258ff78 elementor-widget elementor-widget-text-editor\" data-id=\"258ff78\" data-element_type=\"widget\" data-widget_type=\"text-editor.default\">\n<div class=\"elementor-widget-container\">\n<div class=\"elementor-text-editor elementor-clearfix\">\n<p>Andaluc\u00eda cuenta con tres Parques Nacionales desde la declaraci\u00f3n en julio del 2021 del Parque Nacional de la Sierra de las Nieves, que se suma al de Do\u00f1ana (1969) y al de Sierra Nevada (1999). El \u00faltimo en incorporarse a la Red de Parques Nacionales Espa\u00f1oles aporta las formaciones m\u00e1s extensas y mejor conservadas de pinsapares de la pen\u00ednsula as\u00ed como una representaci\u00f3n de otras formaciones vegetales de gran inter\u00e9s, tales como pinares de pino negral, quejigal de alta monta\u00f1a, alcornocales y otros matorrales singulares. En el contexto geol\u00f3gico destaca la incorporaci\u00f3n a esta \u2018Champions League de espacios naturales protegidos\u2019, de las \u00fanicas rocas del manto superior que afloran en las cordilleras alpinas, las peridotitas, y uno de los mejores ejemplos espa\u00f1oles de karst mediterr\u00e1neo en transici\u00f3n con la alta monta\u00f1a.<\/p>\n<\/div>\n<\/div>\n<\/div>\n<\/div>\n<\/div>\n<\/div>\n<\/div>\n<\/div>\n<\/section>\n<section class=\"elementor-section elementor-top-section elementor-element elementor-element-f734993 elementor-section-boxed elementor-section-height-default elementor-section-height-default\" data-id=\"f734993\" data-element_type=\"section\">\n<div class=\"elementor-container elementor-column-gap-default\">\n<div class=\"elementor-row\">\n<div class=\"elementor-column elementor-col-100 elementor-top-column elementor-element elementor-element-7e10243\" data-id=\"7e10243\" data-element_type=\"column\">\n<div class=\"elementor-column-wrap elementor-element-populated\">\n<div class=\"elementor-widget-wrap\">\n<div class=\"elementor-element elementor-element-5e261cc elementor-widget elementor-widget-image\" data-id=\"5e261cc\" data-element_type=\"widget\" data-widget_type=\"image.default\">\n<div class=\"elementor-widget-container\">\n<div class=\"elementor-image\">\n<figure class=\"wp-caption\"><img loading=\"lazy\" decoding=\"async\" class=\"attachment-large size-large wp-image-14356\" src=\"https:\/\/i0.wp.com\/ws168.juntadeandalucia.es\/iaap\/revista\/wp-content\/uploads\/sites\/8\/2023\/06\/Pinsapar-de-Yunquera_Jose-B.-Lopez-Quintanilla.jpg?fit=1024%2C768&amp;ssl=1\" sizes=\"auto, (max-width: 1024px) 100vw, 1024px\" srcset=\"https:\/\/i0.wp.com\/ws168.juntadeandalucia.es\/iaap\/revista\/wp-content\/uploads\/sites\/8\/2023\/06\/Pinsapar-de-Yunquera_Jose-B.-Lopez-Quintanilla.jpg?w=2560&amp;ssl=1 2560w, https:\/\/i0.wp.com\/ws168.juntadeandalucia.es\/iaap\/revista\/wp-content\/uploads\/sites\/8\/2023\/06\/Pinsapar-de-Yunquera_Jose-B.-Lopez-Quintanilla.jpg?resize=300%2C225&amp;ssl=1 300w, https:\/\/i0.wp.com\/ws168.juntadeandalucia.es\/iaap\/revista\/wp-content\/uploads\/sites\/8\/2023\/06\/Pinsapar-de-Yunquera_Jose-B.-Lopez-Quintanilla.jpg?resize=1024%2C768&amp;ssl=1 1024w, https:\/\/i0.wp.com\/ws168.juntadeandalucia.es\/iaap\/revista\/wp-content\/uploads\/sites\/8\/2023\/06\/Pinsapar-de-Yunquera_Jose-B.-Lopez-Quintanilla.jpg?resize=768%2C576&amp;ssl=1 768w, https:\/\/i0.wp.com\/ws168.juntadeandalucia.es\/iaap\/revista\/wp-content\/uploads\/sites\/8\/2023\/06\/Pinsapar-de-Yunquera_Jose-B.-Lopez-Quintanilla.jpg?resize=1536%2C1152&amp;ssl=1 1536w, https:\/\/i0.wp.com\/ws168.juntadeandalucia.es\/iaap\/revista\/wp-content\/uploads\/sites\/8\/2023\/06\/Pinsapar-de-Yunquera_Jose-B.-Lopez-Quintanilla.jpg?resize=2048%2C1536&amp;ssl=1 2048w, https:\/\/i0.wp.com\/ws168.juntadeandalucia.es\/iaap\/revista\/wp-content\/uploads\/sites\/8\/2023\/06\/Pinsapar-de-Yunquera_Jose-B.-Lopez-Quintanilla.jpg?resize=465%2C349&amp;ssl=1 465w, https:\/\/i0.wp.com\/ws168.juntadeandalucia.es\/iaap\/revista\/wp-content\/uploads\/sites\/8\/2023\/06\/Pinsapar-de-Yunquera_Jose-B.-Lopez-Quintanilla.jpg?resize=667%2C500&amp;ssl=1 667w, https:\/\/i0.wp.com\/ws168.juntadeandalucia.es\/iaap\/revista\/wp-content\/uploads\/sites\/8\/2023\/06\/Pinsapar-de-Yunquera_Jose-B.-Lopez-Quintanilla.jpg?resize=1320%2C990&amp;ssl=1 1320w\" alt=\"\" width=\"1024\" height=\"768\" data-attachment-id=\"14356\" data-permalink=\"https:\/\/ws168.juntadeandalucia.es\/iaap\/revista\/2023\/06\/07\/parque-nacional-sierra-las-nieves\/pinsapar-de-yunquera_jose-b-lopez-quintanilla\/\" data-orig-file=\"https:\/\/i0.wp.com\/ws168.juntadeandalucia.es\/iaap\/revista\/wp-content\/uploads\/sites\/8\/2023\/06\/Pinsapar-de-Yunquera_Jose-B.-Lopez-Quintanilla.jpg?fit=2560%2C1920&amp;ssl=1\" data-orig-size=\"2560,1920\" data-comments-opened=\"0\" data-image-meta=\"{&quot;aperture&quot;:&quot;8&quot;,&quot;credit&quot;:&quot;&quot;,&quot;camera&quot;:&quot;E5700&quot;,&quot;caption&quot;:&quot;&quot;,&quot;created_timestamp&quot;:&quot;1109768037&quot;,&quot;copyright&quot;:&quot;&quot;,&quot;focal_length&quot;:&quot;8.9&quot;,&quot;iso&quot;:&quot;100&quot;,&quot;shutter_speed&quot;:&quot;0.002050020500205&quot;,&quot;title&quot;:&quot;&quot;,&quot;orientation&quot;:&quot;1&quot;}\" data-image-title=\"Pinsapar de Yunquera_Jos\u00e9 B. L\u00f3pez Quintanilla\" data-image-description=\"\" data-image-caption=\"&lt;p&gt;Pinsapar de Yunquera. Autor Jos\u00e9 Lopez Quintanilla &lt;\/p&gt;\n\" data-medium-file=\"https:\/\/i0.wp.com\/ws168.juntadeandalucia.es\/iaap\/revista\/wp-content\/uploads\/sites\/8\/2023\/06\/Pinsapar-de-Yunquera_Jose-B.-Lopez-Quintanilla.jpg?fit=300%2C225&amp;ssl=1\" data-large-file=\"https:\/\/i0.wp.com\/ws168.juntadeandalucia.es\/iaap\/revista\/wp-content\/uploads\/sites\/8\/2023\/06\/Pinsapar-de-Yunquera_Jose-B.-Lopez-Quintanilla.jpg?fit=1024%2C768&amp;ssl=1\" \/><figcaption class=\"widget-image-caption wp-caption-text\">Pinsapar de Yunquera. Autor Jos\u00e9 Lopez Quintanilla<\/figcaption><\/figure>\n<\/div>\n<\/div>\n<\/div>\n<\/div>\n<\/div>\n<\/div>\n<\/div>\n<\/div>\n<\/section>\n<section class=\"elementor-section elementor-top-section elementor-element elementor-element-a5e976a elementor-section-boxed elementor-section-height-default elementor-section-height-default\" data-id=\"a5e976a\" data-element_type=\"section\">\n<div class=\"elementor-container elementor-column-gap-default\">\n<div class=\"elementor-row\">\n<div class=\"elementor-column elementor-col-100 elementor-top-column elementor-element elementor-element-cfd1ed6\" data-id=\"cfd1ed6\" data-element_type=\"column\">\n<div class=\"elementor-column-wrap elementor-element-populated\">\n<div class=\"elementor-widget-wrap\">\n<div class=\"elementor-element elementor-element-7924c3f elementor-widget elementor-widget-heading\" data-id=\"7924c3f\" data-element_type=\"widget\" data-widget_type=\"heading.default\">\n<div class=\"elementor-widget-container\">\n<h2 class=\"elementor-heading-title elementor-size-default\">El pinsapo, protagonista estelar<\/h2>\n<\/div>\n<\/div>\n<\/div>\n<\/div>\n<\/div>\n<\/div>\n<\/div>\n<\/section>\n<section class=\"elementor-section elementor-top-section elementor-element elementor-element-1194e8d elementor-section-boxed elementor-section-height-default elementor-section-height-default\" data-id=\"1194e8d\" data-element_type=\"section\">\n<div class=\"elementor-container elementor-column-gap-default\">\n<div class=\"elementor-row\">\n<div class=\"elementor-column elementor-col-100 elementor-top-column elementor-element elementor-element-99d7cc2\" data-id=\"99d7cc2\" data-element_type=\"column\">\n<div class=\"elementor-column-wrap elementor-element-populated\">\n<div class=\"elementor-widget-wrap\">\n<div class=\"elementor-element elementor-element-102721a elementor-widget elementor-widget-text-editor\" data-id=\"102721a\" data-element_type=\"widget\" data-widget_type=\"text-editor.default\">\n<div class=\"elementor-widget-container\">\n<div class=\"elementor-text-editor elementor-clearfix\">\n<p>Los pinsapares de la Sierra de las Nieves junto a los de la Sierras de Grazalema, Bermeja, Blanca y Sierra Real constituyen, las \u00fanicas poblaciones mundiales de esta especie de abeto, el \u00fanico que se desarrolla en un \u00e1mbito estrictamente mediterr\u00e1neo dentro de la Pen\u00ednsula, muy emparentado con los existentes en el norte de Marruecos. En el Parque Nacional se encuentran casi las \u00be partes de estas masas de pinsapar.<\/p>\n<p>Los pinsapares constituyen una de las formaciones vegetales m\u00e1s singulares de la Pen\u00ednsula Ib\u00e9rica debido a la importancia ecol\u00f3gica de su especie dominante (<i>Abies pinsapo)<\/i>.\u00a0 Su distribuci\u00f3n es consecuencia de su aislamiento biogeogr\u00e1fico en zonas en las que las caracter\u00edsticas ecol\u00f3gicas son muy parecidas a las que pudieron existir en \u00e9pocas pasadas. Esto ha provocado un aislamiento gen\u00e9tico y una evoluci\u00f3n independiente de la de otros abetos circunmediterr\u00e1neos.\u00a0<\/p>\n<p>Se trata de una formaci\u00f3n forestal de car\u00e1cter relicto, constituida por un dosel arb\u00f3reo denso, frecuentemente monoespec\u00edfico y dominado por el pinsapo y que asemeja la fisonom\u00eda de un bosque boreal de con\u00edferas inmerso en una regi\u00f3n de clima mediterr\u00e1neo. Estos pinsapares ocupan zonas muy h\u00famedas, refugi\u00e1ndose en orientaciones de umbr\u00eda situadas entre los 1.000 y 1.800 metros de altitud, donde las temperaturas no son tan extremas y el efecto del estiaje se amortigua.\u00a0 Se asientan en diferentes tipos de suelo, lo que incluso le permite instalarse sobre peridotitas,\u00a0 suelos ricos en metales que resultan t\u00f3xicos para gran parte de las especies vegetales, condicionando la composici\u00f3n flor\u00edstica y las comunidades vegetales que lo acompa\u00f1an, que adquieren un alto grado de endemicidad y exclusividad.<\/p>\n<\/div>\n<\/div>\n<\/div>\n<\/div>\n<\/div>\n<\/div>\n<\/div>\n<\/div>\n<\/section>\n<section class=\"elementor-section elementor-top-section elementor-element elementor-element-df2c519 elementor-section-boxed elementor-section-height-default elementor-section-height-default\" data-id=\"df2c519\" data-element_type=\"section\">\n<div class=\"elementor-container elementor-column-gap-default\">\n<div class=\"elementor-row\">\n<div class=\"elementor-column elementor-col-100 elementor-top-column elementor-element elementor-element-e524c9d\" data-id=\"e524c9d\" data-element_type=\"column\">\n<div class=\"elementor-column-wrap elementor-element-populated\">\n<div class=\"elementor-widget-wrap\">\n<div class=\"elementor-element elementor-element-e1133ee elementor-widget elementor-widget-image\" data-id=\"e1133ee\" data-element_type=\"widget\" data-widget_type=\"image.default\">\n<div class=\"elementor-widget-container\">\n<div class=\"elementor-image\">\n<figure class=\"wp-caption\"><img loading=\"lazy\" decoding=\"async\" class=\"attachment-large size-large wp-image-14344\" src=\"https:\/\/i0.wp.com\/ws168.juntadeandalucia.es\/iaap\/revista\/wp-content\/uploads\/sites\/8\/2023\/06\/Conos-femeninos-de-pinsapo_Jose-A.-Diaz-Macias-scaled.jpg?fit=1024%2C683&amp;ssl=1\" sizes=\"auto, (max-width: 1024px) 100vw, 1024px\" srcset=\"https:\/\/i0.wp.com\/ws168.juntadeandalucia.es\/iaap\/revista\/wp-content\/uploads\/sites\/8\/2023\/06\/Conos-femeninos-de-pinsapo_Jose-A.-Diaz-Macias-scaled.jpg?w=2560&amp;ssl=1 2560w, https:\/\/i0.wp.com\/ws168.juntadeandalucia.es\/iaap\/revista\/wp-content\/uploads\/sites\/8\/2023\/06\/Conos-femeninos-de-pinsapo_Jose-A.-Diaz-Macias-scaled.jpg?resize=300%2C200&amp;ssl=1 300w, https:\/\/i0.wp.com\/ws168.juntadeandalucia.es\/iaap\/revista\/wp-content\/uploads\/sites\/8\/2023\/06\/Conos-femeninos-de-pinsapo_Jose-A.-Diaz-Macias-scaled.jpg?resize=1024%2C683&amp;ssl=1 1024w, https:\/\/i0.wp.com\/ws168.juntadeandalucia.es\/iaap\/revista\/wp-content\/uploads\/sites\/8\/2023\/06\/Conos-femeninos-de-pinsapo_Jose-A.-Diaz-Macias-scaled.jpg?resize=768%2C512&amp;ssl=1 768w, https:\/\/i0.wp.com\/ws168.juntadeandalucia.es\/iaap\/revista\/wp-content\/uploads\/sites\/8\/2023\/06\/Conos-femeninos-de-pinsapo_Jose-A.-Diaz-Macias-scaled.jpg?resize=1536%2C1024&amp;ssl=1 1536w, https:\/\/i0.wp.com\/ws168.juntadeandalucia.es\/iaap\/revista\/wp-content\/uploads\/sites\/8\/2023\/06\/Conos-femeninos-de-pinsapo_Jose-A.-Diaz-Macias-scaled.jpg?resize=2048%2C1365&amp;ssl=1 2048w, https:\/\/i0.wp.com\/ws168.juntadeandalucia.es\/iaap\/revista\/wp-content\/uploads\/sites\/8\/2023\/06\/Conos-femeninos-de-pinsapo_Jose-A.-Diaz-Macias-scaled.jpg?resize=465%2C310&amp;ssl=1 465w, https:\/\/i0.wp.com\/ws168.juntadeandalucia.es\/iaap\/revista\/wp-content\/uploads\/sites\/8\/2023\/06\/Conos-femeninos-de-pinsapo_Jose-A.-Diaz-Macias-scaled.jpg?resize=695%2C463&amp;ssl=1 695w, https:\/\/i0.wp.com\/ws168.juntadeandalucia.es\/iaap\/revista\/wp-content\/uploads\/sites\/8\/2023\/06\/Conos-femeninos-de-pinsapo_Jose-A.-Diaz-Macias-scaled.jpg?resize=1320%2C880&amp;ssl=1 1320w, https:\/\/i0.wp.com\/ws168.juntadeandalucia.es\/iaap\/revista\/wp-content\/uploads\/sites\/8\/2023\/06\/Conos-femeninos-de-pinsapo_Jose-A.-Diaz-Macias-scaled.jpg?resize=272%2C182&amp;ssl=1 272w\" alt=\"\" width=\"1024\" height=\"683\" data-attachment-id=\"14344\" data-permalink=\"https:\/\/ws168.juntadeandalucia.es\/iaap\/revista\/2023\/06\/07\/parque-nacional-sierra-las-nieves\/conos-femeninos-de-pinsapo_jose-a-diaz-macias\/\" data-orig-file=\"https:\/\/i0.wp.com\/ws168.juntadeandalucia.es\/iaap\/revista\/wp-content\/uploads\/sites\/8\/2023\/06\/Conos-femeninos-de-pinsapo_Jose-A.-Diaz-Macias-scaled.jpg?fit=2560%2C1707&amp;ssl=1\" data-orig-size=\"2560,1707\" data-comments-opened=\"0\" data-image-meta=\"{&quot;aperture&quot;:&quot;11&quot;,&quot;credit&quot;:&quot;JOSE ANTONIO DIAZ MACIAS&quot;,&quot;camera&quot;:&quot;Canon EOS 6D Mark II&quot;,&quot;caption&quot;:&quot;&quot;,&quot;created_timestamp&quot;:&quot;1528544710&quot;,&quot;copyright&quot;:&quot;&quot;,&quot;focal_length&quot;:&quot;250&quot;,&quot;iso&quot;:&quot;400&quot;,&quot;shutter_speed&quot;:&quot;0.008&quot;,&quot;title&quot;:&quot;&quot;,&quot;orientation&quot;:&quot;1&quot;}\" data-image-title=\"Conos femeninos de pinsapo_Jos\u00e9 A. Diaz Macias\" data-image-description=\"\" data-image-caption=\"&lt;p&gt;Conos femeninos de pinsapo. Autor Jos\u00e9 A. D\u00edaz Mac\u00edas&lt;\/p&gt;\n\" data-medium-file=\"https:\/\/i0.wp.com\/ws168.juntadeandalucia.es\/iaap\/revista\/wp-content\/uploads\/sites\/8\/2023\/06\/Conos-femeninos-de-pinsapo_Jose-A.-Diaz-Macias-scaled.jpg?fit=300%2C200&amp;ssl=1\" data-large-file=\"https:\/\/i0.wp.com\/ws168.juntadeandalucia.es\/iaap\/revista\/wp-content\/uploads\/sites\/8\/2023\/06\/Conos-femeninos-de-pinsapo_Jose-A.-Diaz-Macias-scaled.jpg?fit=1024%2C683&amp;ssl=1\" \/><figcaption class=\"widget-image-caption wp-caption-text\">Conos femeninos de pinsapo. Autor Jos\u00e9 A. D\u00edaz Mac\u00edas<\/figcaption><\/figure>\n<\/div>\n<\/div>\n<\/div>\n<\/div>\n<\/div>\n<\/div>\n<\/div>\n<\/div>\n<\/section>\n<section class=\"elementor-section elementor-top-section elementor-element elementor-element-d3c2a8c elementor-section-boxed elementor-section-height-default elementor-section-height-default\" data-id=\"d3c2a8c\" data-element_type=\"section\">\n<div class=\"elementor-container elementor-column-gap-default\">\n<div class=\"elementor-row\">\n<div class=\"elementor-column elementor-col-100 elementor-top-column elementor-element elementor-element-5ffdfda\" data-id=\"5ffdfda\" data-element_type=\"column\">\n<div class=\"elementor-column-wrap elementor-element-populated\">\n<div class=\"elementor-widget-wrap\">\n<div class=\"elementor-element elementor-element-ecb1c74 elementor-widget elementor-widget-text-editor\" data-id=\"ecb1c74\" data-element_type=\"widget\" data-widget_type=\"text-editor.default\">\n<div class=\"elementor-widget-container\">\n<div class=\"elementor-text-editor elementor-clearfix\">\n<h2><b>FICHA T\u00c9CNICA:<\/b><\/h2>\n<p>Fecha de declaraci\u00f3n: 3 de julio de 2021<\/p>\n<p>Provincia: M\u00e1laga<\/p>\n<p><b>Municipios afectados:<\/b> Alozaina, Benahav\u00eds, El Burgo, Casarabonela, Guaro, Igualeja, Ist\u00e1n, Monda, Oj\u00e9n, Parauta, Ronda, Serrato, Tolox y Yunquera. (Se incluyen los municipios incluidos en el Parque Nacional y en su zona perif\u00e9rica de protecci\u00f3n).\u00a0<\/p>\n<p><b>Superficie Total<\/b>: 22.976,76 ha.<\/p>\n<\/div>\n<\/div>\n<\/div>\n<\/div>\n<\/div>\n<\/div>\n<\/div>\n<\/div>\n<\/section>\n<section class=\"elementor-section elementor-top-section elementor-element elementor-element-73d6993 elementor-section-boxed elementor-section-height-default elementor-section-height-default\" data-id=\"73d6993\" data-element_type=\"section\">\n<div class=\"elementor-container elementor-column-gap-default\">\n<div class=\"elementor-row\">\n<div class=\"elementor-column elementor-col-100 elementor-top-column elementor-element elementor-element-aa18d10\" data-id=\"aa18d10\" data-element_type=\"column\">\n<div class=\"elementor-column-wrap elementor-element-populated\">\n<div class=\"elementor-widget-wrap\">\n<div class=\"elementor-element elementor-element-d8c6c85 elementor-widget elementor-widget-heading\" data-id=\"d8c6c85\" data-element_type=\"widget\" data-widget_type=\"heading.default\">\n<div class=\"elementor-widget-container\">\n<h3 class=\"elementor-heading-title elementor-size-default\">Accesos<\/h3>\n<\/div>\n<\/div>\n<div class=\"elementor-element elementor-element-05f87cb elementor-widget elementor-widget-text-editor\" data-id=\"05f87cb\" data-element_type=\"widget\" data-widget_type=\"text-editor.default\">\n<div class=\"elementor-widget-container\">\n<div class=\"elementor-text-editor elementor-clearfix\">\n<ul>\n<li><i>Por Yunquera<\/i>: A trav\u00e9s de la pista forestal que conduce a los miradores Puerto del Saucillo y Cauc\u00f3n-Luis Ceballos.<\/li>\n<li><i>Por El Burgo<\/i>: A trav\u00e9s del carril que dirige hacia las \u00e1reas recreativas La Fuensanta y Los Sauces. <i>Por Parauta<\/i>: Desde la carretera San Pedro de Alc\u00e1ntara-Ronda (A-397) se puede acceder al Parque Nacional en el km 13,6 por el carril Conejeras-Quejigales.\u00a0<\/li>\n<li><i>Por Tolox:<\/i> Por el carril que dirige hacia el Puerto de las Golondrinas.\u00a0<\/li>\n<li><i>Por Ist\u00e1n<\/i>: Por pista forestal que dirige a Monda y Tolox.\u00a0<\/li>\n<li><i>Por Monda<\/i>: Por la pista forestal que dirige a Ist\u00e1n y Tolox.\u00a0<\/li>\n<li><i>Por San Pedro de Alc\u00e1ntara<\/i>: A trav\u00e9s de la Puerta Verde Marbella-Ronda\u00a0<\/li>\n<\/ul>\n<\/div>\n<\/div>\n<\/div>\n<\/div>\n<\/div>\n<\/div>\n<\/div>\n<\/div>\n<\/section>\n<section class=\"elementor-section elementor-top-section elementor-element elementor-element-ffd1ba3 elementor-section-boxed elementor-section-height-default elementor-section-height-default\" data-id=\"ffd1ba3\" data-element_type=\"section\">\n<div class=\"elementor-container elementor-column-gap-default\">\n<div class=\"elementor-row\">\n<div class=\"elementor-column elementor-col-100 elementor-top-column elementor-element elementor-element-3aab098\" data-id=\"3aab098\" data-element_type=\"column\">\n<div class=\"elementor-column-wrap elementor-element-populated\">\n<div class=\"elementor-widget-wrap\">\n<div class=\"elementor-element elementor-element-8b195b9 elementor-widget elementor-widget-heading\" data-id=\"8b195b9\" data-element_type=\"widget\" data-widget_type=\"heading.default\">\n<div class=\"elementor-widget-container\">\n<div class=\"elementor-column elementor-col-50 elementor-top-column elementor-element elementor-element-4e5abd6e\" data-id=\"4e5abd6e\" data-element_type=\"column\">\n<div class=\"elementor-column-wrap elementor-element-populated\">\n<div class=\"elementor-widget-wrap\">\n<div class=\"elementor-element elementor-element-14dc6fd9 elementor-widget elementor-widget-text-editor\" data-id=\"14dc6fd9\" data-element_type=\"widget\" data-widget_type=\"text-editor.default\">\n<div class=\"elementor-widget-container\">\n<div class=\"elementor-text-editor elementor-clearfix\">\n<p><strong>Rafael \u00c1ngel Haro Ramos<\/strong>. Director del Parque Nacional de la Sierra de las Nieves (<a href=\"mailto:rangel.haro@juntadeandalucia.es\">rangel.haro@juntadeandalucia.es<\/a>)<\/p>\n<p dir=\"ltr\"><strong>Ignacio Luis Henares Civantos.<\/strong> Asesor T\u00e9cnico. Consejer\u00eda Agricultura, Pesca, Agua y Desarrollo Rural (<a href=\"mailto:ignaciol.henares@juntadeandalucia.es\">ignaciol.henares@juntadeandalucia.es<\/a>)<\/p>\n<\/div>\n<\/div>\n<\/div>\n<\/div>\n<\/div>\n<\/div>\n<\/div>\n<\/div>\n<\/div>\n<\/div>\n<\/div>\n<\/div>\n<\/div>\n<\/section>\n","protected":false},"excerpt":{"rendered":"<p>Este espacio natural protegido est\u00e1 situado en la provincia de M\u00e1laga en el extremo suroccidental&#8230;<\/p>\n","protected":false},"author":1,"featured_media":62608,"comment_status":"closed","ping_status":"closed","sticky":false,"template":"","format":"standard","meta":{"_coblocks_attr":"","_coblocks_dimensions":"","_coblocks_responsive_height":"","_coblocks_accordion_ie_support":"","jetpack_post_was_ever_published":false,"_jetpack_newsletter_access":"","_jetpack_dont_email_post_to_subs":false,"_jetpack_newsletter_tier_id":0,"_jetpack_memberships_contains_paywalled_content":false,"_jetpack_memberships_contains_paid_content":false,"footnotes":"","jetpack_publicize_message":"","jetpack_publicize_feature_enabled":true,"jetpack_social_post_already_shared":false,"jetpack_social_options":{"image_generator_settings":{"template":"highway","default_image_id":0,"enabled":false},"version":2}},"categories":[1161,44,15,10],"tags":[3697,10542],"class_list":["post-62604","post","type-post","status-publish","format-standard","has-post-thumbnail","hentry","category-ciudadania","category-noticias-de-hoy","category-ultimas-noticias","category-salud","tag-malaga","tag-sierra-ded-las-nieves"],"jetpack_publicize_connections":[],"jetpack_featured_media_url":"https:\/\/i0.wp.com\/miradordeatarfe.es\/wp-content\/uploads\/2023\/07\/Sin-titulo.jpg?fit=1024%2C1366&ssl=1","jetpack_likes_enabled":true,"jetpack_sharing_enabled":true,"_links":{"self":[{"href":"https:\/\/miradordeatarfe.es\/index.php?rest_route=\/wp\/v2\/posts\/62604","targetHints":{"allow":["GET"]}}],"collection":[{"href":"https:\/\/miradordeatarfe.es\/index.php?rest_route=\/wp\/v2\/posts"}],"about":[{"href":"https:\/\/miradordeatarfe.es\/index.php?rest_route=\/wp\/v2\/types\/post"}],"author":[{"embeddable":true,"href":"https:\/\/miradordeatarfe.es\/index.php?rest_route=\/wp\/v2\/users\/1"}],"replies":[{"embeddable":true,"href":"https:\/\/miradordeatarfe.es\/index.php?rest_route=%2Fwp%2Fv2%2Fcomments&post=62604"}],"version-history":[{"count":2,"href":"https:\/\/miradordeatarfe.es\/index.php?rest_route=\/wp\/v2\/posts\/62604\/revisions"}],"predecessor-version":[{"id":62607,"href":"https:\/\/miradordeatarfe.es\/index.php?rest_route=\/wp\/v2\/posts\/62604\/revisions\/62607"}],"wp:featuredmedia":[{"embeddable":true,"href":"https:\/\/miradordeatarfe.es\/index.php?rest_route=\/wp\/v2\/media\/62608"}],"wp:attachment":[{"href":"https:\/\/miradordeatarfe.es\/index.php?rest_route=%2Fwp%2Fv2%2Fmedia&parent=62604"}],"wp:term":[{"taxonomy":"category","embeddable":true,"href":"https:\/\/miradordeatarfe.es\/index.php?rest_route=%2Fwp%2Fv2%2Fcategories&post=62604"},{"taxonomy":"post_tag","embeddable":true,"href":"https:\/\/miradordeatarfe.es\/index.php?rest_route=%2Fwp%2Fv2%2Ftags&post=62604"}],"curies":[{"name":"wp","href":"https:\/\/api.w.org\/{rel}","templated":true}]}}