{"id":62609,"date":"2023-07-04T10:24:32","date_gmt":"2023-07-04T08:24:32","guid":{"rendered":"https:\/\/miradordeatarfe.es\/?p=62609"},"modified":"2023-07-21T10:59:08","modified_gmt":"2023-07-21T08:59:08","slug":"un-proyecto-recupera-los-setos-y-plantas-silvestres-caracteristicas-de-la-vega","status":"publish","type":"post","link":"https:\/\/miradordeatarfe.es\/?p=62609","title":{"rendered":"Un proyecto recupera los setos y plantas silvestres caracter\u00edsticas de la Vega"},"content":{"rendered":"<header class=\"single-new-header\">\n<h3 class=\"single-subtitle\" style=\"text-align: justify;\">La iniciativa, que aspira a fomentar, conservar y restablecer especies del territorio, se desarrolla en la finca experimental La Nocla<\/h3>\n<\/header>\n<p style=\"text-align: justify;\">El presidente de la Diputaci\u00f3n de Granada en funciones, Jos\u00e9 Entrena, ha asistido este jueves a la presentaci\u00f3n del proyecto &#8216;Setos para la biodiversidad de la Vega&#8217;, impulsado por la plataforma Salvemos la Vega-Vega Educa y que cuenta con la colaboraci\u00f3n de Diputaci\u00f3n y la financiaci\u00f3n de CajaGranada Fundaci\u00f3n y CaixaBank, al ser uno de los proyectos seleccionados en toda Espa\u00f1a en la Convocatoria de Medioambiente de 2022.<ins id=\"revive-0-1\" data-revive-zoneid=\"48\" data-revive-id=\"3675e576db6d1cc6cb6554b6e5954dc7\" data-revive-seq=\"1\" data-revive-loaded=\"1\"><\/ins><\/p>\n<p style=\"text-align: justify;\">Durante su intervenci\u00f3n, Entrena ha subrayado el papel de Salvemos la Vega- Vega Educa y ha apuntado que se necesitan \u00abm\u00e1s proyectos como este y la implicaci\u00f3n y el compromiso de Salvemos la Vega para seguir defendiendo un espacio que es nuestro y que es \u00fanico, que se ha maltratado en las \u00faltimas d\u00e9cadas a causa del desarrollismo, y que debemos cuidar y hacerlo sostenible con una adecuada ordenaci\u00f3n del territorio\u00bb.<\/p>\n<p style=\"text-align: justify;\">Este proyecto, que se desarrolla en la finca experimental La Nocla desde el mes de febrero, pretende fomentar, conservar y restablecer los setos de biodiversidad en la Vega de Granada, con especial hincapi\u00e9 sobre las explotaciones agr\u00edcolas ecol\u00f3gicas, para lograr un uso m\u00e1s sostenible de la Vega, una mayor calidad en su paisaje y para la puesta en valor de los servicios ecosist\u00e9micos que estos setos proporcionan a los cultivos, seg\u00fan ha se\u00f1alado la presidenta de la plataforma \u00abSalvemos la Vega-Vega Educa\u00bb, Manuela Mart\u00ednez.<\/p>\n<p style=\"text-align: justify;\">Tal y como han explicado durante la presentaci\u00f3n, durante los \u00faltimos 50 a\u00f1os un gran n\u00famero de plantas silvestres han desaparecido de la Vega de Granada. Los \u00e1rboles y arbustos, presentes en setos o en bosquecillos que, en muchos casos ocupaban las lindes de separaci\u00f3n entre parcelas, han sido eliminados principalmente a causa de la mecanizaci\u00f3n agr\u00edcola y la especializaci\u00f3n creciente de las empresas agrarias.<\/p>\n<p style=\"text-align: justify;\">Esta simplificaci\u00f3n del paisaje agr\u00edcola es reconocida hoy como una de las principales causas del agravamiento del problema de las plagas en la agricultura. Estos espacios no cultivados ejercen, adem\u00e1s del control biol\u00f3gico de plagas, otras funciones de protecci\u00f3n para el cultivo y el medio ambiente.<\/p>\n<p style=\"text-align: justify;\">La plantaci\u00f3n y recuperaci\u00f3n de estos setos -alrededor o dentro de los campos de cultivo- es fundamental para la conversi\u00f3n y puesta en marcha de explotaciones de Agricultura Ecol\u00f3gica en la Vega de Granada. El proyecto, adem\u00e1s, se desarrolla en el marco de LIFE Wood For Future, la iniciativa europea que se est\u00e1 desarrollando desde la Diputaci\u00f3n de Granada<\/p>\n<p>FOTO:Presentaci\u00f3n del Proyecto | Foto: Gabinete<\/p>\n<p>https:\/\/www.granadadigital.es\/proyecto-recupera-setos-plantas-silvestres-caracteristicas-vega-granada\/<\/p>\n","protected":false},"excerpt":{"rendered":"<p>La iniciativa, que aspira a fomentar, conservar y restablecer especies del territorio, se desarrolla en&#8230;<\/p>\n","protected":false},"author":1,"featured_media":62610,"comment_status":"closed","ping_status":"closed","sticky":false,"template":"","format":"standard","meta":{"_coblocks_attr":"","_coblocks_dimensions":"","_coblocks_responsive_height":"","_coblocks_accordion_ie_support":"","jetpack_post_was_ever_published":false,"_jetpack_newsletter_access":"","_jetpack_dont_email_post_to_subs":false,"_jetpack_newsletter_tier_id":0,"_jetpack_memberships_contains_paywalled_content":false,"_jetpack_memberships_contains_paid_content":false,"footnotes":"","jetpack_publicize_message":"","jetpack_publicize_feature_enabled":true,"jetpack_social_post_already_shared":false,"jetpack_social_options":{"image_generator_settings":{"template":"highway","default_image_id":0,"enabled":false},"version":2}},"categories":[2,7725,1161,44,7671,15],"tags":[1142,484],"class_list":["post-62609","post","type-post","status-publish","format-standard","has-post-thumbnail","hentry","category-atarfe","category-atarfe-sostenible","category-ciudadania","category-noticias-de-hoy","category-politica","category-ultimas-noticias","tag-la-vega","tag-recuperacion"],"jetpack_publicize_connections":[],"jetpack_featured_media_url":"https:\/\/i0.wp.com\/miradordeatarfe.es\/wp-content\/uploads\/2023\/06\/Screenshot-2023-06-30-at-14-27-55-Un-proyecto-recupera-los-setos-y-plantas-silvestres-caracteristicas-de-la-Vega.png?fit=759%2C550&ssl=1","jetpack_likes_enabled":true,"jetpack_sharing_enabled":true,"_links":{"self":[{"href":"https:\/\/miradordeatarfe.es\/index.php?rest_route=\/wp\/v2\/posts\/62609","targetHints":{"allow":["GET"]}}],"collection":[{"href":"https:\/\/miradordeatarfe.es\/index.php?rest_route=\/wp\/v2\/posts"}],"about":[{"href":"https:\/\/miradordeatarfe.es\/index.php?rest_route=\/wp\/v2\/types\/post"}],"author":[{"embeddable":true,"href":"https:\/\/miradordeatarfe.es\/index.php?rest_route=\/wp\/v2\/users\/1"}],"replies":[{"embeddable":true,"href":"https:\/\/miradordeatarfe.es\/index.php?rest_route=%2Fwp%2Fv2%2Fcomments&post=62609"}],"version-history":[{"count":1,"href":"https:\/\/miradordeatarfe.es\/index.php?rest_route=\/wp\/v2\/posts\/62609\/revisions"}],"predecessor-version":[{"id":62611,"href":"https:\/\/miradordeatarfe.es\/index.php?rest_route=\/wp\/v2\/posts\/62609\/revisions\/62611"}],"wp:featuredmedia":[{"embeddable":true,"href":"https:\/\/miradordeatarfe.es\/index.php?rest_route=\/wp\/v2\/media\/62610"}],"wp:attachment":[{"href":"https:\/\/miradordeatarfe.es\/index.php?rest_route=%2Fwp%2Fv2%2Fmedia&parent=62609"}],"wp:term":[{"taxonomy":"category","embeddable":true,"href":"https:\/\/miradordeatarfe.es\/index.php?rest_route=%2Fwp%2Fv2%2Fcategories&post=62609"},{"taxonomy":"post_tag","embeddable":true,"href":"https:\/\/miradordeatarfe.es\/index.php?rest_route=%2Fwp%2Fv2%2Ftags&post=62609"}],"curies":[{"name":"wp","href":"https:\/\/api.w.org\/{rel}","templated":true}]}}