{"id":62618,"date":"2023-07-03T11:17:51","date_gmt":"2023-07-03T09:17:51","guid":{"rendered":"https:\/\/miradordeatarfe.es\/?p=62618"},"modified":"2023-07-21T10:58:54","modified_gmt":"2023-07-21T08:58:54","slug":"palabra-sobre-palabra-por-remedios-sanchez","status":"publish","type":"post","link":"https:\/\/miradordeatarfe.es\/?p=62618","title":{"rendered":"\u00abPALABRA SOBRE PALABRA\u00bb por Remedios S\u00e1nchez"},"content":{"rendered":"<h3 style=\"text-align: justify;\">S\u00f3lo las palabras nos salvan. Las palabras nos protegen, nos miden la estatura moral, definen los perfiles de nuestro proceder, lo que vale nuestra credibilidad y la coherencia grande o peque\u00f1a de nuestros gestos.<\/h3>\n<p style=\"text-align: justify;\">Hace tres d\u00edas Mar\u00eda Guardiola, cabeza pensante del PP extreme\u00f1o, ha puesto una sombra de duda sobre lo que valen las palabras de los pol\u00edticos que trasciende su propio liderazgo en la tierra del valeroso Hern\u00e1n Cort\u00e9s, del genial Zurbar\u00e1n o del Byron espa\u00f1ol, Jos\u00e9 de Espronceda, aquel poeta que, en su \u201cCanci\u00f3n del pirata\u201d, hizo de su Dios la libertad. El viernes, la se\u00f1ora Guardiola cedi\u00f3 las suyas (digo su libertad y tambi\u00e9n su palabra) a los radicales de Vox para ganarse un pu\u00f1ado de votos que la van a hacer presidenta de su comunidad aut\u00f3noma. \u00a0La duda est\u00e1 en saber si, por una cuesti\u00f3n de poder, cualquier candidato est\u00e1 dispuesto a sacrificar la palabra dada, esa que las generaciones que nos han precedido nos ense\u00f1aron que ten\u00eda un valor incalculable, que era lo \u00fanico que no se ped\u00eda pervertir porque en ella estaba depositado nuestro prestigio.<\/p>\n<p style=\"text-align: justify;\">Todos esperamos con inter\u00e9s escuchar el an\u00e1lisis que hacen desde su propio partido cuando se han evidenciado estas discordancias tan graves en su discurso que contradicen milim\u00e9tricamente lo que acababa de afirmar su l\u00edder nacional, Alberto N\u00fa\u00f1ez Feij\u00f3o, de que sin palabra no hay pol\u00edtica. Coincido con el gallego y cito textual sus \u00a0declaraciones porque, aunque seguramente el papel lo resista todo -desde una raci\u00f3n de churros que se compra en un kiosco hasta la Constituci\u00f3n que delimita nuestros derechos y deberes- algunos no debieran olvidarse de que quien no aguanta que le falten al respeto y que le tomen el pelo es la ciudadan\u00eda; una colectividad a la que do\u00f1a Mar\u00eda, una vez firmado el acuerdo program\u00e1tico y de gesti\u00f3n con los de Abascal, trata de hacer comulgar con ruedas de molino utilizando un patrioterismo de baratillo, hacerle creer que mientras aseguraba que ella no iba a incluir en su equipo de gobierno a la extrema derecha, a los negacionistas de la violencia machista, a quienes desprecian la igualdad\u00a0y los derechos de los inmigrantes, no se refer\u00eda a nadie en concreto. Que en el instante en que asever\u00f3 \u201cmi promesa y mi tierra no son moneda de cambio de nada\u201d, esa alusi\u00f3n a su compromiso no inclu\u00eda, por sobreentendidas, sus aspiraciones de presidir Extremadura a cualquier precio. Porque, naturalmente est\u00e1 en su derecho de aplicar aquello tan manido de estos son mis principios, pero si no le gustan, tengo otros. Ahora bien, esto tiene siempre unas consecuencias que, en este momento, trascienden lo desafortunado de su decisi\u00f3n porque va a ser delicado evaluar si, con su ausencia de criterio, no abre grietas en la credibilidad del PP para el 23J. As\u00ed, visto desde fuera, parece que s\u00ed; que Mar\u00eda Guardiola, una mujer que tuvo la oportunidad de repetir las elecciones apoy\u00e1ndose en su valent\u00eda de no plegarse a los que a\u00f1oran aquella Espa\u00f1a del NO-DO\u00a0y alcanzar as\u00ed una mayor\u00eda absoluta, le ha pegado un tiro preventivo en el pie a toda la derecha democr\u00e1tica. Porque, ya lo he dicho: las palabras nos salvan, pero tambi\u00e9n pueden condenarnos si las malversamos y las despojamos de su sentido verdadero convirti\u00e9ndolas en una mera herramienta al servicio de la ambici\u00f3n particular mal entendida.<\/p>\n","protected":false},"excerpt":{"rendered":"<p>S\u00f3lo las palabras nos salvan. Las palabras nos protegen, nos miden la estatura moral, definen&#8230;<\/p>\n","protected":false},"author":1,"featured_media":62619,"comment_status":"closed","ping_status":"closed","sticky":false,"template":"","format":"standard","meta":{"_coblocks_attr":"","_coblocks_dimensions":"","_coblocks_responsive_height":"","_coblocks_accordion_ie_support":"","jetpack_post_was_ever_published":false,"_jetpack_newsletter_access":"","_jetpack_dont_email_post_to_subs":false,"_jetpack_newsletter_tier_id":0,"_jetpack_memberships_contains_paywalled_content":false,"_jetpack_memberships_contains_paid_content":false,"footnotes":"","jetpack_publicize_message":"","jetpack_publicize_feature_enabled":true,"jetpack_social_post_already_shared":false,"jetpack_social_options":{"image_generator_settings":{"template":"highway","default_image_id":0,"enabled":false},"version":2}},"categories":[1161,44,7671,6914,15],"tags":[10544,10545,349,5518],"class_list":["post-62618","post","type-post","status-publish","format-standard","has-post-thumbnail","hentry","category-ciudadania","category-noticias-de-hoy","category-politica","category-opinion-de-reme-sanchez","category-ultimas-noticias","tag-extremadura","tag-pacto-pp-y-vox","tag-pp","tag-vox"],"jetpack_publicize_connections":[],"jetpack_featured_media_url":"https:\/\/i0.wp.com\/miradordeatarfe.es\/wp-content\/uploads\/2023\/07\/Screenshot-2023-07-01-at-17-25-34-guardiola-extremadura-Busqueda-de-Google.png?fit=423%2C312&ssl=1","jetpack_likes_enabled":true,"jetpack_sharing_enabled":true,"_links":{"self":[{"href":"https:\/\/miradordeatarfe.es\/index.php?rest_route=\/wp\/v2\/posts\/62618","targetHints":{"allow":["GET"]}}],"collection":[{"href":"https:\/\/miradordeatarfe.es\/index.php?rest_route=\/wp\/v2\/posts"}],"about":[{"href":"https:\/\/miradordeatarfe.es\/index.php?rest_route=\/wp\/v2\/types\/post"}],"author":[{"embeddable":true,"href":"https:\/\/miradordeatarfe.es\/index.php?rest_route=\/wp\/v2\/users\/1"}],"replies":[{"embeddable":true,"href":"https:\/\/miradordeatarfe.es\/index.php?rest_route=%2Fwp%2Fv2%2Fcomments&post=62618"}],"version-history":[{"count":1,"href":"https:\/\/miradordeatarfe.es\/index.php?rest_route=\/wp\/v2\/posts\/62618\/revisions"}],"predecessor-version":[{"id":62620,"href":"https:\/\/miradordeatarfe.es\/index.php?rest_route=\/wp\/v2\/posts\/62618\/revisions\/62620"}],"wp:featuredmedia":[{"embeddable":true,"href":"https:\/\/miradordeatarfe.es\/index.php?rest_route=\/wp\/v2\/media\/62619"}],"wp:attachment":[{"href":"https:\/\/miradordeatarfe.es\/index.php?rest_route=%2Fwp%2Fv2%2Fmedia&parent=62618"}],"wp:term":[{"taxonomy":"category","embeddable":true,"href":"https:\/\/miradordeatarfe.es\/index.php?rest_route=%2Fwp%2Fv2%2Fcategories&post=62618"},{"taxonomy":"post_tag","embeddable":true,"href":"https:\/\/miradordeatarfe.es\/index.php?rest_route=%2Fwp%2Fv2%2Ftags&post=62618"}],"curies":[{"name":"wp","href":"https:\/\/api.w.org\/{rel}","templated":true}]}}