{"id":62624,"date":"2023-07-05T09:44:24","date_gmt":"2023-07-05T07:44:24","guid":{"rendered":"https:\/\/miradordeatarfe.es\/?p=62624"},"modified":"2023-10-23T13:48:44","modified_gmt":"2023-10-23T11:48:44","slug":"la-ugr-genera-el-8-por-ciento-del-pib-de-la-provincia-de-granada-el-mas-alto-de-toda-espana","status":"publish","type":"post","link":"https:\/\/miradordeatarfe.es\/?p=62624","title":{"rendered":"La UGR genera el 8 por ciento del PIB de la provincia de Granada, el m\u00e1s alto de toda Espa\u00f1a"},"content":{"rendered":"<div class=\"small-12 large-8 columns\" role=\"main\">\n<article id=\"post-404505\" class=\"post-404505 noticia type-noticia status-publish has-post-thumbnail hentry categoria_canalugr-ugractualidad\">\n<div class=\"entry-content\">\n<h3 style=\"text-align: justify;\"><strong>As\u00ed se desprende del \u201cEstudio de Impacto Econ\u00f3mico de las Universidades P\u00fablicas Espa\u00f1olas\u201d del Ministerio de Universidades, realizado por investigadores de la Universitat de Barcelona<\/strong><\/h3>\n<p style=\"text-align: justify;\"><strong>Granada es la provincia espa\u00f1ola con un mayor impacto relativo como consecuencia de la existencia de la Universidad de Granada (8% del PIB y de la poblaci\u00f3n ocupada), seguida a mucha distancia otras universidades como Salamanca (4,8% del PIB y 5,8% de empleo) y Girona y Sevilla (alrededor del 3,5%)<\/strong><\/p>\n<p style=\"text-align: justify;\">La Universidad de Granada (UGR) genera el 8 por ciento del Producto Interior Bruto (PIB) de la provincia de Granada, el m\u00e1s alto de toda Espa\u00f1a entre las universidades p\u00fablicas, seguida a mucha distancia otras universidades como Salamanca (4,8% del PIB y 5,8% de empleo) y Girona y Sevilla (alrededor del 3,5%).<\/p>\n<p style=\"text-align: justify;\">As\u00ed se desprende del \u201cEstudio de Impacto Econ\u00f3mico de las Universidades P\u00fablicas Espa\u00f1olas\u201d del Ministerio de Universidades, realizado por investigadores de la Universitat de Barcelona, cuyo objetivo ha sido cuantificar monetariamente el impacto econ\u00f3mico que generan las universidades p\u00fablicas espa\u00f1olas sobre la econom\u00eda espa\u00f1ola en el a\u00f1o 2021 en t\u00e9rminos de variables como la facturaci\u00f3n, el PIB o el empleo, entre otras.<\/p>\n<p style=\"text-align: justify;\">El equipo investigador ha analizado los impactos econ\u00f3micos directos, indirectos e inducidos de la actividad de las universidades p\u00fablicas espa\u00f1olas en la econom\u00eda del pa\u00eds, incluyendo tanto a los empleados directos de las universidades (personal docente investigador o plantilla de administraci\u00f3n y servicios), como los empleos derivados de su actividad (por ejemplo, los servicios de restauraci\u00f3n y hosteler\u00eda o los relacionados con proveedores de los bienes y servicios derivados de su actividad).<\/p>\n<p style=\"text-align: justify;\">Los resultados globales muestran claramente que las universidades p\u00fablicas espa\u00f1olas retornan a la sociedad mucho m\u00e1s de lo que esta invierte en ellas: en concreto un 2,2% del PIB nacional y un 2,4% del empleo. Por cada 100 euros de transferencias p\u00fablicas recibidas, el sistema universitario produce 505 euros de facturaci\u00f3n, 293 euros en producci\u00f3n (PIB) y 115 euros de rentas salariales.<\/p>\n<h2 style=\"text-align: justify;\"><strong>\u00a0438.926 empleos a tiempo completo<\/strong><\/h2>\n<p style=\"text-align: justify;\">En t\u00e9rminos globales se estima un impacto global del Sistema de Universidades P\u00fablicas Espa\u00f1olas (SUPE) sobre la econom\u00eda espa\u00f1ola de 41.056 M\u20ac en t\u00e9rminos de facturaci\u00f3n; 23.777 M\u20ac en t\u00e9rminos de contribuci\u00f3n al PIB; 15.765 M\u20ac en rentas salariales y 438.926 empleos a tiempo completo (ETC). En t\u00e9rminos de empleo, el estudio muestra que por cada 1.000 estudiantes en el SUPE se generan 331 empleos y por cada 1.000 PAS+PDI en el SUPE se crean 3.416 empleos.<\/p>\n<p style=\"text-align: justify;\">Si se analiza el impacto agregado del SUPE a nivel regional, el 61% del impacto econ\u00f3mico total se concentra en la CC.AA. de Catalu\u00f1a (22%), Madrid (21%) y Andaluc\u00eda (18%). En un segundo nivel se sit\u00faan la Comunitat Valenciana (10%), Galicia (4,7%), Castilla y Le\u00f3n (4,3%) y el Pa\u00eds Vasco (en torno al 4%). En situaci\u00f3n opuesta se encuentran las regiones de Cantabria y La Rioja con menos del 1% del impacto total generado en Espa\u00f1a. En t\u00e9rminos de contribuci\u00f3n al PIB regional, Andaluc\u00eda, Catalu\u00f1a, Canarias, Comunitat Valenciana y Comunidad de Madrid presentan una contribuci\u00f3n al PIB superior al total de Espa\u00f1a (2,2%).<\/p>\n<p style=\"text-align: justify;\">El estudio tambi\u00e9n analiza el impacto agregado del SUPE a nivel provincial, destacando las provincias de Madrid y Barcelona con un 40% del total del impacto del SUPE (son precisamente las dos provincias que concentran un mayor n\u00famero de instituciones de educaci\u00f3n superior).<\/p>\n<p style=\"text-align: justify;\">Les siguen las provincias de Valencia (6 % del total), Sevilla (5% del total), Granada (4% del total) y M\u00e1laga, La Coru\u00f1a o Alicante (3% aproximadamente). Si se analiza el impacto relativo de la existencia de las universidades en su provincia, destaca con mucha diferencia respecto al resto la provincia de Granada, siendo la actividad universitaria en ella (como consecuencia de la existencia de la UGR) generadora de aproximadamente el 8% del PIB y de la poblaci\u00f3n ocupada provincial. A mucha distancia se encuentran las provincias de Salamanca (4,8% del PIB y 5,8% del empleo) y Girona y Sevilla con alrededor del 3,5% en ambas variables. En el extremo opuesto se encuentran las Illes Balears, Palencia, Huesca, Zamora, \u00c1vila y Teruel, con un impacto en su PIB o poblaci\u00f3n ocupada menor al 1,3%.<\/p>\n<p style=\"text-align: justify;\">El vicerrector para los Campus de Ceuta y Melilla, Planificaci\u00f3n Estrat\u00e9gica y Comunicaci\u00f3n de la UGR, Salvador del Barrio Garc\u00eda, recuerda que los estudios previos de impacto econ\u00f3mico que la propia Universidad de Granada realiz\u00f3 por encargo del Consejo Social \u201cya adelantaban un impacto del 4,7% en el PIB en el a\u00f1o 2009 y del 6,12% del PIB en 2020, cuando se realiz\u00f3 el \u00faltimo estudio, lo que pone de manifiesto el constante aumento del peso de la UGR en la provincia de Granada\u201d.<\/p>\n<p style=\"text-align: justify;\"><a href=\"http:\/\/sl.ugr.es\/SUPEDeclaracionesSalvadorDelBarrio\">Declaraciones del vicerrector para los Campus de Ceuta y Melilla, Planificaci\u00f3n Estrat\u00e9gica y Comunicaci\u00f3n de la UGR, Salvador del Barrio Garc\u00eda<\/a><\/p>\n<h3 style=\"text-align: justify;\"><strong>Contacto:<\/strong><\/h3>\n<p style=\"text-align: justify;\"><strong>Salvador del Barrio Garc\u00eda <\/strong><\/p>\n<p style=\"text-align: justify;\">Vicerrector para los Campus de Ceuta y Melilla, Planificaci\u00f3n Estrat\u00e9gica y Comunicaci\u00f3n de la UGR<\/p>\n<p style=\"text-align: justify;\">Correo electr\u00f3nico: <a href=\"mailto:dbarrio@ugr.es\">dbarrio@ugr.es<\/a><\/p>\n<\/div>\n<footer>\n<p style=\"text-align: justify;\">\u00a0<\/p>\n<\/footer>\n<\/article>\n<\/div>\n<aside id=\"sidebar\" class=\"small-12 large-4 columns\">\n<div class=\"row\">\n<div class=\"my-gallery\" data-pswp-uid=\"1\">\u00a0<\/div>\n<\/div>\n<div class=\"row\">\n<article id=\"post-404652\" class=\"event small-12 large-12 columns\">\n<div class=\"row\">\n<div class=\"clearfix\">\u00a0<\/div>\n<\/div>\n<\/article>\n<\/div>\n<\/aside>\n","protected":false},"excerpt":{"rendered":"<p>As\u00ed se desprende del \u201cEstudio de Impacto Econ\u00f3mico de las Universidades P\u00fablicas Espa\u00f1olas\u201d del Ministerio&#8230;<\/p>\n","protected":false},"author":1,"featured_media":62683,"comment_status":"closed","ping_status":"closed","sticky":false,"template":"","format":"standard","meta":{"_coblocks_attr":"","_coblocks_dimensions":"","_coblocks_responsive_height":"","_coblocks_accordion_ie_support":"","jetpack_post_was_ever_published":false,"_jetpack_newsletter_access":"","_jetpack_dont_email_post_to_subs":false,"_jetpack_newsletter_tier_id":0,"_jetpack_memberships_contains_paywalled_content":false,"_jetpack_memberships_contains_paid_content":false,"footnotes":"","jetpack_publicize_message":"","jetpack_publicize_feature_enabled":true,"jetpack_social_post_already_shared":false,"jetpack_social_options":{"image_generator_settings":{"template":"highway","default_image_id":0,"enabled":false},"version":2}},"categories":[1161,10781],"tags":[10547,2213],"class_list":["post-62624","post","type-post","status-publish","format-standard","has-post-thumbnail","hentry","category-ciudadania","category-granada","tag-pib-de-granada","tag-ugr"],"jetpack_publicize_connections":[],"jetpack_featured_media_url":"https:\/\/i0.wp.com\/miradordeatarfe.es\/wp-content\/uploads\/2023\/07\/Fachada-Hospital-Real-sede-Rectorado_1720038467_165982599_1200x675.jpg?fit=1200%2C675&ssl=1","jetpack_likes_enabled":true,"jetpack_sharing_enabled":true,"_links":{"self":[{"href":"https:\/\/miradordeatarfe.es\/index.php?rest_route=\/wp\/v2\/posts\/62624","targetHints":{"allow":["GET"]}}],"collection":[{"href":"https:\/\/miradordeatarfe.es\/index.php?rest_route=\/wp\/v2\/posts"}],"about":[{"href":"https:\/\/miradordeatarfe.es\/index.php?rest_route=\/wp\/v2\/types\/post"}],"author":[{"embeddable":true,"href":"https:\/\/miradordeatarfe.es\/index.php?rest_route=\/wp\/v2\/users\/1"}],"replies":[{"embeddable":true,"href":"https:\/\/miradordeatarfe.es\/index.php?rest_route=%2Fwp%2Fv2%2Fcomments&post=62624"}],"version-history":[{"count":1,"href":"https:\/\/miradordeatarfe.es\/index.php?rest_route=\/wp\/v2\/posts\/62624\/revisions"}],"predecessor-version":[{"id":62626,"href":"https:\/\/miradordeatarfe.es\/index.php?rest_route=\/wp\/v2\/posts\/62624\/revisions\/62626"}],"wp:featuredmedia":[{"embeddable":true,"href":"https:\/\/miradordeatarfe.es\/index.php?rest_route=\/wp\/v2\/media\/62683"}],"wp:attachment":[{"href":"https:\/\/miradordeatarfe.es\/index.php?rest_route=%2Fwp%2Fv2%2Fmedia&parent=62624"}],"wp:term":[{"taxonomy":"category","embeddable":true,"href":"https:\/\/miradordeatarfe.es\/index.php?rest_route=%2Fwp%2Fv2%2Fcategories&post=62624"},{"taxonomy":"post_tag","embeddable":true,"href":"https:\/\/miradordeatarfe.es\/index.php?rest_route=%2Fwp%2Fv2%2Ftags&post=62624"}],"curies":[{"name":"wp","href":"https:\/\/api.w.org\/{rel}","templated":true}]}}