{"id":62633,"date":"2023-07-06T08:14:21","date_gmt":"2023-07-06T06:14:21","guid":{"rendered":"https:\/\/miradordeatarfe.es\/?p=62633"},"modified":"2023-07-21T11:18:37","modified_gmt":"2023-07-21T09:18:37","slug":"que-no-te-vendan-tan-pronto-el-fracaso-de-la-izquierda-ni-las-encuestas-mas-favorables-ponen-a-feijoo-en-la-moncloa","status":"publish","type":"post","link":"https:\/\/miradordeatarfe.es\/?p=62633","title":{"rendered":"Que no te vendan tan pronto el fracaso de la izquierda: ni las encuestas m\u00e1s favorables ponen a Feij\u00f3o en la Moncloa"},"content":{"rendered":"<div class=\"td-post-template-8-box\">\n<div class=\"td-container\">\n<div class=\"td-pb-row\">\n<div class=\"td-pb-span8 td-main-content\" role=\"main\">\n<div class=\"td-ss-main-content\">\n<div class=\"td-post-content\">\n<h2 class=\"wp-block-heading\" style=\"text-align: justify;\"><strong><em>La movilizaci\u00f3n de la izquierda ser\u00e1 clave el 23J<\/em><\/strong><\/h2>\n<p style=\"text-align: justify;\"><strong>En un vertiginoso baile de cifras,<\/strong> las encuestas trazan una imagen de lo que podr\u00eda ser el panorama pol\u00edtico tras las elecciones del 23 de julio. Como un bar\u00f3metro en constante cambio, no es de extra\u00f1ar que los pol\u00edticos y el p\u00fablico est\u00e9n sumidos en un estado de zozobra. A medida que el reloj avanza, las predicciones parecen favorecer al PP, pero no se enga\u00f1e, es un terreno turbulento.<\/p>\n<h3 class=\"wp-block-heading\" style=\"text-align: justify;\">LOS NUMEROS: LA FABULA DE LAS ENCUESTAS<\/h3>\n<p style=\"text-align: justify;\">El diario El Pa\u00eds muestra c\u00f3mo el d\u00fao PP-Vox est\u00e1 a un tris de la mayor\u00eda absoluta. Pero, aqu\u00ed viene el truco, la uni\u00f3n de estas dos fuerzas no llevar\u00eda al N\u00fa\u00f1ez Feij\u00f3o a la c\u00faspide de La Moncloa. Seg\u00fan los n\u00fameros, el partido de Alberto N\u00fa\u00f1ez Feij\u00f3o lograr\u00eda un 33,1% de los votos y 136 esca\u00f1os, mientras que Vox, el compa\u00f1ero ultra con el que Feij\u00f3o quiere reinar, obtendr\u00eda 38 esca\u00f1os. Un total de 174 parlamentarios, casi tocando con la punta de los dedos esa m\u00e1gica cifra de 176 para la mayor\u00eda absoluta en las encuestas m\u00e1s favorables.<\/p>\n<p style=\"text-align: justify;\">Por otro lado, PSOE ser\u00eda el segundo en la l\u00ednea de llegada con el 27,4% de los votos y 106 esca\u00f1os. Sumar, dirigido por Yolanda D\u00edaz, se deslizar\u00eda con el 13,1% de los votos y 35 esca\u00f1os. <strong>Sumar parece estar enredado en sus propias trampas internas<\/strong>, lo que hace que uno se pregunte si en cuanto las aguas se calmen movilizar\u00e1n a un mayor electorado.<\/p>\n<h3 class=\"wp-block-heading\" style=\"text-align: justify;\">LOS JUEGOS POLITICOS<\/h3>\n<p style=\"text-align: justify;\">Mientras el PP celebra sus n\u00fameros al alza, es importante recordar que las elecciones no se ganan solo con encuestas y patadas en el aire. <strong>Hay un dicho que dice: \u201cNo cuentes tus pollos antes de que eclosionen\u201d<\/strong>. Esta es la realidad en la que Feij\u00f3o y compa\u00f1\u00eda deben tener cuidado de no quedar atrapados.<\/p>\n<p style=\"text-align: justify;\">Ahora, hablemos de Vox. Con un posible recuento de 38 esca\u00f1os, podr\u00eda ser el compa\u00f1ero de baile que el PP necesita desesperadamente. Pero no nos equivoquemos, Vox no es el acompa\u00f1ante f\u00e1cil. Este es un matrimonio de conveniencia que podr\u00eda tener consecuencias a largo plazo.<\/p>\n<p style=\"text-align: justify;\">Con el PSOE y Sumar lami\u00e9ndose las heridas, uno se pregunta si hay margen para un giro imprevisto en esta saga. Las encuestas parecen no estar de su lado, pero como bien sabemos, las encuestas son volubles.<\/p>\n<p style=\"text-align: justify;\">Y no olvidemos al impredecible electorado. A menudo ferozmente independiente, y otras veces inexplicablemente leal, <strong>la voluntad del pueblo es tan impredecible como el clima en primavera<\/strong>. Los votantes podr\u00edan oscilar en una direcci\u00f3n inesperada en el \u00faltimo momento. Y como cualquier observador pol\u00edtico astuto sabe, una peque\u00f1a oscilaci\u00f3n puede crear un gran terremoto en el mundo pol\u00edtico.<\/p>\n<p style=\"text-align: justify;\">Los partidos m\u00e1s peque\u00f1os, como EH Bildu, ERC o el BNG, tambi\u00e9n tienen su papel en este drama. Con un aumento en los votos, seg\u00fan el sondeo, \u00bfpodr\u00edan actuar como los aut\u00e9nticos reyes en la sombra, decidiendo el destino de las facciones m\u00e1s grandes?<\/p>\n<h3 class=\"wp-block-heading\" style=\"text-align: justify;\">UN ROMPECABEZAS A\u00daN SIN RESOLVER<\/h3>\n<p style=\"text-align: justify;\">En el fragor de las elecciones, con n\u00fameros flotando y promesas volando, es esencial no perder de vista el panorama m\u00e1s amplio. Las elecciones no se tratan solo de qui\u00e9n obtiene la mayor\u00eda, sino tambi\u00e9n de lo que significa para el pa\u00eds y su gente.<\/p>\n<p style=\"text-align: justify;\">El PP y Vox, con su sed de poder, deben considerar a qu\u00e9 costo. El PSOE y Sumar deben reflexionar sobre lo que han hecho y lo que deben hacer.<\/p>\n<p style=\"text-align: justify;\">El pa\u00eds merece l\u00edderes que no solo busquen poder, sino tambi\u00e9n <strong>busquen servir con integridad y visi\u00f3n<\/strong>. El 23 de julio marcar\u00e1 no solo el destino de estos partidos sino tambi\u00e9n el rumbo de una naci\u00f3n. Y eso, mis queridos lectores, es mucho m\u00e1s importante que cualquier baile de n\u00fameros en las encuestas.<\/p>\n<blockquote class=\"wp-embedded-content\" data-secret=\"z8rotawvi1\"><p><a href=\"https:\/\/contrainformacion.es\/que-no-te-vendan-tan-pronto-el-fracaso-de-la-izquierda-ni-las-encuestas-mas-favorables-ponen-a-feijoo-en-la-moncloa\/\">Que no te vendan tan pronto el fracaso de la izquierda: ni las encuestas m\u00e1s favorables ponen a Feij\u00f3o en la Moncloa<\/a><\/p><\/blockquote>\n<p><iframe loading=\"lazy\" class=\"wp-embedded-content\" sandbox=\"allow-scripts\" security=\"restricted\" style=\"position: absolute; visibility: hidden;\" title=\"\u00abQue no te vendan tan pronto el fracaso de la izquierda: ni las encuestas m\u00e1s favorables ponen a Feij\u00f3o en la Moncloa\u00bb \u2014 Contrainformaci\u00f3n\" src=\"https:\/\/contrainformacion.es\/que-no-te-vendan-tan-pronto-el-fracaso-de-la-izquierda-ni-las-encuestas-mas-favorables-ponen-a-feijoo-en-la-moncloa\/embed\/#?secret=8c1zZf3k9C#?secret=z8rotawvi1\" data-secret=\"z8rotawvi1\" width=\"600\" height=\"338\" frameborder=\"0\" marginwidth=\"0\" marginheight=\"0\" scrolling=\"no\"><\/iframe><\/p>\n<\/div>\n<\/div>\n<\/div>\n<\/div>\n<\/div>\n<\/div>\n","protected":false},"excerpt":{"rendered":"<p>La movilizaci\u00f3n de la izquierda ser\u00e1 clave el 23J En un vertiginoso baile de cifras,&#8230;<\/p>\n","protected":false},"author":1,"featured_media":62679,"comment_status":"closed","ping_status":"closed","sticky":false,"template":"","format":"standard","meta":{"_coblocks_attr":"","_coblocks_dimensions":"","_coblocks_responsive_height":"","_coblocks_accordion_ie_support":"","jetpack_post_was_ever_published":false,"_jetpack_newsletter_access":"","_jetpack_dont_email_post_to_subs":false,"_jetpack_newsletter_tier_id":0,"_jetpack_memberships_contains_paywalled_content":false,"_jetpack_memberships_contains_paid_content":false,"footnotes":"","jetpack_publicize_message":"","jetpack_publicize_feature_enabled":true,"jetpack_social_post_already_shared":false,"jetpack_social_options":{"image_generator_settings":{"template":"highway","default_image_id":0,"enabled":false},"version":2}},"categories":[1161,44,7671,6937,15],"tags":[439,354],"class_list":["post-62633","post","type-post","status-publish","format-standard","has-post-thumbnail","hentry","category-ciudadania","category-noticias-de-hoy","category-politica","category-sociedad","category-ultimas-noticias","tag-encuestas","tag-partidos-politicos"],"jetpack_publicize_connections":[],"jetpack_featured_media_url":"https:\/\/i0.wp.com\/miradordeatarfe.es\/wp-content\/uploads\/2023\/07\/img2.rtve_.jpg?fit=1600%2C900&ssl=1","jetpack_likes_enabled":true,"jetpack_sharing_enabled":true,"_links":{"self":[{"href":"https:\/\/miradordeatarfe.es\/index.php?rest_route=\/wp\/v2\/posts\/62633","targetHints":{"allow":["GET"]}}],"collection":[{"href":"https:\/\/miradordeatarfe.es\/index.php?rest_route=\/wp\/v2\/posts"}],"about":[{"href":"https:\/\/miradordeatarfe.es\/index.php?rest_route=\/wp\/v2\/types\/post"}],"author":[{"embeddable":true,"href":"https:\/\/miradordeatarfe.es\/index.php?rest_route=\/wp\/v2\/users\/1"}],"replies":[{"embeddable":true,"href":"https:\/\/miradordeatarfe.es\/index.php?rest_route=%2Fwp%2Fv2%2Fcomments&post=62633"}],"version-history":[{"count":1,"href":"https:\/\/miradordeatarfe.es\/index.php?rest_route=\/wp\/v2\/posts\/62633\/revisions"}],"predecessor-version":[{"id":62635,"href":"https:\/\/miradordeatarfe.es\/index.php?rest_route=\/wp\/v2\/posts\/62633\/revisions\/62635"}],"wp:featuredmedia":[{"embeddable":true,"href":"https:\/\/miradordeatarfe.es\/index.php?rest_route=\/wp\/v2\/media\/62679"}],"wp:attachment":[{"href":"https:\/\/miradordeatarfe.es\/index.php?rest_route=%2Fwp%2Fv2%2Fmedia&parent=62633"}],"wp:term":[{"taxonomy":"category","embeddable":true,"href":"https:\/\/miradordeatarfe.es\/index.php?rest_route=%2Fwp%2Fv2%2Fcategories&post=62633"},{"taxonomy":"post_tag","embeddable":true,"href":"https:\/\/miradordeatarfe.es\/index.php?rest_route=%2Fwp%2Fv2%2Ftags&post=62633"}],"curies":[{"name":"wp","href":"https:\/\/api.w.org\/{rel}","templated":true}]}}