{"id":62645,"date":"2023-07-05T09:46:38","date_gmt":"2023-07-05T07:46:38","guid":{"rendered":"https:\/\/miradordeatarfe.es\/?p=62645"},"modified":"2023-07-21T11:23:38","modified_gmt":"2023-07-21T09:23:38","slug":"el-pueblo-que-lucha-para-conocer-la-encuesta-de-adolfo-suarez-que-daba-la-victoria-a-la-republica","status":"publish","type":"post","link":"https:\/\/miradordeatarfe.es\/?p=62645","title":{"rendered":"El pueblo que lucha para conocer la encuesta de Adolfo Su\u00e1rez que daba la victoria a la Rep\u00fablica"},"content":{"rendered":"<div class=\"row row__content\"><main class=\"content__wrapper\"><\/p>\n<div class=\"c-header\">\n<div class=\"news-header\">\n<h3 style=\"text-align: justify;\">Un grupo vecinos de Mallorca ha registrado una petici\u00f3n ante el Defensor del Pueblo para que el Gobierno desclasifique una encuesta que hizo el Ejecutivo de Su\u00e1rez antes de que se aprobara la Constituci\u00f3n. \u201cMantenerla secreta carece de sentido\u201d, asegura el juez Juan Pedro Yllane<\/h3>\n<\/div>\n<\/div>\n<p><\/main><\/div>\n<div class=\"content-container col-12 col-lg-8\">\n<div class=\"c-content\">\n<div class=\"partner-wrapper opening\" style=\"text-align: justify;\" data-mrf-recirculation=\"Apertura\">\n<div class=\"second-col\">\n<figure class=\"ni-figure\"><picture class=\"news-image\"><source srcset=\"https:\/\/static.eldiario.es\/clip\/c63eaf4a-c766-4170-979f-ced7feea398e_16-9-discover-aspect-ratio_50p_0.webp\" type=\"image\/webp\" media=\"(max-width: 576px)\" \/><source srcset=\"https:\/\/static.eldiario.es\/clip\/c63eaf4a-c766-4170-979f-ced7feea398e_16-9-discover-aspect-ratio_50p_0.jpg\" type=\"image\/jpg\" media=\"(max-width: 576px)\" \/><source srcset=\"https:\/\/static.eldiario.es\/clip\/c63eaf4a-c766-4170-979f-ced7feea398e_16-9-discover-aspect-ratio_75p_0.webp\" type=\"image\/webp\" media=\"(max-width: 768px)\" \/><source srcset=\"https:\/\/static.eldiario.es\/clip\/c63eaf4a-c766-4170-979f-ced7feea398e_16-9-discover-aspect-ratio_75p_0.jpg\" type=\"image\/jpg\" media=\"(max-width: 768px)\" \/><source srcset=\"https:\/\/static.eldiario.es\/clip\/c63eaf4a-c766-4170-979f-ced7feea398e_16-9-discover-aspect-ratio_default_0.webp\" type=\"image\/webp\" media=\"(min-width: 769px)\" \/><source srcset=\"https:\/\/static.eldiario.es\/clip\/c63eaf4a-c766-4170-979f-ced7feea398e_16-9-discover-aspect-ratio_default_0.jpg\" type=\"image\/jpg\" media=\"(min-width: 769px)\" \/><\/picture><figcaption class=\"image-footer\"><\/figcaption><\/figure>\n<\/div>\n<\/div>\n<div class=\"partner-wrapper article-page__body-row \">\n<div class=\"second-col\">\n<p class=\"article-text\" style=\"text-align: justify;\">Esporles (Mallorca) es un municipio situado en la Serra de Tramuntana \u2013declarada Patrimonio de la Humanidad por la Unesco\u2013, cuyo pico m\u00e1s elevado, el Puig Major, alcanza los 1.445 metros. En esta localidad, un pueblo peque\u00f1o que apenas alcanzaba los 5.182 habitantes en 2022 \u2013seg\u00fan datos del Instituto Balear de Estad\u00edstica (Ibestat)\u2013, un grupo de 74 vecinos ha emprendido una batalla, a trav\u00e9s de una petici\u00f3n registrada ante el Defensor del Pueblo, para que la ciudadan\u00eda espa\u00f1ola conozca el resultado de la encuesta que el expresidente del Gobierno, Adolfo Su\u00e1rez, habr\u00eda encargado antes de que se aprobara la Constituci\u00f3n espa\u00f1ola, sobre si <a class=\"link\" href=\"https:\/\/www.eldiario.es\/politica\/adolfo-suarez-referendum-monarquia-encuestas_1_1158112.html\" target=\"_blank\" rel=\"noopener\" data-mrf-recirculation=\"links-noticia\" data-mrf-link=\"https:\/\/www.eldiario.es\/politica\/adolfo-suarez-referendum-monarquia-encuestas_1_1158112.html\">la opini\u00f3n p\u00fablica prefer\u00eda un Estado mon\u00e1rquico o republicano<\/a> en el contexto de la Transici\u00f3n espa\u00f1ola.<\/p>\n<p><a class=\"news-know-more partner-vertical-tablet-desktop\" href=\"https:\/\/www.eldiario.es\/politica\/sexo-delitos-cintas-video-legado-juan-carlos-i-cayo-mordaza-medios_1_9701877.html\" data-mrf-recirculation=\"saber-mas\" data-mrf-link=\"https:\/\/www.eldiario.es\/politica\/sexo-delitos-cintas-video-legado-juan-carlos-i-cayo-mordaza-medios_1_9701877.html\"> <picture class=\"know-more-img\"><source srcset=\"https:\/\/static.eldiario.es\/clip\/9ad3b00e-7051-4e55-9a38-6265c05d3a0c_16-9-aspect-ratio_50p_0.webp\" type=\"image\/webp\" media=\"(max-width: 768px)\" \/><source srcset=\"https:\/\/static.eldiario.es\/clip\/9ad3b00e-7051-4e55-9a38-6265c05d3a0c_16-9-aspect-ratio_50p_0.jpg\" type=\"image\/jpg\" media=\"(max-width: 768px)\" \/><source srcset=\"https:\/\/static.eldiario.es\/clip\/9ad3b00e-7051-4e55-9a38-6265c05d3a0c_16-9-aspect-ratio_50p_0.webp\" type=\"image\/webp\" media=\"(min-width: 769px)\" \/><source srcset=\"https:\/\/static.eldiario.es\/clip\/9ad3b00e-7051-4e55-9a38-6265c05d3a0c_16-9-aspect-ratio_50p_0.jpg\" type=\"image\/jpg\" media=\"(min-width: 769px)\" \/><\/picture><\/a><\/p>\n<p class=\"article-text\" style=\"text-align: justify;\">\u201cPensamos que es importante registrar esta petici\u00f3n porque la democracia gana en calidad en la medida en que no tiene rincones oscuros\u201d, explica a elDiario.es Albert Catal\u00e1n, uno de los promotores de la iniciativa. \u201cSu\u00e1rez se arrog\u00f3 la potestad de esconder una informaci\u00f3n que ten\u00eda en ese momento para justificar la introducci\u00f3n de la figura del rey y de la monarqu\u00eda en la Ley para la Reforma Pol\u00edtica\u201d, argumenta Catal\u00e1n, lo cual fue determinante para que figurara en la Constituci\u00f3n de 1978. \u201cEs una cuesti\u00f3n c\u00edvica el hecho de querer que la democracia sea lo m\u00e1s transparente posible y ofrezca el m\u00e1ximo de luz sobre las decisiones que se toman\u201d, opina.<\/p>\n<p class=\"article-text\" style=\"text-align: justify;\">Esta reivindicaci\u00f3n empez\u00f3 de manera casual. En febrero de este a\u00f1o, algunos de los integrantes de este grupo se dirigieron al entonces senador del grupo parlamentario de la Izquierda Confederal, Vicen\u00e7 Vidal (candidato de Sumar M\u00e9s a las elecciones generales del 23 de julio), natural de Esporles, para preguntarle sobre esta cuesti\u00f3n. Una informaci\u00f3n que supuestamente est\u00e1 en manos del Gobierno, <a class=\"link\" href=\"https:\/\/www.lasexta.com\/programas\/sexta-columna\/noticias\/asi-confeso-adolfo-suarez-por-que-no-hubo-referendum-monarquia-o-republica-haciamos-encuestas-y-perdiamos_20161118582ef9fe0cf244336f09709f.html\" target=\"_blank\" rel=\"noopener\" data-mrf-recirculation=\"links-noticia\" data-mrf-link=\"https:\/\/www.lasexta.com\/programas\/sexta-columna\/noticias\/asi-confeso-adolfo-suarez-por-que-no-hubo-referendum-monarquia-o-republica-haciamos-encuestas-y-perdiamos_20161118582ef9fe0cf244336f09709f.html\">seg\u00fan desvel\u00f3 La Sexta Columna<\/a>, a ra\u00edz de una entrevista de Su\u00e1rez con la periodista Victoria Prego en 1995, pero cuyo \u201cdesliz\u201d no hab\u00eda salido a la luz.<\/p>\n<p class=\"article-text\" style=\"text-align: justify;\">El 17 de febrero, Vidal, en una pregunta parlamentaria, cuestionaba c\u00f3mo era posible que seis a\u00f1os despu\u00e9s todav\u00eda no se hayan hecho p\u00fablicas las encuestas. En la entrevista de Su\u00e1rez con Prego, el expresidente del Gobierno reconoc\u00eda que en 1977, cuando llev\u00f3 a cabo la Reforma Pol\u00edtica, introdujo las palabras \u201cRey\u201d y \u201cmonarqu\u00eda\u201d porque los sondeos que ten\u00eda el Gobierno \u2013que no se publicaron\u2013 anunciaban que el modelo republicano era el preferido por los espa\u00f1oles. Su\u00e1rez hizo esta confesi\u00f3n a la periodista tapando el micro para que no se registraran sus palabras.<\/p>\n<p class=\"article-text\" style=\"text-align: justify;\">En su respuesta, de 5 de abril, el Gobierno respond\u00eda que la cuesti\u00f3n que planteaba Vidal estaba siendo abordada a trav\u00e9s de una ley que todav\u00eda no se hab\u00eda aprobado, esto es, el Anteproyecto de Ley de Informaci\u00f3n Clasificada que pretende sustituir la actual Ley de Secretos Oficiales franquista. \u201cEl Gobierno est\u00e1 comprometido con la elaboraci\u00f3n del Anteproyecto de Ley de Informaci\u00f3n Clasificada que actualice el r\u00e9gimen jur\u00eddico preconstitucional en esta materia, tal y como ocurre en los pa\u00edses de nuestro entorno\u201d, respond\u00eda el Ejecutivo, reconociendo impl\u00edcitamente la existencia de la encuesta (o encuestas) que se formul\u00f3 a la opini\u00f3n p\u00fablica espa\u00f1ola durante la Transici\u00f3n.<\/p>\n<figure class=\"embed-container embed-container--type-embed ratio ratio__16_9\" style=\"text-align: justify;\">\n<div class=\"video_container\"><iframe loading=\"lazy\" src=\"https:\/\/www.lasexta.com\/embed\/asi-confeso-adolfo-suarez-por-que-no-hubo-referendum-monarquia-o-republica-haciamos-encuestas-y-perdiamos\/video\/7\/2016\/11\/18\/582ef951986b28b437a0262a?origin=https:\/\/www.lasexta.com\/programas\/sexta-columna\/noticias\/asi-confeso-adolfo-suarez-por-que-no-hubo-referendum-monarquia-o-republica-haciamos-encuestas-y-perdiamos_20161118582ef9fe0cf244336f09709f.html\" width=\"560\" height=\"315\" frameborder=\"0\" allowfullscreen=\"allowfullscreen\" data-mce-fragment=\"1\"><\/iframe><\/div>\n<\/figure>\n<h3 class=\"article-text\" style=\"text-align: justify;\"><strong>El Gobierno se acoge a una ley franquista<\/strong><\/h3>\n<p class=\"article-text\" style=\"text-align: justify;\">\u201cMi sorpresa fue cuando recibo la respuesta de que hay que reformar la Ley de Secretos Oficiales, pero no se me contesta en el fondo\u201d, explica a elDiario.es Vicen\u00e7 Vidal. \u201cLa encuesta existe y querr\u00eda saber, despu\u00e9s de m\u00e1s de 40 a\u00f1os de monarqu\u00eda, qu\u00e9 pensaban los ciudadanos de aquella \u00e9poca\u201d, argumenta Vidal. El exsenador cree que la monarqu\u00eda, en estos momentos, est\u00e1 cuestionada debido a los <a class=\"link\" href=\"https:\/\/www.eldiario.es\/economia\/emerito-blinda-pagar-impuestos-regalos-viaje-jet-privado-fijar-residencia-fiscal-abu-dabi_1_9009931.html\" target=\"_blank\" rel=\"noopener\" data-mrf-recirculation=\"links-noticia\" data-mrf-link=\"https:\/\/www.eldiario.es\/economia\/emerito-blinda-pagar-impuestos-regalos-viaje-jet-privado-fijar-residencia-fiscal-abu-dabi_1_9009931.html\">esc\u00e1ndalos<\/a> en los que se ha visto implicado el Rey em\u00e9rito Juan Carlos I. En este sentido, Vidal considera que cualquier jefe de Estado elegido democr\u00e1ticamente \u201csi hubiera realizado esta malversaci\u00f3n, habr\u00eda abandonado la vida p\u00fablica, cosa que no hizo Juan Carlos I\u201d, en referencia a que el Rey em\u00e9rito abdic\u00f3 en Felipe VI, pero la ciudadan\u00eda espa\u00f1ola no ha podido pronunciarse sobre el modelo de Estado que prefiere. \u201c[El Rey em\u00e9rito] Est\u00e1 exiliado para no contribuir con sus impuestos a pagar los servicios p\u00fablicos\u201d, critica.<\/p>\n<div class=\"quote-wrapper\" style=\"text-align: justify;\">\n<p class=\"quote-text\"><em>Mi sorpresa fue cuando recibo la respuesta de que hay que reformar la Ley de Secretos Oficiales, pero no se me contesta en el fondo. La encuesta existe y querr\u00eda saber, despu\u00e9s de m\u00e1s de 40 a\u00f1os de monarqu\u00eda, qu\u00e9 pensaban los ciudadanos de aquella \u00e9poca\u00a0 <\/em><span class=\"name\">Vicen\u00e7 Vidal<\/span> \u2014 Exsenador y cabeza de lista de Sumar en Balears<\/p>\n<\/div>\n<p class=\"article-text\" style=\"text-align: justify;\"><em>\u201cMe resulta llamativo que una encuesta, sin mayor trascendencia o efecto [sobre el modelo de Estado] se pueda convertir en un secreto y que para desclasificarla y conocer su contenido haya que reclamar amparo al Defensor del Pueblo<\/em>\u201d, explica a elDiario.es, en su condici\u00f3n de juez, Juan Pedro Yllanes, vicepresidente saliente del Govern y conseller de Transici\u00f3n Energ\u00e9tica, Sectores Productivos y Memoria Democr\u00e1tica. \u201c<em>Creo, sinceramente, que el refer\u00e9ndum o la consulta al pueblo para determinados asuntos que son de trascendencia tiene base constitucional. Por tanto, indagar en la opini\u00f3n de la ciudadan\u00eda acerca del modelo de Estado ser\u00eda democr\u00e1ticamente muy sano<\/em>\u201d, afirma Yllanes. <span class=\"name\">Juan Pedro Yllanes<\/span> \u2014 Juez y exvicepresident del Govern<\/p>\n<h3 class=\"article-text\" style=\"text-align: justify;\"><strong>El CIS ya desclasific\u00f3 una encuesta de 1974<\/strong><\/h3>\n<p class=\"article-text\" style=\"text-align: justify;\">Los promotores destacan que el hecho de que el Centro de Investigaciones Sociol\u00f3gicas (CIS) desvelara el 25 de abril una encuesta que hab\u00eda encargado el r\u00e9gimen de Franco en 1974 para conocer el estado de la opini\u00f3n p\u00fablica sobre la Revoluci\u00f3n de los Claveles que hab\u00eda tenido lugar en Portugal, y que tambi\u00e9n se hab\u00eda clasificado, invalida el argumento del Gobierno. \u201cEsta desclasificaci\u00f3n constituye, justamente, un precedente que invalida el argumento aducido por el Gobierno sobre la supuesta necesidad previa de \u2018actualizar el r\u00e9gimen jur\u00eddico preconstitucional en esta materia\u2019\u201d. Por este motivo, consideran que el Ejecutivo estar\u00eda vulnerando el derecho fundamental recogido en el art\u00edculo 20.1.d) de la Constituci\u00f3n que indica que se reconocen y protegen los derechos \u201ca comunicar o recibir libremente informaci\u00f3n veraz por cualquier medio de difusi\u00f3n\u201d.<\/p>\n<p class=\"article-text\" style=\"text-align: justify;\">\u201cMe parece una iniciativa muy razonable: es importante porque es una cuesti\u00f3n b\u00e1sica que define el modelo de Estado. Creo que la gente tiene que poder acceder a la informaci\u00f3n clave que condujo a tomar la decisi\u00f3n que se tom\u00f3\u201d, asevera Vidal. \u201cVivimos en una democracia madura, la sociedad quiere participar y tener todos los instrumentos necesarios. Por tanto, creo que no se tiene que esconder [la encuesta]\u201d, afirma el exsenador. \u201cHay que promover la transparencia y dar toda la informaci\u00f3n para que conozcamos estos datos\u201d, recalca Vidal.<\/p>\n<figure style=\"text-align: justify;\"><picture class=\"news-image\"><source srcset=\"https:\/\/static.eldiario.es\/clip\/233fec41-30c8-4952-a094-e55c8d9e31b7_16-9-aspect-ratio_50p_0.webp\" type=\"image\/webp\" media=\"(max-width: 576px)\" \/><source srcset=\"https:\/\/static.eldiario.es\/clip\/233fec41-30c8-4952-a094-e55c8d9e31b7_16-9-aspect-ratio_50p_0.jpg\" type=\"image\/jpg\" media=\"(max-width: 576px)\" \/><source srcset=\"https:\/\/static.eldiario.es\/clip\/233fec41-30c8-4952-a094-e55c8d9e31b7_16-9-aspect-ratio_75p_0.webp\" type=\"image\/webp\" media=\"(max-width: 768px)\" \/><source srcset=\"https:\/\/static.eldiario.es\/clip\/233fec41-30c8-4952-a094-e55c8d9e31b7_16-9-aspect-ratio_75p_0.jpg\" type=\"image\/jpg\" media=\"(max-width: 768px)\" \/><source srcset=\"https:\/\/static.eldiario.es\/clip\/233fec41-30c8-4952-a094-e55c8d9e31b7_16-9-aspect-ratio_default_0.webp\" type=\"image\/webp\" media=\"(min-width: 769px)\" \/><source srcset=\"https:\/\/static.eldiario.es\/clip\/233fec41-30c8-4952-a094-e55c8d9e31b7_16-9-aspect-ratio_default_0.jpg\" type=\"image\/jpg\" media=\"(min-width: 769px)\" \/><img class=\"lazy entered exited\" alt=\"\" \/> <\/picture><figcaption class=\"image-footer\"><span class=\"title\"> Los promotores de la iniciativa. <span class=\"author\"> Francisco Ubilla<\/span> <\/span><\/figcaption><\/figure>\n<p class=\"article-text\" style=\"text-align: justify;\">Catal\u00e1n, uno de los promotores de la iniciativa, considera que la petici\u00f3n que han registrado la podr\u00eda suscribir \u201ccualquier dem\u00f3crata\u201d, independientemente de su ideolog\u00eda pol\u00edtica o preferencia por un modelo de Estado u otro. \u201cVot\u00e9 a favor de la Constituci\u00f3n. No solo eso: la defend\u00ed p\u00fablicamente. Creo que eso me carga de razones, a m\u00ed y al resto de mis compa\u00f1eros [que han registrado la petici\u00f3n] para pedir que nos expliquen toda la verdad hasta donde sea posible\u201d, asegura Catal\u00e1n, que cree, al mismo tiempo, que hacerla p\u00fablica podr\u00eda poner en cuesti\u00f3n algunos aspectos que ocurrieron durante la Transici\u00f3n. \u201cHan pasado muchos a\u00f1os y habr\u00eda que ver cu\u00e1l es el estado de opini\u00f3n de la gente y de los diferentes partidos pol\u00edticos\u201d, matiza.<\/p>\n<p class=\"article-text\" style=\"text-align: justify;\">\u201cEs evidente que si la informaci\u00f3n se confirma, ofrecer\u00eda una nueva percepci\u00f3n de la manera en que se gestion\u00f3 la Transici\u00f3n\u201d, analiza Catal\u00e1n. \u201cLa verdad es que s\u00ed [le sorprendi\u00f3 la confesi\u00f3n de Su\u00e1rez a Prego]. De hecho, si uno ve la entrevista, se da cuenta de que \u00e9l sabe que est\u00e1 revelando informaci\u00f3n delicada, por eso tapa el micro, porque era consciente de que lo que dec\u00eda era bastante fuerte\u201d, concluye.<\/p>\n<h3 class=\"article-text\" style=\"text-align: justify;\"><strong>Ser\u00eda \u201cmuy interesante\u201d saber qu\u00e9 pensaban los espa\u00f1oles<\/strong><\/h3>\n<p class=\"article-text\" style=\"text-align: justify;\">En este sentido, Yllanes destaca que la monarqu\u00eda parlamentaria, como modelo de Estado, \u201ces uno de los preceptos constitucionales que goza de mayor protecci\u00f3n y para cuya reforma se necesita una mayor\u00eda reforzada, algo casi imposible de alcanzar\u201d [por falta de consenso]. \u201cA estas alturas de nuestro sistema democr\u00e1tico, mantener como secreto de Estado una encuesta de hace m\u00e1s de 40 a\u00f1os acerca del modelo de Estado que prefer\u00edan los espa\u00f1oles me parece que carece de cualquier sentido\u201d, manifiesta el juez. \u201cSer\u00eda muy interesante saber qu\u00e9 respondieron los espa\u00f1oles a esa encuesta\u201d, asegura Yllanes.<\/p>\n<div id=\"container-after-news-outlook\" style=\"text-align: justify;\">\u00a0Sobre el hecho de que el Gobierno se ampare en una Ley de Secretos Oficiales de 1968, con el r\u00e9gimen franquista en vigor, el juez defiende que \u201cparece evidente que las circunstancias han cambiado y que, por lo tanto, lo que era un secreto oficial en una dictadura no se corresponde con lo que pueda ser en una democracia\u201d. \u201cCreo que cualquier ley franquista que tengamos en vigor reclama inmediatamente su reforma\u201d, argumenta Yllanes, que recuerda que todav\u00eda tenemos una Ley de Enjuiciamiento Criminal de 1882, del periodo de la Restauraci\u00f3n borb\u00f3nica \u2013con Alfonso XII como jefe de Estado\u2013. Por tanto, no es la \u00fanica ley anterior a 1978 que hay en vigor en Espa\u00f1a.<\/div>\n<p class=\"article-text\" style=\"text-align: justify;\">El juez tiene dudas sobre si la iniciativa del grupo de vecinos de Esporles saldr\u00e1 adelante. \u201cCreo que no hay vulneraci\u00f3n de derechos fundamentales, salvo que entendamos que negar el acceso al resultado de la encuesta que se realiz\u00f3 fuese una vulneraci\u00f3n del derecho a recibir libremente informaci\u00f3n veraz\u201d, afirma Yllanes. El magistrado indica que tal vez tenga m\u00e1s recorrido plantear un recurso de inconstitucionalidad. \u201cUna ley de 1968 seguramente presenta defectos de constitucionalidad una vez entrada en vigor la Constituci\u00f3n de 1978\u201d, argumenta Yllanes. \u201cSer\u00eda interesante que desde el Defensor del Pueblo se pudiese plantear esa cuesti\u00f3n de inconstitucionalidad ante el Tribunal Constitucionalidad respecto de una ley aprobada durante el franquismo\u201d, recalca el juez.<\/p>\n<p class=\"authors\"><strong><a href=\"https:\/\/www.eldiario.es\/autores\/nicolas_ribas\/\" data-mrf-link=\"https:\/\/www.eldiario.es\/autores\/nicolas_ribas\/\">Nicol\u00e1s Ribas<\/a> \/ <a href=\"https:\/\/www.eldiario.es\/autores\/francisco-ubilla\/\" data-mrf-link=\"https:\/\/www.eldiario.es\/autores\/francisco-ubilla\/\">Francisco Ubilla<\/a><\/strong><\/p>\n<p>FOTO: <span class=\"title\">Los vecinos de Esporles que pelean para que la encuesta del Gobierno de Su\u00e1rez sea p\u00fablica. <span class=\"author\"> Francisco Ubilla<\/span><\/span><\/p>\n<p>https:\/\/www.eldiario.es\/illes-balears\/sociedad\/pueblo-lucha-conocer-encuesta-adolfo-suarez-daba-victoria-republica_1_10340918.html<\/p>\n<div class=\"date-comments-wrapper\"><time class=\"date\" datetime=\"2023-06-30T22:13:53+02:00\"> <span class=\"day\"><br \/>\n<\/span><\/time><\/div>\n<\/div>\n<\/div>\n<\/div>\n<\/div>\n","protected":false},"excerpt":{"rendered":"<p>Un grupo vecinos de Mallorca ha registrado una petici\u00f3n ante el Defensor del Pueblo para&#8230;<\/p>\n","protected":false},"author":1,"featured_media":62681,"comment_status":"closed","ping_status":"closed","sticky":false,"template":"","format":"standard","meta":{"_coblocks_attr":"","_coblocks_dimensions":"","_coblocks_responsive_height":"","_coblocks_accordion_ie_support":"","jetpack_post_was_ever_published":false,"_jetpack_newsletter_access":"","_jetpack_dont_email_post_to_subs":false,"_jetpack_newsletter_tier_id":0,"_jetpack_memberships_contains_paywalled_content":false,"_jetpack_memberships_contains_paid_content":false,"footnotes":"","jetpack_publicize_message":"","jetpack_publicize_feature_enabled":true,"jetpack_social_post_already_shared":false,"jetpack_social_options":{"image_generator_settings":{"template":"highway","default_image_id":0,"enabled":false},"version":2}},"categories":[1161,44,7671,15],"tags":[703,10550],"class_list":["post-62645","post","type-post","status-publish","format-standard","has-post-thumbnail","hentry","category-ciudadania","category-noticias-de-hoy","category-politica","category-ultimas-noticias","tag-encuesta","tag-monarquia-o-republica"],"jetpack_publicize_connections":[],"jetpack_featured_media_url":"https:\/\/i0.wp.com\/miradordeatarfe.es\/wp-content\/uploads\/2023\/07\/Screenshot-2023-07-21-at-11-22-26-El-pueblo-que-lucha-para-conocer-la-encuesta-de-Adolfo-Suarez-que-daba-la-victoria-a-la-Republica.png?fit=369%2C218&ssl=1","jetpack_likes_enabled":true,"jetpack_sharing_enabled":true,"_links":{"self":[{"href":"https:\/\/miradordeatarfe.es\/index.php?rest_route=\/wp\/v2\/posts\/62645","targetHints":{"allow":["GET"]}}],"collection":[{"href":"https:\/\/miradordeatarfe.es\/index.php?rest_route=\/wp\/v2\/posts"}],"about":[{"href":"https:\/\/miradordeatarfe.es\/index.php?rest_route=\/wp\/v2\/types\/post"}],"author":[{"embeddable":true,"href":"https:\/\/miradordeatarfe.es\/index.php?rest_route=\/wp\/v2\/users\/1"}],"replies":[{"embeddable":true,"href":"https:\/\/miradordeatarfe.es\/index.php?rest_route=%2Fwp%2Fv2%2Fcomments&post=62645"}],"version-history":[{"count":2,"href":"https:\/\/miradordeatarfe.es\/index.php?rest_route=\/wp\/v2\/posts\/62645\/revisions"}],"predecessor-version":[{"id":62682,"href":"https:\/\/miradordeatarfe.es\/index.php?rest_route=\/wp\/v2\/posts\/62645\/revisions\/62682"}],"wp:featuredmedia":[{"embeddable":true,"href":"https:\/\/miradordeatarfe.es\/index.php?rest_route=\/wp\/v2\/media\/62681"}],"wp:attachment":[{"href":"https:\/\/miradordeatarfe.es\/index.php?rest_route=%2Fwp%2Fv2%2Fmedia&parent=62645"}],"wp:term":[{"taxonomy":"category","embeddable":true,"href":"https:\/\/miradordeatarfe.es\/index.php?rest_route=%2Fwp%2Fv2%2Fcategories&post=62645"},{"taxonomy":"post_tag","embeddable":true,"href":"https:\/\/miradordeatarfe.es\/index.php?rest_route=%2Fwp%2Fv2%2Ftags&post=62645"}],"curies":[{"name":"wp","href":"https:\/\/api.w.org\/{rel}","templated":true}]}}