{"id":62648,"date":"2023-07-06T09:05:59","date_gmt":"2023-07-06T07:05:59","guid":{"rendered":"https:\/\/miradordeatarfe.es\/?p=62648"},"modified":"2023-07-21T11:15:29","modified_gmt":"2023-07-21T09:15:29","slug":"la-ciencia-y-no-solo-la-nasa-insiste-en-cascada-la-situacion-de-donana-es-critica-y-la-ley-de-regadios-puede-ser-el-remate","status":"publish","type":"post","link":"https:\/\/miradordeatarfe.es\/?p=62648","title":{"rendered":"La ciencia, y no s\u00f3lo la NASA, insiste en cascada: la situaci\u00f3n de Do\u00f1ana es cr\u00edtica y la ley de regad\u00edos puede ser el remate"},"content":{"rendered":"<h3 style=\"text-align: justify;\">Otros dos nuevos estudios cient\u00edficos, al margen del que se ha hecho eco la Administraci\u00f3n Espacial de EEUU, alertan de la mala situaci\u00f3n del enclave e incluso cargan contra la legislaci\u00f3n que ultiman PP y Vox<\/h3>\n<p class=\"article-text\" style=\"text-align: justify;\">Do\u00f1ana atraviesa uno de los momentos m\u00e1s cr\u00edticos de su historia. La sequ\u00eda, el aumento de temperaturas, la sobreexplotaci\u00f3n del acu\u00edfero y la presi\u00f3n agr\u00edcola y tur\u00edstica por el agua, entre otros factores, conforman un c\u00f3ctel dram\u00e1tico para un paraje que, encima, se enfrenta a la amenaza a\u00f1adida que supone la ley para la legalizaci\u00f3n de cultivos en su entorno que se tramita en el Parlamento andaluz (y a la que ahora otra vez <a class=\"link\" href=\"https:\/\/www.eldiario.es\/andalucia\/moreno-vuelve-paralizar-ley-regadios-donana-despues-elecciones-generales_1_10332507.html\" data-mrf-recirculation=\"links-noticia\" data-mrf-link=\"https:\/\/www.eldiario.es\/andalucia\/moreno-vuelve-paralizar-ley-regadios-donana-despues-elecciones-generales_1_10332507.html\">se le ha echado el freno hasta despu\u00e9s de las elecciones del 23J<\/a>). La voz de la comunidad cient\u00edfica es una de las que m\u00e1s est\u00e1 elevando el tono para alertar sobre lo que est\u00e1 ocurriendo, lo que en las \u00faltimas semanas ha tenido su reflejo en la publicaci\u00f3n de varios art\u00edculos en revistas de referencia internacional, como el que ha tenido tanta trascendencia gracias a que la mism\u00edsima NASA, la Administraci\u00f3n Espacial de EEUU, <a class=\"link\" href=\"https:\/\/www.eldiario.es\/andalucia\/huelva\/nasa-le-pone-altavoz-problema-donana-alerta-parque-seca-presion-agricola-turistica_1_10333267.html\" data-mrf-recirculation=\"links-noticia\" data-mrf-link=\"https:\/\/www.eldiario.es\/andalucia\/huelva\/nasa-le-pone-altavoz-problema-donana-alerta-parque-seca-presion-agricola-turistica_1_10333267.html\">lo ha analizado y difundido<\/a>.<\/p>\n<p class=\"article-text\" style=\"text-align: justify;\">La investigaci\u00f3n m\u00e1s reciente <a class=\"link\" href=\"https:\/\/www.nature.com\/articles\/s44221-023-00100-w\" target=\"_blank\" rel=\"noopener\" data-mrf-recirculation=\"links-noticia\" data-mrf-link=\"https:\/\/www.nature.com\/articles\/s44221-023-00100-w\">vio la luz hace escasos d\u00edas en la prestigiosa <\/a><a class=\"link\" href=\"https:\/\/www.nature.com\/articles\/s44221-023-00100-w\" target=\"_blank\" rel=\"noopener\" data-mrf-recirculation=\"links-noticia\" data-mrf-link=\"https:\/\/www.nature.com\/articles\/s44221-023-00100-w\"><em>Nature Water<\/em><\/a>, y tiene un t\u00edtulo bastante expl\u00edcito: <em>C\u00f3mo el humedal m\u00e1s ic\u00f3nico de Europa puede acabar liquidado por una ley para el de cultivo de fresas<\/em>. \u201cDo\u00f1ana es una de las \u00e1reas protegidas m\u00e1s ic\u00f3nicas de Europa, pero ha estado degrad\u00e1ndose durante d\u00e9cadas. Un reciente proyecto de ley que legaliza la ocupaci\u00f3n ilegal de terreno para el cultivo intensivo de fresa en sus alrededores corre el riesgo de devastarla por completo\u201d, afirman los autores, Luis Santamar\u00eda, de la <a class=\"link\" href=\"http:\/\/www.ebd.csic.es\/\" target=\"_blank\" rel=\"noopener\" data-mrf-recirculation=\"links-noticia\" data-mrf-link=\"http:\/\/www.ebd.csic.es\/\">Estaci\u00f3n Biol\u00f3gica de Do\u00f1ana<\/a>, y Julia Mart\u00edn Ortega, de la Universidad de Leeds.<\/p>\n<p class=\"article-text\" style=\"text-align: justify;\">El an\u00e1lisis reitera mensajes que se acumulan sobre este paraje, como que la r\u00e1pida intensificaci\u00f3n de la agricultura y el turismo en sus alrededores, el pastoreo excesivo e incendios forestales \u201crecurrentes\u201d se han unido para provocar \u201cuna profunda escasez y contaminaci\u00f3n de las aguas superficiales y la sobreexplotaci\u00f3n de las aguas subterr\u00e1neas\u201d. Y aunque el entorno conserva una \u201cbiodiversidad excepcional\u201d, s\u00ed se pone el dedo en la llaga de que, si no se toman medidas efectivas, \u201cestamos a las puertas de la p\u00e9rdida completa de su valor de conservaci\u00f3n\u201d.<\/p>\n<h3 class=\"article-text\" style=\"text-align: justify;\">\u201cEl golpe definitivo a este espacio ic\u00f3nico\u201d<\/h3>\n<p class=\"article-text\" style=\"text-align: justify;\">Por eso, el estudio es especialmente duro con la ley de PP y Vox, al que reprocha que, incluso si no consigue conceder m\u00e1s derechos de riego, \u201calimenta la peligrosa narrativa de polarizaci\u00f3n entre agricultura y conservaci\u00f3n que est\u00e1 ganando terreno en Europa en los \u00faltimos a\u00f1os\u201d. Adem\u00e1s de recordar que la proposici\u00f3n de ley ha recibido una fuerte oposici\u00f3n de cient\u00edficos y conservacionistas \u201cy ha provocado un enfrentamiento sin precedentes con la Comisi\u00f3n Europea\u201d, se lamenta que su combinaci\u00f3n \u201ccon otras pol\u00edticas err\u00f3neas\u201d compromete los esfuerzos realizados para asegurar la supervivencia a largo plazo de Do\u00f1ana, \u201cpudiendo asestar el golpe definitivo a este espacio ic\u00f3nico\u201d. \u201cS\u00f3lo podemos esperar que las reacciones en contra de su aprobaci\u00f3n marquen un punto de inflexi\u00f3n que desencadene una nueva era de pol\u00edticas de planificaci\u00f3n y conservaci\u00f3n valientes y basadas en pruebas\u201d, concluye.<\/p>\n<figure style=\"text-align: justify;\"><picture class=\"news-image\"><source srcset=\"https:\/\/static.eldiario.es\/clip\/682ad7e7-cf21-48bb-8007-492637851e9b_source-aspect-ratio_50p_0.webp\" type=\"image\/webp\" media=\"(max-width: 576px)\" \/><source srcset=\"https:\/\/static.eldiario.es\/clip\/682ad7e7-cf21-48bb-8007-492637851e9b_source-aspect-ratio_50p_0.jpg\" type=\"image\/jpg\" media=\"(max-width: 576px)\" \/><source srcset=\"https:\/\/static.eldiario.es\/clip\/682ad7e7-cf21-48bb-8007-492637851e9b_source-aspect-ratio_75p_0.webp\" type=\"image\/webp\" media=\"(max-width: 768px)\" \/><source srcset=\"https:\/\/static.eldiario.es\/clip\/682ad7e7-cf21-48bb-8007-492637851e9b_source-aspect-ratio_75p_0.jpg\" type=\"image\/jpg\" media=\"(max-width: 768px)\" \/><source srcset=\"https:\/\/static.eldiario.es\/clip\/682ad7e7-cf21-48bb-8007-492637851e9b_source-aspect-ratio_default_0.webp\" type=\"image\/webp\" media=\"(min-width: 769px)\" \/><source srcset=\"https:\/\/static.eldiario.es\/clip\/682ad7e7-cf21-48bb-8007-492637851e9b_source-aspect-ratio_default_0.jpg\" type=\"image\/jpg\" media=\"(min-width: 769px)\" \/><img class=\"lazy entered exited\" alt=\"\" \/> <\/picture><figcaption class=\"image-footer\"><span class=\"title\"> Im\u00e1genes analizadas en el estudio del que se ha hecho eco la NASA. <\/span><\/figcaption><\/figure>\n<p class=\"article-text\" style=\"text-align: justify;\">Una segunda investigaci\u00f3n, en este caso depositada en Digital CSIC y en proceso de revisi\u00f3n para su publicaci\u00f3n en la revista <a class=\"link\" href=\"https:\/\/www.springer.com\/journal\/13157\/\" target=\"_blank\" rel=\"noopener\" data-mrf-recirculation=\"links-noticia\" data-mrf-link=\"https:\/\/www.springer.com\/journal\/13157\/\"><em>Wetlands<\/em><\/a>, viene a ser la respuesta de un nutrido grupo de nada menos que 20 cient\u00edficos a un <a class=\"link\" href=\"https:\/\/link.springer.com\/article\/10.1007\/s13157-022-01570-6#Sec18\" target=\"_blank\" rel=\"noopener\" data-mrf-recirculation=\"links-noticia\" data-mrf-link=\"https:\/\/link.springer.com\/article\/10.1007\/s13157-022-01570-6#Sec18\">art\u00edculo previo que provoc\u00f3 bastante revuelo<\/a> entre los investigadores que trabajan habitualmente sobre el terreno ya en el que se conclu\u00eda que no hab\u00eda evidencias contundentes para responsabilizar a la agricultura de frutos rojos de la mala situaci\u00f3n del acu\u00edfero. El t\u00edtulo de <a class=\"link\" href=\"https:\/\/digital.csic.es\/handle\/10261\/310794\" target=\"_blank\" rel=\"noopener\" data-mrf-recirculation=\"links-noticia\" data-mrf-link=\"https:\/\/digital.csic.es\/handle\/10261\/310794\">esta nueva publicaci\u00f3n con la que se replica<\/a> es ya en s\u00ed toda una declaraci\u00f3n de intenciones: <em>La extracci\u00f3n de agua subterr\u00e1nea ha causado un gran da\u00f1o ecol\u00f3gico al sitio del Patrimonio Mundial de Do\u00f1ana<\/em>.<\/p>\n<p class=\"article-text\" style=\"text-align: justify;\">El documento se\u00f1ala que los autores de aquel trabajo (con Michael Acreman, de Centro de Ecolog\u00eda e Hidrolog\u00eda de Wallingford, en Reino Unido, como firma principal) \u201cinvolucraron a pocos cient\u00edficos locales, utilizaron una metodolog\u00eda cuestionable en la selecci\u00f3n y participaci\u00f3n de las partes interesadas, utilizaron un marco conceptual defectuoso y una revisi\u00f3n bibliogr\u00e1fica incompleta\u201d. \u201cPasaron por alto o malinterpretaron la evidencia clave y subestimaron los impactos que la extracci\u00f3n para el riego de frutos rojos (principalmente fresas), arroz y otros cultivos han tenido en Do\u00f1ana y su biodiversidad\u201d, con lo que \u201cconcluyeron err\u00f3neamente que no hay evidencia de impactos en el ecosistema\u201d de lagunas.<\/p>\n<h3 class=\"article-text\" style=\"text-align: justify;\">\u201cSe necesitan medidas urgentes\u201d<\/h3>\n<p class=\"article-text\" style=\"text-align: justify;\">En clara contradicci\u00f3n con estas conclusiones, los autores del nuevo informe se\u00f1alan que \u201cexiste una fuerte evidencia cient\u00edfica de que la extracci\u00f3n de agua subterr\u00e1nea ya ha causado un da\u00f1o ecol\u00f3gico importante a Do\u00f1ana, y que este da\u00f1o est\u00e1 aumentando con el tiempo\u201d. El m\u00e9todo utilizado, a su juicio, fue \u201cincompleto y mal aplicado\u201d fruto de la complejidad de un entorno como el de Do\u00f1ana, donde insisten en que \u201cse necesitan medidas urgentes para reducir sustancialmente los niveles de extracci\u00f3n de agua subterr\u00e1nea para la agricultura y el turismo\u201d.<\/p>\n<figure style=\"text-align: justify;\"><picture class=\"news-image\"><source srcset=\"https:\/\/static.eldiario.es\/clip\/b0208f76-d18e-4af8-b5e1-9d69cba7acac_16-9-aspect-ratio_50p_0.webp\" type=\"image\/webp\" media=\"(max-width: 576px)\" \/><source srcset=\"https:\/\/static.eldiario.es\/clip\/b0208f76-d18e-4af8-b5e1-9d69cba7acac_16-9-aspect-ratio_50p_0.jpg\" type=\"image\/jpg\" media=\"(max-width: 576px)\" \/><source srcset=\"https:\/\/static.eldiario.es\/clip\/b0208f76-d18e-4af8-b5e1-9d69cba7acac_16-9-aspect-ratio_75p_0.webp\" type=\"image\/webp\" media=\"(max-width: 768px)\" \/><source srcset=\"https:\/\/static.eldiario.es\/clip\/b0208f76-d18e-4af8-b5e1-9d69cba7acac_16-9-aspect-ratio_75p_0.jpg\" type=\"image\/jpg\" media=\"(max-width: 768px)\" \/><source srcset=\"https:\/\/static.eldiario.es\/clip\/b0208f76-d18e-4af8-b5e1-9d69cba7acac_16-9-aspect-ratio_default_0.webp\" type=\"image\/webp\" media=\"(min-width: 769px)\" \/><source srcset=\"https:\/\/static.eldiario.es\/clip\/b0208f76-d18e-4af8-b5e1-9d69cba7acac_16-9-aspect-ratio_default_0.jpg\" type=\"image\/jpg\" media=\"(min-width: 769px)\" \/><img class=\"lazy entered exited\" alt=\"\" \/> <\/picture><figcaption class=\"image-footer\"><span class=\"title\"> Flamencos al atardecer en la laguna Dulce de Do\u00f1ana. <span class=\"author\"> Jorge Monje<\/span> <\/span><\/figcaption><\/figure>\n<p class=\"article-text\" style=\"text-align: justify;\">En sus conclusiones, los autores no ahorran reproches, insistiendo en la necesidad de \u201cser m\u00e1s inclusivos, rigurosos y transparentes\u201d e incluir literatura cient\u00edfica \u201cque no est\u00e1 escrita en ingl\u00e9s\u201d. Adem\u00e1s de reivindicar tambi\u00e9n la participaci\u00f3n de investigadores que conozcan el terreno, se llega a apuntar que se utilizan verificadores con conflictos de intereses, y en este sentido proponen \u201cexcluir a los responsables de administrar las \u00e1reas protegidas o su suministro de agua.<\/p>\n<div id=\"container-after-news-outlook\" style=\"text-align: justify;\">\n<h6 class=\"warning-message\">el art\u00edculo contin\u00faa despu\u00e9s del siguiente mensaje<\/h6>\n<div id=\"container-after-news-inside\">\n<h2 class=\"outlook-header\">Do\u00f1ana: el Parque Nacional que se seca<\/h2>\n<\/div>\n<\/div>\n<p class=\"article-text\" style=\"text-align: justify;\">Por \u00faltimo, el <a class=\"link\" href=\"https:\/\/www.sciencedirect.com\/science\/article\/pii\/S0048969723019484?via%3Dihub\" target=\"_blank\" rel=\"noopener\" data-mrf-recirculation=\"links-noticia\" data-mrf-link=\"https:\/\/www.sciencedirect.com\/science\/article\/pii\/S0048969723019484?via%3Dihub\"><span class=\"highlight\">trabajo al que le ha dado tanta visibilidad la NASA<\/span><\/a> lo firman tres investigadores de la <a class=\"link\" href=\"http:\/\/www.ebd.csic.es\/\" target=\"_blank\" rel=\"noopener\" data-mrf-recirculation=\"links-noticia\" data-mrf-link=\"http:\/\/www.ebd.csic.es\/\"><span class=\"highlight\">Estaci\u00f3n Biol\u00f3gica de Do\u00f1ana<\/span><\/a>, se public\u00f3 en <em>ScienceDirect<\/em> y se centra en repasar 442 im\u00e1genes del <a class=\"link\" href=\"https:\/\/pnt.ign.es\/programa-landsat\" target=\"_blank\" rel=\"noopener\" data-mrf-recirculation=\"links-noticia\" data-mrf-link=\"https:\/\/pnt.ign.es\/programa-landsat\"><span class=\"highlight\">sat\u00e9lite Landsat<\/span><\/a> tomadas durante 34 a\u00f1os, entre 1985 y 2018. Las conclusiones entroncan con las de otros estudios anteriores y lo que los cient\u00edficos vienen denunciando desde hace a\u00f1os: la sequ\u00eda, el turismo (Matalasca\u00f1as) y el cultivo de fresas est\u00e1n devorando el agua del acu\u00edfero y secando este paraje natural. De las 316 lagunas monitorizadas por sat\u00e9lite, el 59% \u201cpueden considerarse desecadas, ya que no se inundaron como m\u00ednimo desde 2013\u201d, y m\u00e1s del 80% \u201cest\u00e1n experimentando anomal\u00edas negativas de inundaci\u00f3n, <a class=\"link\" href=\"https:\/\/www.eldiario.es\/andalucia\/sostenibilidad\/pinares-vegetacion-terrestre-invaden-lagunas-donana-falta-agua_1_8901467.html\" data-mrf-recirculation=\"links-noticia\" data-mrf-link=\"https:\/\/www.eldiario.es\/andalucia\/sostenibilidad\/pinares-vegetacion-terrestre-invaden-lagunas-donana-falta-agua_1_8901467.html\"><span class=\"highlight\">estando muchas de ellas ahora cubiertas por vegetaci\u00f3n terrestre<\/span><\/a>\u201d.<\/p>\n<p class=\"article-text\" style=\"text-align: justify;\">La investigaci\u00f3n reitera que la situaci\u00f3n pone en peligro \u201cuna biodiversidad \u00fanica en Europa\u201d, lamenta el \u201cdeclive\u201d del paisaje acu\u00e1tico del entorno e insta a la puesta en marcha de \u201cmedidas urgentes de gesti\u00f3n\u201d. De paso, no olvida lanzar una puya contra la ley para legalizar regad\u00edos de PP y Vox, que considera \u201ccontraria a la intenci\u00f3n de restaurar la hidrolog\u00eda del acu\u00edfero de Do\u00f1ana\u201d. Con esta norma, apostilla, \u201clas amenazas a los humedales de Do\u00f1ana persisten\u201d.<\/p>\n<p style=\"text-align: justify;\"><a href=\"https:\/\/www.eldiario.es\/autores\/antonio_morente\/\" data-mrf-link=\"https:\/\/www.eldiario.es\/autores\/antonio_morente\/\"><strong>Antonio Morente<\/strong><\/a><\/p>\n<div class=\"second-col\">\n<figure class=\"ni-figure\"><figcaption class=\"image-footer\"><span class=\"title\">FOTO: La laguna de Santa Olalla lleg\u00f3 a secarse por completo el a\u00f1o pasado. <span class=\"author\"> Carmen D\u00edaz Paniagua (EBD-CSIC)<\/span> <\/span><\/figcaption><\/figure>\n<\/div>\n<footer class=\"news-info  has-button-follow\" data-mrf-recirculation=\"firma\">\n<div class=\"info-wrapper\">\n<p>https:\/\/www.eldiario.es\/andalucia\/huelva\/ciencia-no-nasa-insiste-cascada-situacion-donana-critica-ley-regadios-remate_1_10331101.html<\/p>\n<\/div>\n<\/footer>\n","protected":false},"excerpt":{"rendered":"<p>Otros dos nuevos estudios cient\u00edficos, al margen del que se ha hecho eco la Administraci\u00f3n&#8230;<\/p>\n","protected":false},"author":1,"featured_media":62677,"comment_status":"closed","ping_status":"closed","sticky":false,"template":"","format":"standard","meta":{"_coblocks_attr":"","_coblocks_dimensions":"","_coblocks_responsive_height":"","_coblocks_accordion_ie_support":"","jetpack_post_was_ever_published":false,"_jetpack_newsletter_access":"","_jetpack_dont_email_post_to_subs":false,"_jetpack_newsletter_tier_id":0,"_jetpack_memberships_contains_paywalled_content":false,"_jetpack_memberships_contains_paid_content":false,"footnotes":"","jetpack_publicize_message":"","jetpack_publicize_feature_enabled":true,"jetpack_social_post_already_shared":false,"jetpack_social_options":{"image_generator_settings":{"template":"highway","default_image_id":0,"enabled":false},"version":2}},"categories":[1161,44,7671,6937,15],"tags":[2791,1877],"class_list":["post-62648","post","type-post","status-publish","format-standard","has-post-thumbnail","hentry","category-ciudadania","category-noticias-de-hoy","category-politica","category-sociedad","category-ultimas-noticias","tag-donana","tag-sequia"],"jetpack_publicize_connections":[],"jetpack_featured_media_url":"https:\/\/i0.wp.com\/miradordeatarfe.es\/wp-content\/uploads\/2023\/07\/BRU9946_flamencos_Bruno-Duran-FGN_0.jpg?fit=1600%2C900&ssl=1","jetpack_likes_enabled":true,"jetpack_sharing_enabled":true,"_links":{"self":[{"href":"https:\/\/miradordeatarfe.es\/index.php?rest_route=\/wp\/v2\/posts\/62648","targetHints":{"allow":["GET"]}}],"collection":[{"href":"https:\/\/miradordeatarfe.es\/index.php?rest_route=\/wp\/v2\/posts"}],"about":[{"href":"https:\/\/miradordeatarfe.es\/index.php?rest_route=\/wp\/v2\/types\/post"}],"author":[{"embeddable":true,"href":"https:\/\/miradordeatarfe.es\/index.php?rest_route=\/wp\/v2\/users\/1"}],"replies":[{"embeddable":true,"href":"https:\/\/miradordeatarfe.es\/index.php?rest_route=%2Fwp%2Fv2%2Fcomments&post=62648"}],"version-history":[{"count":2,"href":"https:\/\/miradordeatarfe.es\/index.php?rest_route=\/wp\/v2\/posts\/62648\/revisions"}],"predecessor-version":[{"id":62678,"href":"https:\/\/miradordeatarfe.es\/index.php?rest_route=\/wp\/v2\/posts\/62648\/revisions\/62678"}],"wp:featuredmedia":[{"embeddable":true,"href":"https:\/\/miradordeatarfe.es\/index.php?rest_route=\/wp\/v2\/media\/62677"}],"wp:attachment":[{"href":"https:\/\/miradordeatarfe.es\/index.php?rest_route=%2Fwp%2Fv2%2Fmedia&parent=62648"}],"wp:term":[{"taxonomy":"category","embeddable":true,"href":"https:\/\/miradordeatarfe.es\/index.php?rest_route=%2Fwp%2Fv2%2Fcategories&post=62648"},{"taxonomy":"post_tag","embeddable":true,"href":"https:\/\/miradordeatarfe.es\/index.php?rest_route=%2Fwp%2Fv2%2Ftags&post=62648"}],"curies":[{"name":"wp","href":"https:\/\/api.w.org\/{rel}","templated":true}]}}