{"id":62686,"date":"2023-07-21T12:30:13","date_gmt":"2023-07-21T10:30:13","guid":{"rendered":"https:\/\/miradordeatarfe.es\/?p=62686"},"modified":"2023-11-01T13:29:55","modified_gmt":"2023-11-01T12:29:55","slug":"entre-mentiras-y-penitencias-por-juan-de-dios-villanueva-roa","status":"publish","type":"post","link":"https:\/\/miradordeatarfe.es\/?p=62686","title":{"rendered":"\u00abEntre mentiras y penitencias\u00bb por Juan de Dios Villanueva Roa"},"content":{"rendered":"<p style=\"text-align: justify;\">Nos aproximamos al final de la campa\u00f1a electoral, una campa\u00f1a que har\u00e1 que muchos vayan al infierno, otros al purgatorio y la mentira ascienda al Olimpo.<\/p>\n<p style=\"text-align: justify;\">Es frecuente que algunas gentes busquen alcanzar sus objetivos apoy\u00e1ndose en falacias, en el desconocimiento del interlocutor, en que se considera la cosa como un men\u00fa a renovar junto con todo el servicio; tambi\u00e9n en los errores de quien deber\u00eda haber dejado los avances claros y no permitir que se embarrase lo realizado. Las cosas que hemos o\u00eddo en estos \u00faltimos tiempos han sido de tratamiento psiqui\u00e1trico o pastoral, apunt\u00e9monos donde queramos.<\/p>\n<p style=\"text-align: justify;\">Que alguien tan gris como N\u00fa\u00f1ez pueda alcanzar la presidencia de Espa\u00f1a es se\u00f1al de que muchas cosas no se han hecho bien por parte de las izquierdas, pero la primera ser\u00e1 no ir a votar, ser ap\u00e1ticos frente a sus ideas, justificar su inacci\u00f3n en hechos que tal vez no han sucedido. Dejarlo en manos de la ultraderecha y de N\u00fa\u00f1ez porque dicen que se ha gobernado con Bildu, olvidar que el PP meti\u00f3 a centenares de polic\u00edas en un barco con un Piol\u00edn y los enfrent\u00f3 a unas calles que ard\u00edan, no considerar la pandemia, sus consecuencias y las acciones llevadas a cabo, ni la recuperaci\u00f3n econ\u00f3mica y evitar que miles de empresas cayesen, que la guerra europea haya roto actuaciones que ahora est\u00e1n recuper\u00e1ndose de forma evidente, la subida de las pensiones, del salario m\u00ednimo\u2026 solo demuestra que hay gentes que anteponen su orgullo al bien com\u00fan.<\/p>\n<p style=\"text-align: justify;\">Ignoro qui\u00e9n ganar\u00e1, pero dentro de un par de a\u00f1os la inmensa mayor\u00eda sabremos los otros resultados, y algunos igual ya no tendr\u00e1n opci\u00f3n para cambiar. Habr\u00e1 que preguntarles entonces.<\/p>\n","protected":false},"excerpt":{"rendered":"<p>Nos aproximamos al final de la campa\u00f1a electoral, una campa\u00f1a que har\u00e1 que muchos vayan&#8230;<\/p>\n","protected":false},"author":1,"featured_media":62687,"comment_status":"closed","ping_status":"closed","sticky":false,"template":"","format":"standard","meta":{"_coblocks_attr":"","_coblocks_dimensions":"","_coblocks_responsive_height":"","_coblocks_accordion_ie_support":"","jetpack_post_was_ever_published":false,"_jetpack_newsletter_access":"","_jetpack_dont_email_post_to_subs":false,"_jetpack_newsletter_tier_id":0,"_jetpack_memberships_contains_paywalled_content":false,"_jetpack_memberships_contains_paid_content":false,"footnotes":"","jetpack_publicize_message":"","jetpack_publicize_feature_enabled":true,"jetpack_social_post_already_shared":false,"jetpack_social_options":{"image_generator_settings":{"template":"highway","default_image_id":0,"enabled":false},"version":2}},"categories":[1161,9772,44],"tags":[619,10551,42],"class_list":["post-62686","post","type-post","status-publish","format-standard","has-post-thumbnail","hentry","category-ciudadania","category-opinion-de-juan-de-dios-villanueva","category-noticias-de-hoy","tag-mentiras","tag-penitencia","tag-politica"],"jetpack_publicize_connections":[],"jetpack_featured_media_url":"https:\/\/i0.wp.com\/miradordeatarfe.es\/wp-content\/uploads\/2023\/07\/Sin-titulo-3.jpg?fit=300%2C168&ssl=1","jetpack_likes_enabled":true,"jetpack_sharing_enabled":true,"_links":{"self":[{"href":"https:\/\/miradordeatarfe.es\/index.php?rest_route=\/wp\/v2\/posts\/62686","targetHints":{"allow":["GET"]}}],"collection":[{"href":"https:\/\/miradordeatarfe.es\/index.php?rest_route=\/wp\/v2\/posts"}],"about":[{"href":"https:\/\/miradordeatarfe.es\/index.php?rest_route=\/wp\/v2\/types\/post"}],"author":[{"embeddable":true,"href":"https:\/\/miradordeatarfe.es\/index.php?rest_route=\/wp\/v2\/users\/1"}],"replies":[{"embeddable":true,"href":"https:\/\/miradordeatarfe.es\/index.php?rest_route=%2Fwp%2Fv2%2Fcomments&post=62686"}],"version-history":[{"count":1,"href":"https:\/\/miradordeatarfe.es\/index.php?rest_route=\/wp\/v2\/posts\/62686\/revisions"}],"predecessor-version":[{"id":62688,"href":"https:\/\/miradordeatarfe.es\/index.php?rest_route=\/wp\/v2\/posts\/62686\/revisions\/62688"}],"wp:featuredmedia":[{"embeddable":true,"href":"https:\/\/miradordeatarfe.es\/index.php?rest_route=\/wp\/v2\/media\/62687"}],"wp:attachment":[{"href":"https:\/\/miradordeatarfe.es\/index.php?rest_route=%2Fwp%2Fv2%2Fmedia&parent=62686"}],"wp:term":[{"taxonomy":"category","embeddable":true,"href":"https:\/\/miradordeatarfe.es\/index.php?rest_route=%2Fwp%2Fv2%2Fcategories&post=62686"},{"taxonomy":"post_tag","embeddable":true,"href":"https:\/\/miradordeatarfe.es\/index.php?rest_route=%2Fwp%2Fv2%2Ftags&post=62686"}],"curies":[{"name":"wp","href":"https:\/\/api.w.org\/{rel}","templated":true}]}}