{"id":62689,"date":"2023-07-17T12:32:09","date_gmt":"2023-07-17T10:32:09","guid":{"rendered":"https:\/\/miradordeatarfe.es\/?p=62689"},"modified":"2023-07-22T09:39:01","modified_gmt":"2023-07-22T07:39:01","slug":"votar-en-legitima-defensa-por-remedios-sanchez-2","status":"publish","type":"post","link":"https:\/\/miradordeatarfe.es\/?p=62689","title":{"rendered":"\u00abVOTAR EN LEG\u00cdTIMA DEFENSA\u00bb por  Remedios S\u00e1nchez"},"content":{"rendered":"<p style=\"text-align: justify;\">\u201cEspa\u00f1oles, Franco ha muerto\u201d. Con esta frase rotunda, Arias Navarro hizo saber a la generaci\u00f3n de nuestros abuelos y nuestros padres que exist\u00eda -por fin- la posibilidad de cambiar el blanco y negro del NO+DO, con un s\u00e1trapa \u00a0anciano pescando truchas o firmando penas de muerte mientras tomaba chocolate templado con picatostes antes de irse a dormir, por un porvenir en \u00a0color. Lo cual que, quienes nos precedieron, se tragaron la pena por sus muertos \u00a0enterrados en cunetas o fosas comunes, la angustia de cuarenta a\u00f1os del yugo de la tiran\u00eda y, con sus manos limpias, abrazaron al futuro en beneficio del bien com\u00fan sin dejarse llevar por el resentimiento. Priorizaron lo importante: resta\u00f1ar heridas desde una actitud de concordia.<\/p>\n<p style=\"text-align: justify;\">Por eso fue posible la Constituci\u00f3n, ese librito tan \u00fatil que algunos mandamases de Vox usan para calzar la mesa del despacho. Y, mientras la menosprecian, se llenan pomposamente la boca con la palabra \u201cpatria\u201d, como si mentarla los hiciera due\u00f1os del sentido profundo de lo que implica, olvid\u00e1ndose de aquello que afirm\u00f3 Machado y que viene como anillo al dedo en este contexto que habitamos ahora. Porque lo que pensaba don Antonio en el horror de 1936 y, aunque sigamos sin ser una sociedad perfecta, \u00a0tiene plena vigencia hoy: \u201cen Espa\u00f1a lo mejor es el pueblo. Siempre ha sido lo mismo. En los trances duros, los se\u00f1oritos invocan la patria y la venden; el pueblo no la nombra siquiera, pero la compra con su sangre y la salva\u00bb; cito textual para que no se nos olvide el contexto de tensi\u00f3n en que se escribi\u00f3. Un contexto que, si vamos a las redes sociales, tiene demasiadas similitudes con el actual y debiera empezar a preocuparnos por lo que implica de crispaci\u00f3n, de insulto a quien no ejerza de hooligan de esta ultraderecha que considera Espa\u00f1a un cortijo donde pueden aplicar el ordeno y mando desde su ideolog\u00eda totalitaria. No son balandronadas, es su dogma disparatado; estos meses lo han demostrado con hechos donde gestionan: menosprecio de la igualdad, negacionismo ante la violencia de g\u00e9nero, homofobia, racismo, rescate de contravalores patriarcales franquistas, censura cultural (Lope, Virginia Woolf, Miguel Hern\u00e1ndez), intrusi\u00f3n en la educaci\u00f3n&#8230; A quien le duela la Espa\u00f1a donde hemos cabido todos estas d\u00e9cadas debe estar espantado, porque la Historia nos ha ense\u00f1ado ad\u00f3nde conducen los radicalismos. Coincido con Carmen Calvo en muchas cosas (aprovecho para presumir aqu\u00ed de su amistad generosa), pero hay una idea suya que considero esencial: no se puede perder la memoria de los derechos conquistados con la fuerza de la palabra l\u00facida y honesta, esa que convence con argumentos sensatos, sin embestir. Este pa\u00eds necesita proteger la democracia, la libertad, el respeto, el di\u00e1logo y el consenso. Leer \u00a0m\u00e1s con mente abierta, preservar la heterodoxia de la universidad humanista como espacio de estudio y de cultura independiente. Y le sobra sectarismo prepotente, ambici\u00f3n desbordada y \u00a0la imprudencia irreflexiva que encarnan los fan\u00e1ticos que desprecian lo que se construy\u00f3 entre todos con profunda generosidad. Por eso el d\u00eda 23 de julio, quienes pudimos escuchar la verdad del sufrimiento de las v\u00edctimas de la tragedia que implican las ideas monol\u00edticas, vamos a votar en leg\u00edtima defensa. Por si quedara alguna duda de que las orgullosas herederas de la estirpe de las vencidas somos conscientes de nuestra responsabilidad y no les tenemos ning\u00fan miedo.<\/p>\n<p style=\"text-align: justify;\">foto: https:\/\/www.akal.com\/libro\/vox-el-retorno-de-los-ultras-que-nunca-se-fueron_52484\/<\/p>\n","protected":false},"excerpt":{"rendered":"<p>\u201cEspa\u00f1oles, Franco ha muerto\u201d. Con esta frase rotunda, Arias Navarro hizo saber a la generaci\u00f3n&#8230;<\/p>\n","protected":false},"author":1,"featured_media":62690,"comment_status":"closed","ping_status":"closed","sticky":false,"template":"","format":"standard","meta":{"_coblocks_attr":"","_coblocks_dimensions":"","_coblocks_responsive_height":"","_coblocks_accordion_ie_support":"","jetpack_post_was_ever_published":false,"_jetpack_newsletter_access":"","_jetpack_dont_email_post_to_subs":false,"_jetpack_newsletter_tier_id":0,"_jetpack_memberships_contains_paywalled_content":false,"_jetpack_memberships_contains_paid_content":false,"footnotes":"","jetpack_publicize_message":"","jetpack_publicize_feature_enabled":true,"jetpack_social_post_already_shared":false,"jetpack_social_options":{"image_generator_settings":{"template":"highway","default_image_id":0,"enabled":false},"version":2}},"categories":[1161,44,7671,6914,15],"tags":[10552,10553],"class_list":["post-62689","post","type-post","status-publish","format-standard","has-post-thumbnail","hentry","category-ciudadania","category-noticias-de-hoy","category-politica","category-opinion-de-reme-sanchez","category-ultimas-noticias","tag-ultras","tag-vox-y-pp"],"jetpack_publicize_connections":[],"jetpack_featured_media_url":"https:\/\/i0.wp.com\/miradordeatarfe.es\/wp-content\/uploads\/2023\/07\/cover-52484-2.jpg?fit=1651%2C1598&ssl=1","jetpack_likes_enabled":true,"jetpack_sharing_enabled":true,"_links":{"self":[{"href":"https:\/\/miradordeatarfe.es\/index.php?rest_route=\/wp\/v2\/posts\/62689","targetHints":{"allow":["GET"]}}],"collection":[{"href":"https:\/\/miradordeatarfe.es\/index.php?rest_route=\/wp\/v2\/posts"}],"about":[{"href":"https:\/\/miradordeatarfe.es\/index.php?rest_route=\/wp\/v2\/types\/post"}],"author":[{"embeddable":true,"href":"https:\/\/miradordeatarfe.es\/index.php?rest_route=\/wp\/v2\/users\/1"}],"replies":[{"embeddable":true,"href":"https:\/\/miradordeatarfe.es\/index.php?rest_route=%2Fwp%2Fv2%2Fcomments&post=62689"}],"version-history":[{"count":1,"href":"https:\/\/miradordeatarfe.es\/index.php?rest_route=\/wp\/v2\/posts\/62689\/revisions"}],"predecessor-version":[{"id":62691,"href":"https:\/\/miradordeatarfe.es\/index.php?rest_route=\/wp\/v2\/posts\/62689\/revisions\/62691"}],"wp:featuredmedia":[{"embeddable":true,"href":"https:\/\/miradordeatarfe.es\/index.php?rest_route=\/wp\/v2\/media\/62690"}],"wp:attachment":[{"href":"https:\/\/miradordeatarfe.es\/index.php?rest_route=%2Fwp%2Fv2%2Fmedia&parent=62689"}],"wp:term":[{"taxonomy":"category","embeddable":true,"href":"https:\/\/miradordeatarfe.es\/index.php?rest_route=%2Fwp%2Fv2%2Fcategories&post=62689"},{"taxonomy":"post_tag","embeddable":true,"href":"https:\/\/miradordeatarfe.es\/index.php?rest_route=%2Fwp%2Fv2%2Ftags&post=62689"}],"curies":[{"name":"wp","href":"https:\/\/api.w.org\/{rel}","templated":true}]}}