{"id":62698,"date":"2023-07-22T10:10:53","date_gmt":"2023-07-22T08:10:53","guid":{"rendered":"https:\/\/miradordeatarfe.es\/?p=62698"},"modified":"2023-07-22T10:11:37","modified_gmt":"2023-07-22T08:11:37","slug":"el-movimiento-feminista-reclama-afrontar-la-respuesta-a-las-violencias-machistas-como-una-cuestion-de-estado","status":"publish","type":"post","link":"https:\/\/miradordeatarfe.es\/?p=62698","title":{"rendered":"El movimiento feminista reclama afrontar la respuesta a las violencias machistas como una cuesti\u00f3n de Estado"},"content":{"rendered":"<div id=\"main\">\n<div class=\"item\">\n<div class=\"cols2-2\">\n<div class=\"colA\">\n<h3 class=\"entrad\" style=\"text-align: justify;\">Con una concentraci\u00f3n, la Plataforma 8 de Marzo y 25 de Noviembre denuncia los feminicidios y llama a reaccionar para evitar la reversi\u00f3n de los derechos conquistados por las mujeres.<\/h3>\n<div class=\"cuerpo\">\n<p style=\"text-align: justify;\">La Plataforma 8 de Marzo y 25 de Noviembre expres\u00f3 su condena a los asesinatos machistas con una concentraci\u00f3n en la Fuente de las Batallas en la que reivindic\u00f3 que la respuesta ante la violencia hacia las mujeres se afronte como una cuesti\u00f3n de Estado. El colectivo feminista denuncia los feminicidios y llama a reaccionar para evitar la reversi\u00f3n de los derechos conquistados por las mujeres.\u00a0<\/p>\n<p style=\"text-align: justify;\">Este es el manifiesto, \u00edntegro, que se ley\u00f3 durante la concentraci\u00f3n:\u00a0Condena y repulsa ante los asesinatos machistas en julio 2023<\/p>\n<h3 style=\"text-align: justify;\">CONTRA TODAS LAS VIOLENCIAS MACHISTAS<\/h3>\n<p style=\"text-align: justify;\">La Plataforma 8 de Marzo y 25 de Noviembre Contra la Violencia de G\u00e9nero de Granada, condena y muestra su m\u00e1s absoluta repulsa e indignaci\u00f3n por los asesinatos machistas perpetrados en el mes de julio de 2023 y convoca concentraci\u00f3n el d\u00eda 20 de julio a las 20:30h en la Fuente de las Batallas de Granada<\/p>\n<p style=\"text-align: justify;\">Datos a 10 de julio de 2023:\u00a0<\/p>\n<ul style=\"text-align: justify;\">\n<li>28 mujeres asesinadas en Espa\u00f1a<\/li>\n<li>7 mujeres asesinadas en Andaluc\u00eda<\/li>\n<\/ul>\n<p style=\"text-align: justify;\">De confirmarse, la cifra de mujeres asesinadas por violencia de g\u00e9nero en el \u00e1mbito de las relaciones de pareja\/expareja, ascender\u00eda a 28 en 2023 y a 1212 desde la creaci\u00f3n del Registro de V\u00edctimas de Violencia Machista en 2003 y 33 hu\u00e9rfanas y hu\u00e9rfanos desde 2013.<\/p>\n<p style=\"text-align: justify;\">La Plataforma 8 de marzo y 25 de noviembre contra la Violencia de G\u00e9nero de Granada, manifiesta su m\u00e1s absoluta condena y repulsa ante los \u00faltimos feminicidios, mostrando tambi\u00e9n su solidaridad con las familias, y amistades de las v\u00edctimas.<\/p>\n<p style=\"text-align: justify;\"><a href=\"https:\/\/i0.wp.com\/miradordeatarfe.es\/wp-content\/uploads\/2023\/07\/WhatsApp-Image-2023-07-22-at-10.02.36.jpeg?ssl=1\"><img data-recalc-dims=\"1\" loading=\"lazy\" decoding=\"async\" class=\"wp-image-62700 size-large alignleft\" src=\"https:\/\/i0.wp.com\/miradordeatarfe.es\/wp-content\/uploads\/2023\/07\/WhatsApp-Image-2023-07-22-at-10.02.36.jpeg?resize=618%2C348&#038;ssl=1\" alt=\"\" width=\"618\" height=\"348\" srcset=\"https:\/\/i0.wp.com\/miradordeatarfe.es\/wp-content\/uploads\/2023\/07\/WhatsApp-Image-2023-07-22-at-10.02.36.jpeg?resize=1024%2C576&amp;ssl=1 1024w, https:\/\/i0.wp.com\/miradordeatarfe.es\/wp-content\/uploads\/2023\/07\/WhatsApp-Image-2023-07-22-at-10.02.36.jpeg?resize=300%2C169&amp;ssl=1 300w, https:\/\/i0.wp.com\/miradordeatarfe.es\/wp-content\/uploads\/2023\/07\/WhatsApp-Image-2023-07-22-at-10.02.36.jpeg?resize=768%2C432&amp;ssl=1 768w, https:\/\/i0.wp.com\/miradordeatarfe.es\/wp-content\/uploads\/2023\/07\/WhatsApp-Image-2023-07-22-at-10.02.36.jpeg?resize=1536%2C864&amp;ssl=1 1536w, https:\/\/i0.wp.com\/miradordeatarfe.es\/wp-content\/uploads\/2023\/07\/WhatsApp-Image-2023-07-22-at-10.02.36.jpeg?resize=1320%2C743&amp;ssl=1 1320w, https:\/\/i0.wp.com\/miradordeatarfe.es\/wp-content\/uploads\/2023\/07\/WhatsApp-Image-2023-07-22-at-10.02.36.jpeg?w=1600&amp;ssl=1 1600w\" sizes=\"auto, (max-width: 618px) 100vw, 618px\" \/><\/a>Nos sumamos a las mujeres y hombres que manifiestan su condena ante estos nuevos asesinatos machistas.<\/p>\n<p style=\"text-align: justify;\">Exigimos que la Junta de Andaluc\u00eda ponga en marcha con car\u00e1cter urgente, los servicios que han de desarrollarse seg\u00fan la Ley 7\/2018, que modifica la Ley 13\/2013 de medidas de prevenci\u00f3n y protecci\u00f3n integral contra la violencia de g\u00e9nero, de 30 de julio, aprobada por el Parlamento Andaluz.<\/p>\n<p style=\"text-align: justify;\">La Plataforma 8M\/25N llama a la concienciaci\u00f3n y movilizaci\u00f3n social e insta a los partidos pol\u00edticos a que prioricen este grave problema social en su agenda pol\u00edtica, especialmente en materia de prevenci\u00f3n, por considerar que es una CUESTI\u00d3N DE ESTADO.<\/p>\n<p style=\"text-align: justify;\">Exigimos que se garantice la dotaci\u00f3n presupuestaria adecuada y suficiente para dar cumplimiento a las medidas legislativas de prevenci\u00f3n de la violencia de g\u00e9nero y de protecci\u00f3n y recuperaci\u00f3n de las v\u00edctimas.<\/p>\n<p style=\"text-align: justify;\">Exigimos que las Instituciones con competencia en materia de prevenci\u00f3n, detecci\u00f3n y atenci\u00f3n a las v\u00edctimas de violencia de g\u00e9nero, actualicen sus procedimientos, de forma que sus actuaciones resulten acordes a la realidad de la grave situaci\u00f3n actual.<\/p>\n<p style=\"text-align: justify;\">Exigimos servicios p\u00fablicos que garanticen el acompa\u00f1amiento de las v\u00edctimas de forma eficiente y efectiva a lo largo del proceso que conlleva la separaci\u00f3n del maltratador, fortaleciendo los recursos sociales y t\u00e9cnicos existentes.<\/p>\n<p style=\"text-align: justify;\">Exigimos que se garantice la aplicaci\u00f3n completa de las medidas contenidas en el Pacto de Estado y en la Ley Integral contra la Violencia de G\u00e9nero, la sanci\u00f3n de su incumplimiento y la exigencia de responsabilidades.<\/p>\n<p style=\"text-align: justify;\">Exigimos que se garanticen los medios m\u00e1s adecuados para sensibilizar y concienciar a la sociedad sobre la violencia de g\u00e9nero como el grave problema social que es, ya que atenta contra nuestro sistema de valores y contra los derechos humanos de las mujeres, visibilizando todas las violencias machistas en campa\u00f1as dirigidas a la poblaci\u00f3n y no s\u00f3lo hacia las v\u00edctimas.<\/p>\n<p style=\"text-align: justify;\">Hacemos un llamamiento a la sociedad, para que reaccione ante los numerosos intentos de reversi\u00f3n de los derechos hist\u00f3ricos conquistados por las Mujeres, que observamos en las diferentes instancias de gobierno, a lo largo y ancho del estado espa\u00f1ol, a trav\u00e9s de las posiciones negacionistas de la ultraderecha.<\/p>\n<p style=\"text-align: justify;\">\u00a1NOS QUEREMOS VIVAS!<\/p>\n<p>\u00a1NI UNA MENOS!<\/p>\n<p>\u00a1ERRADICAR LA VIOLENCIA DE G\u00c9NERO ES COSA DE TODAS Y DE TODOS!<\/p>\n<p>\u00a1ES CUESTI\u00d3N DE ESTADO!<\/p>\n<p>\u00a1CONTRA TODAS LAS VIOLENCIASMACHISTAS!<\/p>\n<\/div>\n<p>FOTO: MCV<\/p>\n<p>http:\/\/www.elindependientedegranada.es\/ciudadania\/movimiento-feminista-reclama-afrontar-respuesta-violencias-machistas-como-cuestion-estado<\/p>\n<\/div>\n<\/div>\n<\/div>\n<\/div>\n","protected":false},"excerpt":{"rendered":"<p>Con una concentraci\u00f3n, la Plataforma 8 de Marzo y 25 de Noviembre denuncia los feminicidios&#8230;<\/p>\n","protected":false},"author":1,"featured_media":62699,"comment_status":"closed","ping_status":"closed","sticky":false,"template":"","format":"standard","meta":{"_coblocks_attr":"","_coblocks_dimensions":"","_coblocks_responsive_height":"","_coblocks_accordion_ie_support":"","jetpack_post_was_ever_published":false,"_jetpack_newsletter_access":"","_jetpack_dont_email_post_to_subs":false,"_jetpack_newsletter_tier_id":0,"_jetpack_memberships_contains_paywalled_content":false,"_jetpack_memberships_contains_paid_content":false,"footnotes":"","jetpack_publicize_message":"","jetpack_publicize_feature_enabled":true,"jetpack_social_post_already_shared":false,"jetpack_social_options":{"image_generator_settings":{"template":"highway","default_image_id":0,"enabled":false},"version":2}},"categories":[1161,44,7671,6937,15],"tags":[2150,8993,1546],"class_list":["post-62698","post","type-post","status-publish","format-standard","has-post-thumbnail","hentry","category-ciudadania","category-noticias-de-hoy","category-politica","category-sociedad","category-ultimas-noticias","tag-concentracion","tag-plataforma-8m-25n","tag-violencia-machista"],"jetpack_publicize_connections":[],"jetpack_featured_media_url":"https:\/\/i0.wp.com\/miradordeatarfe.es\/wp-content\/uploads\/2023\/07\/concentracion_mujeres.jpg?fit=650%2C365&ssl=1","jetpack_likes_enabled":true,"jetpack_sharing_enabled":true,"_links":{"self":[{"href":"https:\/\/miradordeatarfe.es\/index.php?rest_route=\/wp\/v2\/posts\/62698","targetHints":{"allow":["GET"]}}],"collection":[{"href":"https:\/\/miradordeatarfe.es\/index.php?rest_route=\/wp\/v2\/posts"}],"about":[{"href":"https:\/\/miradordeatarfe.es\/index.php?rest_route=\/wp\/v2\/types\/post"}],"author":[{"embeddable":true,"href":"https:\/\/miradordeatarfe.es\/index.php?rest_route=\/wp\/v2\/users\/1"}],"replies":[{"embeddable":true,"href":"https:\/\/miradordeatarfe.es\/index.php?rest_route=%2Fwp%2Fv2%2Fcomments&post=62698"}],"version-history":[{"count":2,"href":"https:\/\/miradordeatarfe.es\/index.php?rest_route=\/wp\/v2\/posts\/62698\/revisions"}],"predecessor-version":[{"id":62702,"href":"https:\/\/miradordeatarfe.es\/index.php?rest_route=\/wp\/v2\/posts\/62698\/revisions\/62702"}],"wp:featuredmedia":[{"embeddable":true,"href":"https:\/\/miradordeatarfe.es\/index.php?rest_route=\/wp\/v2\/media\/62699"}],"wp:attachment":[{"href":"https:\/\/miradordeatarfe.es\/index.php?rest_route=%2Fwp%2Fv2%2Fmedia&parent=62698"}],"wp:term":[{"taxonomy":"category","embeddable":true,"href":"https:\/\/miradordeatarfe.es\/index.php?rest_route=%2Fwp%2Fv2%2Fcategories&post=62698"},{"taxonomy":"post_tag","embeddable":true,"href":"https:\/\/miradordeatarfe.es\/index.php?rest_route=%2Fwp%2Fv2%2Ftags&post=62698"}],"curies":[{"name":"wp","href":"https:\/\/api.w.org\/{rel}","templated":true}]}}