{"id":62703,"date":"2023-07-22T10:15:47","date_gmt":"2023-07-22T08:15:47","guid":{"rendered":"https:\/\/miradordeatarfe.es\/?p=62703"},"modified":"2023-07-22T10:16:51","modified_gmt":"2023-07-22T08:16:51","slug":"atarfe-la-asociacion-la-cora-de-elvira-se-reune-con-la-nueva-concejala-de-cultura","status":"publish","type":"post","link":"https:\/\/miradordeatarfe.es\/?p=62703","title":{"rendered":"ATARFE: LA ASOCIACI\u00d3N LA CORA DE ILBIRA SE RE\u00daNE CON LA NUEVA CONCEJALA DE CULTURA"},"content":{"rendered":"<h3 style=\"text-align: justify;\">El d\u00eda 5 de julio de 2023, tuvo lugar la primera reuni\u00f3n de la Junta Directiva de la A.C. \u201cCora de Ilbira\u201d con la nueva Concejala de cultura Jennifer Moreno en\u00a0 el Centro Cultural \u00a0Medina Elvira\u201d de Atarfe \u00a0.<\/h3>\n<p style=\"text-align: justify;\">La reuni\u00f3n se celebr\u00f3 a petici\u00f3n de la Asociaci\u00f3n Cultural, y en la misma se trataron diversos temas relacionados con la recuperaci\u00f3n y puesta en valor de la antigua ciudad de Madinat Ilbira y la colaboraci\u00f3n del Voluntariado en las excavaciones del Yacimiento.<\/p>\n<p style=\"text-align: justify;\">La Junta Directiva mostr\u00f3 a la Concejala su inter\u00e9s, por conocer la situaci\u00f3n del Plan Director, que en palabras de Guillermo Garc\u00eda-Contreras, Director de la C\u00e1tedra G\u00f3mez Moreno de la Universidad de Granada, va a suponer una orientaci\u00f3n positiva en materia de investigaci\u00f3n, urban\u00edstica, protecci\u00f3n etc. Se plantea la necesidad de realizar una Presentaci\u00f3n publica a cargo del personal t\u00e9cnico redactor abierta al p\u00fablico, utilizando paneles informativos de todos los aspectos que contempla el mismo, facilitando as\u00ed la participaci\u00f3n de la ciudadan\u00eda y la posibilidad de aportar alegaciones.<\/p>\n<p style=\"text-align: justify;\">Se habl\u00f3 igualmente de la necesidad de disponer de \u00a0un espacio dedicado al Yacimiento en el Centro Cultural \u201cMedina Elvira\u201d, y a medio plazo de un espacio muse\u00edstico, del Convenio con las empresas hidroel\u00e9ctricas, de la reanudaci\u00f3n de las visitas guiadas organizadas por el Ayuntamiento de Atarfe, con la colaboraci\u00f3n de la C\u00e1tedra Gomez Moreno de la U.G.R.<\/p>\n<p style=\"text-align: justify;\">La Asociaci\u00f3n Cultural propuso a la Concejala la edici\u00f3n de materiales did\u00e1cticos y de difusi\u00f3n, dirigidos a la poblaci\u00f3n infantil y juvenil de los centros educativos del municipio, y que se puedan entregar a quienes visiten el Yacimiento.<\/p>\n<p style=\"text-align: justify;\">Se le expuso la necesidad de regular de manera estable la participaci\u00f3n del Voluntariado en las excavaciones y todo lo relacionado con la normativa a nivel andaluz y las competencias de la Administraciones en esta materia.Se le solicit\u00f3, el apoyo de las redes sociales del Ayuntamiento para la difusi\u00f3n de las actividades organizadas por la A.C. \u201cCora de Ilbira\u201d cuando sean de inter\u00e9s general.<\/p>\n<p style=\"text-align: justify;\">Se le informa a la Concejala, de la posibilidad de participar en un proyecto conjunto con diversos pa\u00edses europeos, a desarrollar durante 6 a\u00f1os con una importante financiaci\u00f3n europea, y en el que el Yacimiento \u201cMedina Elvira\u201d va a tener participaci\u00f3n, a propuesta de la C\u00e1tedra \u201cG\u00f3mez Moreno\u201d de la U.G.R..En la misma l\u00ednea de actuaci\u00f3n, se coment\u00f3 la pr\u00f3xima puesta en marcha de un Proyecto dirigido a la Juventud, convocado y financiado con Fondos Europeos (U.E.) a implementar de manera conjunta con Atarfe Sostenible y otras ONG del municipio.<\/p>\n<p style=\"text-align: justify;\">Igualmente, y al objeto de \u00a0retomar el ritmo de actividades del 2022. se consider\u00f3 muy interesante la organizaci\u00f3n de una actividad en la segunda quincena de septiembre, de forma conjunta, como ya es habitual, entre el Ayuntamiento de Atarfe, la C\u00e1tedra \u201cG\u00f3mez Moreno\u201d de la U.G.R. y la A.C. \u201cCora de Ilbira\u201d,<\/p>\n<p style=\"text-align: justify;\">La Concejala Jennifer Morerno, agradeci\u00f3 el inter\u00e9s de la Asociaci\u00f3n y el trabajo realizado hasta la fecha, informando,\u00a0que desde el Ayuntamiento de Atarfe, ya han realizados diversas gestiones relacionadas con el Plan Director y el Convenio con las empresas hidroel\u00e9ctricas, \u00a0cree que lo m\u00e1s importante es que haya algo visible para captar la atenci\u00f3n de la ciudadan\u00eda, y se plantea proponer a la C\u00e1tedra \u201cG\u00f3mez Moreno\u201d la colaboraci\u00f3n a trav\u00e9s del Servicio de Gu\u00edas que ofrece para dar a conocer el Yacimiento \u201cMedina Elvira\u201d.<\/p>\n<p style=\"text-align: justify;\">La Concejala se comprometi\u00f3 a llevar al Consejo Escolar Municipal, en la primera reuni\u00f3n que se convoque, la existencia del Proyecto de \u201cMedina Elvira\u201d y posibles colaboraciones con los centros educativos del municipio..<\/p>\n<p style=\"text-align: justify;\">Finalmente acepta la propuesta de organizar una visita de la nueva Corporaci\u00f3n Municipal al Yacimiento de \u201cMedina Elvira\u201d para que conozcan mejor los trabajos realizados en materia de investigaci\u00f3n y sus posibilidades del yacimiento.<\/p>\n<p style=\"text-align: justify;\">\u00a0\u00a0\u00a0\u00a0\u00a0\u00a0\u00a0\u00a0\u00a0\u00a0\u00a0\u00a0\u00a0\u00a0\u00a0\u00a0\u00a0\u00a0\u00a0\u00a0\u00a0\u00a0\u00a0\u00a0\u00a0\u00a0\u00a0\u00a0\u00a0\u00a0\u00a0\u00a0\u00a0\u00a0\u00a0\u00a0\u00a0\u00a0\u00a0\u00a0\u00a0\u00a0\u00a0\u00a0\u00a0\u00a0\u00a0\u00a0\u00a0\u00a0<strong><b>\u00a0LA JUNTA DIRECTIVA<\/b><\/strong><\/p>\n<p>FOTO: ALGUNOS MIEMBROS DE LA ASISTENCIA A LA REUNI\u00d3N<\/p>\n","protected":false},"excerpt":{"rendered":"<p>El d\u00eda 5 de julio de 2023, tuvo lugar la primera reuni\u00f3n de la Junta&#8230;<\/p>\n","protected":false},"author":1,"featured_media":62704,"comment_status":"closed","ping_status":"closed","sticky":false,"template":"","format":"standard","meta":{"_coblocks_attr":"","_coblocks_dimensions":"","_coblocks_responsive_height":"","_coblocks_accordion_ie_support":"","jetpack_post_was_ever_published":false,"_jetpack_newsletter_access":"","_jetpack_dont_email_post_to_subs":false,"_jetpack_newsletter_tier_id":0,"_jetpack_memberships_contains_paywalled_content":false,"_jetpack_memberships_contains_paid_content":false,"footnotes":"","jetpack_publicize_message":"","jetpack_publicize_feature_enabled":true,"jetpack_social_post_already_shared":false,"jetpack_social_options":{"image_generator_settings":{"template":"highway","default_image_id":0,"enabled":false},"version":2}},"categories":[2,12,6916,1161,186,9029,44,15],"tags":[7922,10555],"class_list":["post-62703","post","type-post","status-publish","format-standard","has-post-thumbnail","hentry","category-atarfe","category-cultura","category-ayuntamiento-de-atarfe","category-ciudadania","category-instituciones","category-la-cora-de-ilbira","category-noticias-de-hoy","category-ultimas-noticias","tag-la-cora-de-ilbira","tag-reunion-concejala"],"jetpack_publicize_connections":[],"jetpack_featured_media_url":"https:\/\/i0.wp.com\/miradordeatarfe.es\/wp-content\/uploads\/2023\/07\/Sin-titulo-4.jpg?fit=1018%2C800&ssl=1","jetpack_likes_enabled":true,"jetpack_sharing_enabled":true,"_links":{"self":[{"href":"https:\/\/miradordeatarfe.es\/index.php?rest_route=\/wp\/v2\/posts\/62703","targetHints":{"allow":["GET"]}}],"collection":[{"href":"https:\/\/miradordeatarfe.es\/index.php?rest_route=\/wp\/v2\/posts"}],"about":[{"href":"https:\/\/miradordeatarfe.es\/index.php?rest_route=\/wp\/v2\/types\/post"}],"author":[{"embeddable":true,"href":"https:\/\/miradordeatarfe.es\/index.php?rest_route=\/wp\/v2\/users\/1"}],"replies":[{"embeddable":true,"href":"https:\/\/miradordeatarfe.es\/index.php?rest_route=%2Fwp%2Fv2%2Fcomments&post=62703"}],"version-history":[{"count":3,"href":"https:\/\/miradordeatarfe.es\/index.php?rest_route=\/wp\/v2\/posts\/62703\/revisions"}],"predecessor-version":[{"id":62707,"href":"https:\/\/miradordeatarfe.es\/index.php?rest_route=\/wp\/v2\/posts\/62703\/revisions\/62707"}],"wp:featuredmedia":[{"embeddable":true,"href":"https:\/\/miradordeatarfe.es\/index.php?rest_route=\/wp\/v2\/media\/62704"}],"wp:attachment":[{"href":"https:\/\/miradordeatarfe.es\/index.php?rest_route=%2Fwp%2Fv2%2Fmedia&parent=62703"}],"wp:term":[{"taxonomy":"category","embeddable":true,"href":"https:\/\/miradordeatarfe.es\/index.php?rest_route=%2Fwp%2Fv2%2Fcategories&post=62703"},{"taxonomy":"post_tag","embeddable":true,"href":"https:\/\/miradordeatarfe.es\/index.php?rest_route=%2Fwp%2Fv2%2Ftags&post=62703"}],"curies":[{"name":"wp","href":"https:\/\/api.w.org\/{rel}","templated":true}]}}