{"id":62724,"date":"2023-07-23T08:12:47","date_gmt":"2023-07-23T06:12:47","guid":{"rendered":"https:\/\/miradordeatarfe.es\/?p=62724"},"modified":"2023-07-22T11:19:53","modified_gmt":"2023-07-22T09:19:53","slug":"como-son-los-miembros-de-la-generacion-x","status":"publish","type":"post","link":"https:\/\/miradordeatarfe.es\/?p=62724","title":{"rendered":"\u00bfC\u00f3mo son los miembros de la Generaci\u00f3n X?"},"content":{"rendered":"<h3>La mayor\u00eda de los miembros de la llamada Generaci\u00f3n X (nacidos entre 1961 y 1981) tienen vidas activas, equilibradas y felices.<\/h3>\n<p class=\"paragraph\" data-mrf-recirculation=\"Inside article\"><b>Ni mediocres, ni inseguros, ni angustiados<\/b>. La mayor\u00eda de los miembros de la llamada <a title=\"Los miembros de la generaci\u00f3n X se relacionan tanto \" href=\"https:\/\/www.muyinteresante.es\/salud\/19156.html\" data-mrf-link=\"https:\/\/www.muyinteresante.es\/salud\/19156.html\">Generaci\u00f3n X<\/a> (aquellos nacidos <b>entre 1961 y 1980<\/b>) tienen <b>vidas activas, equilibradas y felices<\/b> en las que dedican gran parte de su tiempo libre a la cultura, el ocio al <a title=\"Razones para pasar m\u00e1s tiempo al aire libre, seg\u00fan la ciencia\" href=\"https:\/\/www.muyinteresante.es\/naturaleza\/1013.html\" data-mrf-link=\"https:\/\/www.muyinteresante.es\/naturaleza\/1013.html\">aire libre<\/a> o la <a href=\"https:\/\/www.muyinteresante.es\/salud\/16923.html\" target=\"_blank\" rel=\"noopener\" data-mrf-link=\"https:\/\/www.muyinteresante.es\/salud\/16923.html\">lectura<\/a>. Seg\u00fan un estudio a largo plazo que realiz\u00f3 la <b>Universidad de Michigan<\/b> en el a\u00f1o <b>2011<\/b> los identific\u00f3 como \u201cactivos en sus comunidades, <b>mayormente satisfechos con sus empleos<\/b> y capaces de equilibrar el trabajo, la familia y el esparcimiento\u201d seg\u00fan las preguntas registradas de <b>m\u00e1s de 4.000 integrantes de la Generaci\u00f3n X<\/b>.<\/p>\n<p class=\"paragraph\" data-mrf-recirculation=\"Inside article\">La X es esa generaci\u00f3n que <b>sobrevivi\u00f3 a la fiebre consumista<\/b> de los 80, que vio nacer Internet y caer la burbuja .com de los 90. En sus a\u00f1os de juventud, <b>fueron una generaci\u00f3n rebelde y contracorriente<\/b> que se negaba a aceptar el rancio mundo establecido por los adultos del momento. Fueron la generaci\u00f3n del <i>grunge<\/i> y la <b>movida madrile\u00f1a<\/b>; la generaci\u00f3n que romp\u00eda estereotipos y modelos de conducta. Pero, aunque se la conoci\u00f3 como la \u2018Generaci\u00f3n <a title=\"Mary Blair, la dibujante de Disney que cre\u00f3 a Alicia y a Peter Pan\" href=\"https:\/\/www.muyinteresante.es\/curiosidades\/25051.html\" data-mrf-link=\"https:\/\/www.muyinteresante.es\/curiosidades\/25051.html\">Peter Pan<\/a>\u2019, estos ni\u00f1os perdidos s\u00ed que crecieron y <b>ocuparon el lugar de los adultos contra los que se rebelaron<\/b>.<\/p>\n<p class=\"paragraph\" data-mrf-recirculation=\"Inside article\">Los millones de estadounidenses de esa generaci\u00f3n son los padres y <a title=\"Las madres pasan m\u00e1s tiempo en Facebook despu\u00e9s de dar a luz\" href=\"https:\/\/www.muyinteresante.es\/tecnologia\/4080.html\" data-mrf-link=\"https:\/\/www.muyinteresante.es\/tecnologia\/4080.html\">madres<\/a> de los ni\u00f1os que ahora van a la escuela y, cada vez m\u00e1s, <b>se encuentran al frente de las principales empresas e instituciones<\/b> de los pa\u00edses. Precisamente porque la Generaci\u00f3n X es la que \u2018maneja el cotarro\u2019, es importante entender sus valores, historia y <b>los desaf\u00edos a los que se enfrentan y enfrentar\u00e1n<\/b>.<\/p>\n<p class=\"paragraph\" data-mrf-recirculation=\"Inside article\">Los miembros de la Generaci\u00f3n X son <b>m\u00e1s propensos a estar empleados<\/b> y tienen la tendencia de pasar trabajando y viajando de casa al trabajo y viceversa m\u00e1s horas semanales que el adulto t\u00edpico. Dos tercios de los miembros de esta generaci\u00f3n en los Estados Unidos est\u00e1n <a title=\"Los hombres casados se comportan mejor\" href=\"https:\/\/www.muyinteresante.es\/salud\/11634.html\" data-mrf-link=\"https:\/\/www.muyinteresante.es\/salud\/11634.html\">casados<\/a> y cerca del <b>71%<\/b> de ellos tienen hijos. La Generaci\u00f3n X se muestra <b>activa y comprometida<\/b> en las organizaciones profesionales, de negocios o sindicales y <b>se han adaptado, con una facilidad considerable, a las nuevas tendencias tecnol\u00f3gicas<\/b> y al uso de las <a title=\"Pasado y presente de las redes sociales\" href=\"https:\/\/www.muyinteresante.es\/tecnologia\/21072.html\" data-mrf-link=\"https:\/\/www.muyinteresante.es\/tecnologia\/21072.html\">redes sociales<\/a> o los dispositivos tipo <i>smartphone<\/i>. Los resultados del estudio de 2011 ya apuntaban a que los miembros de la Generaci\u00f3n X \u201c<b>tienen extensas redes sociales, de ocupaci\u00f3n y comunidad<\/b>\u201d, existiendo una tendencia bastante extendida de participar en organizaciones de padres y maestros, clubes deportivos o de libros y otras organizaciones comunitarias.<\/p>\n<p class=\"paragraph\" data-mrf-recirculation=\"Inside article\">Las actividades al <a title=\"El ocio tecnol\u00f3gico desbanca a las actividades al aire libre\" href=\"https:\/\/www.muyinteresante.es\/ciencia\/6572.html\" data-mrf-link=\"https:\/\/www.muyinteresante.es\/ciencia\/6572.html\">aire libre<\/a> del tipo <b>monta\u00f1ismo, nataci\u00f3n o pesca<\/b> son tambi\u00e9n muy comunes entre los adultos de la Generaci\u00f3n X, que utilizan como v\u00eda de escape y una forma de <b>desconectar de las obligaciones laborales<\/b>. Tambi\u00e9n suelen asistir a actividades de car\u00e1cter cultural como las representaciones teatrales, <a title=\"Los amantes de la \u00f3pera beben m\u00e1s vino que cerveza\" href=\"https:\/\/www.muyinteresante.es\/curiosidades\/24767.html\" data-mrf-link=\"https:\/\/www.muyinteresante.es\/curiosidades\/24767.html\">\u00f3pera<\/a>, conciertos o recitales de ballet; adem\u00e1s de <b>consumir una mayor cantidad de cine que las generaciones previas<\/b>. La <a title=\"Frases sobre la lectura\" href=\"https:\/\/www.muyinteresante.es\/curiosidades\/27952.html\" data-mrf-link=\"https:\/\/www.muyinteresante.es\/curiosidades\/27952.html\">lectura<\/a>, ya sea de peri\u00f3dicos (impresos o en su versi\u00f3n online) o de libros, es otra de las actividades de ocio m\u00e1s extendidas entre sus miembros.<\/p>\n<figure id=\"m5888-5887-5889\" class=\"c-detail__media \">\n<div class=\"c-detail__media__thumb\"><picture data-size=\"w:620,h:404\" data-full-src=\"https:\/\/imagenes.muyinteresante.es\/uploads\/2023\/07\/10\/64ac2ba564331.jpeg\"><img data-recalc-dims=\"1\" decoding=\"async\" class=\"alignright\" src=\"https:\/\/i0.wp.com\/imagenes.muyinteresante.es\/files\/composte_image\/uploads\/2023\/07\/10\/64ac2ba564331.jpeg?w=640&#038;ssl=1\" alt=\"Miembro de la Generaci\u00f3n X\" data-index=\"\" data-full=\"[object Object]\" data-original=\"[object Object]\" data-full-src=\"https:\/\/imagenes.muyinteresante.es\/uploads\/2023\/07\/10\/64ac2ba564331.jpeg\" \/> <\/picture><\/div><figcaption class=\"c-detail__media__txt\">\n<p class=\"c-detail__media__subtitle\"><span id=\"m5972-5971-5973\" class=\"c-detail__media__credit \">Miembro de la Generaci\u00f3n X<\/span><span id=\"m5977-5976-5978\" class=\"c-detail__media__author \">Midjourney\/Sarah Romero<\/span><\/p>\n<\/figcaption><\/figure>\n<p class=\"paragraph\" data-mrf-recirculation=\"Inside article\">El estudio de la Universidad de Michigan conclu\u00eda que <b>la mayor\u00eda de los encuestados declaraban estar satisfechos con sus vidas<\/b>. El crecimiento y la estabilidad econ\u00f3mica que se produjo desde los a\u00f1os 90, y hasta el comienzo de la crisis, hizo que <b>la rebelde Generaci\u00f3n X acabara por convertirse en esa clase media conformista<\/b> y con un nivel de comodidad medianamente duradero. Y fueron sus hijos, los conocidos <i>Millenial<\/i> y la reciente <a title=\"Autodidactas 3.0, la generaci\u00f3n que se instruye en internet\" href=\"https:\/\/www.muyinteresante.es\/curiosidades\/17543.html\" data-mrf-link=\"https:\/\/www.muyinteresante.es\/curiosidades\/17543.html\">Generaci\u00f3n Z<\/a>, los que se convirtieron en esos inconformistas que buscan cambiar el mundo que se les ha dado para <b>adaptarlo a sus nuevas necesidades<\/b>. Como si fuese un ciclo que se repite, la Generaci\u00f3n X pas\u00f3 a ocupar el lugar de liderazgo y responsabilidad frente al mundo que antes ocuparon sus padres y de esa sociedad que ellos dejen, <b>tendr\u00e1n que edificar una nueva los siguientes y los siguientes&#8230;<\/b><\/p>\n<h2 class=\"subtitle\">Referencias:\u00a0<\/h2>\n<div class=\"paragraph\" data-mrf-recirculation=\"Inside article\">\n<ul>\n<li><i>He, Z., Miletkov, M., &amp; Staneva, V. (2020). New Kids on the Block: The Effect of Generation X Directors on Corporate Performance. ERN: Microeconometric Models of Firms&#8217; Corporate Governance (Topic). https:\/\/doi.org\/10.2139\/ssrn.3540512.<\/i><\/li>\n<li><i>Vromen, A. (2003). &#8216;People Try to Put Us Down \u2026&#8217;: Participatory Citizenship of &#8216;Generation X&#8217;. Australian Journal of Political Science. https:\/\/doi.org\/10.1080\/1036114032000056260.<\/i><\/li>\n<li><i>Bertsch, A., Saeed, M., Ondracek, J., Abdullah, A., Pizzo, J., Dahl, J., Scheschuk, S., Moore, W., &amp; Youngren, D. (2022). Variation in Preferred Leadership Styles Across Generations. Journal of Leadership in Organizations. https:\/\/doi.org\/10.22146\/jlo.70057.<\/i><\/li>\n<\/ul>\n<p>FOTO: <span id=\"m5905-5904-5906\" class=\"c-detail__media__credit \">\u00bfC\u00f3mo son los miembros de la Generaci\u00f3n X?<\/span><span id=\"m5910-5909-5911\" class=\"c-detail__media__author \">Midjourney\/Sarah Romero<\/span><\/p>\n<p>https:\/\/www.muyinteresante.es\/salud\/26655.html<\/p>\n<\/div>\n","protected":false},"excerpt":{"rendered":"<p>La mayor\u00eda de los miembros de la llamada Generaci\u00f3n X (nacidos entre 1961 y 1981)&#8230;<\/p>\n","protected":false},"author":1,"featured_media":62726,"comment_status":"closed","ping_status":"closed","sticky":false,"template":"","format":"standard","meta":{"_coblocks_attr":"","_coblocks_dimensions":"","_coblocks_responsive_height":"","_coblocks_accordion_ie_support":"","jetpack_post_was_ever_published":false,"_jetpack_newsletter_access":"","_jetpack_dont_email_post_to_subs":false,"_jetpack_newsletter_tier_id":0,"_jetpack_memberships_contains_paywalled_content":false,"_jetpack_memberships_contains_paid_content":false,"footnotes":"","jetpack_publicize_message":"","jetpack_publicize_feature_enabled":true,"jetpack_social_post_already_shared":false,"jetpack_social_options":{"image_generator_settings":{"template":"highway","default_image_id":0,"enabled":false},"version":2}},"categories":[1161,44,6937,15],"tags":[10557],"class_list":["post-62724","post","type-post","status-publish","format-standard","has-post-thumbnail","hentry","category-ciudadania","category-noticias-de-hoy","category-sociedad","category-ultimas-noticias","tag-generacion-x"],"jetpack_publicize_connections":[],"jetpack_featured_media_url":"https:\/\/i0.wp.com\/miradordeatarfe.es\/wp-content\/uploads\/2023\/07\/64ac2bbe5b470.webp?fit=650%2C424&ssl=1","jetpack_likes_enabled":true,"jetpack_sharing_enabled":true,"_links":{"self":[{"href":"https:\/\/miradordeatarfe.es\/index.php?rest_route=\/wp\/v2\/posts\/62724","targetHints":{"allow":["GET"]}}],"collection":[{"href":"https:\/\/miradordeatarfe.es\/index.php?rest_route=\/wp\/v2\/posts"}],"about":[{"href":"https:\/\/miradordeatarfe.es\/index.php?rest_route=\/wp\/v2\/types\/post"}],"author":[{"embeddable":true,"href":"https:\/\/miradordeatarfe.es\/index.php?rest_route=\/wp\/v2\/users\/1"}],"replies":[{"embeddable":true,"href":"https:\/\/miradordeatarfe.es\/index.php?rest_route=%2Fwp%2Fv2%2Fcomments&post=62724"}],"version-history":[{"count":2,"href":"https:\/\/miradordeatarfe.es\/index.php?rest_route=\/wp\/v2\/posts\/62724\/revisions"}],"predecessor-version":[{"id":62727,"href":"https:\/\/miradordeatarfe.es\/index.php?rest_route=\/wp\/v2\/posts\/62724\/revisions\/62727"}],"wp:featuredmedia":[{"embeddable":true,"href":"https:\/\/miradordeatarfe.es\/index.php?rest_route=\/wp\/v2\/media\/62726"}],"wp:attachment":[{"href":"https:\/\/miradordeatarfe.es\/index.php?rest_route=%2Fwp%2Fv2%2Fmedia&parent=62724"}],"wp:term":[{"taxonomy":"category","embeddable":true,"href":"https:\/\/miradordeatarfe.es\/index.php?rest_route=%2Fwp%2Fv2%2Fcategories&post=62724"},{"taxonomy":"post_tag","embeddable":true,"href":"https:\/\/miradordeatarfe.es\/index.php?rest_route=%2Fwp%2Fv2%2Ftags&post=62724"}],"curies":[{"name":"wp","href":"https:\/\/api.w.org\/{rel}","templated":true}]}}