{"id":62731,"date":"2023-07-23T09:25:03","date_gmt":"2023-07-23T07:25:03","guid":{"rendered":"https:\/\/miradordeatarfe.es\/?p=62731"},"modified":"2023-07-22T11:29:47","modified_gmt":"2023-07-22T09:29:47","slug":"la-eurocamara-salva-una-ley-clave-de-la-agenda-verde-pese-a-la-revuelta-del-pp-contra-la-iniciativa-de-bruselas","status":"publish","type":"post","link":"https:\/\/miradordeatarfe.es\/?p=62731","title":{"rendered":"La Euroc\u00e1mara salva una ley clave de la agenda verde pese a la revuelta del PP contra la iniciativa de Bruselas"},"content":{"rendered":"<h2 style=\"text-align: justify;\">Los eurodiputados tumban por la m\u00ednima la propuesta de rechazo de la ley de restauraci\u00f3n de la naturaleza defendida por el PP de Manfred Weber alineado con la extrema derecha, que rechazan la ley que pretende recuperar los ecosistemas da\u00f1ados con el argumento de que supone una asfixia para los agricultores<\/h2>\n<div class=\"c-header\" style=\"text-align: justify;\">\n<div class=\"news-header\">\n<ul class=\"footer\">\n<li class=\"subtitle--hasAnchor\">\n<p><a class=\"footer-link\" href=\"https:\/\/www.eldiario.es\/internacional\/pp-europeo-revuelve-agenda-verde-sacar-tajada-protestas-agrarias-donana_1_10176231.html\" data-mrf-recirculation=\"subtitulo-2\" data-mrf-link=\"https:\/\/www.eldiario.es\/internacional\/pp-europeo-revuelve-agenda-verde-sacar-tajada-protestas-agrarias-donana_1_10176231.html\"> \u2014 El PP europeo se revuelve contra la agenda verde para sacar tajada de las protestas agrarias tras la batalla de Do\u00f1ana <\/a><picture class=\"news-image\">\u00a0 <\/picture><\/p>\n<\/li>\n<\/ul>\n<\/div>\n<\/div>\n<div class=\"content-container col-12 col-lg-8\">\n<div class=\"c-content\">\n<div class=\"partner-wrapper opening\" style=\"text-align: justify;\" data-mrf-recirculation=\"Apertura\">\n<div class=\"second-col\">\n<figure class=\"ni-figure\"><figcaption class=\"image-footer\">\n<div class=\"partner-wrapper article-page__body-row \">\n<div class=\"second-col\">\n<p class=\"article-text\">La Comisi\u00f3n Europea, los socialistas, los verdes y parte de los liberales han aguantado la respiraci\u00f3n hasta el final ante la votaci\u00f3n definitiva de una de las leyes clave de la agenda verde despu\u00e9s de que el Partido Popular Europeo (PPE) la haya rechazado poniendo por delante los intereses econ\u00f3micos ante las protestas del sector agrario. Los de Manfred Weber han sumado sus fuerzas, salvo un pu\u00f1ado de eurodiputados, a las de la extrema derecha y parte de los liberales de Renew, pero han fracasado en su intento. La ley de restauraci\u00f3n de la naturaleza se ha salvado por la m\u00ednima: 324 eurodiputados han votado en contra de la propuesta de rechazo impulsada por el grupo que pilota Manfred Weber frente a los 312 que la han secundado y doce se han abstenido.<i class=\"right-arrow-icon fal fa-chevron-right\"><\/i><\/p>\n<\/div>\n<\/div>\n<\/figcaption><\/figure>\n<\/div>\n<\/div>\n<div class=\"partner-wrapper article-page__body-row \">\n<div class=\"second-col\">\n<p class=\"article-text\" style=\"text-align: justify;\">Las bancadas progresistas han paralizado moment\u00e1neamente la procelosa votaci\u00f3n cuando el monitor ha publicado el resultado y han comenzado a aplaudir en direcci\u00f3n al socialista espa\u00f1ol C\u00e9sar Luena, que ha sido el ponente de la iniciativa y que ha mantenido hasta el \u00faltimo segundo la esperanza en que la norma se salvara ante un resultado que reconoc\u00eda que iba a ser muy ajustado. La ley lleg\u00f3 en peligro al Pleno de Estrasburgo despu\u00e9s de que la Comisi\u00f3n de Medio Ambiente la rechazara por 44 votos a favor y 44 en contra. Al no obtener mayor\u00eda, la ley se rechazaba, pero a\u00fan quedaba la oportunidad del Hemiciclo, en el que votan todos los eurodiputados. La posici\u00f3n de la Euroc\u00e1mara ha sido posteriormente avalada con 336 votos a favor, 300 en contra y 13 abstenciones.<\/p>\n<p class=\"article-text\" style=\"text-align: justify;\">El Parlamento Europeo rebaja, como ya hicieron los 27, la ambici\u00f3n inicial de la norma al establecer que s\u00f3lo deber\u00e1 aplicarse una vez que la Comisi\u00f3n haya aportado datos sobre las condiciones necesarias para garantizar a largo plazo la seguridad alimentaria y cuando los Estados miembros hayan cuantificado el \u00e1rea que necesita ser recuperada para alcanzar los objetivos de restauraci\u00f3n para cada tipo de h\u00e1bitat. La C\u00e1mara tambi\u00e9n plantea la posibilidad de posponer los objetivos en caso de consecuencias socioecon\u00f3micas excepcionales, seg\u00fan informa el Parlamento Europeo en un comunicado.<\/p>\n<p class=\"article-text\" style=\"text-align: justify;\">Los bloques, sin embargo, se han roto. El PPE, que es el grupo mayoritario en la Euroc\u00e1mara, ha tenido quince fugas que han votado en contra de rechazar la iniciativa de Bruselas, fundamentalmente los de Irlanda y Chequia. El PP de Alberto N\u00fa\u00f1ez Feij\u00f3o ha secundado el posicionamiento de Weber frente a la Comisi\u00f3n Europea. Los liberales se han partido: 27 eurodiputados se han aliado con el PP y la extrema derecha en contra de la propuesta. Ciudadanos ha apoyado la ley de restauraci\u00f3n de la naturaleza, a excepci\u00f3n de Jos\u00e9 Ram\u00f3n Bauz\u00e1, que se ha abstenido, al igual que la eurodiputada del PNV Izaskun Bilbao Barandica.<\/p>\n<p class=\"article-text\" style=\"text-align: justify;\">La divisi\u00f3n es, no obstante, palpable tanto en la Euroc\u00e1mara como en el Consejo de la UE, donde est\u00e1n representados los gobiernos. Ahora las tres instituciones tendr\u00e1n que sentarse a negociar, por lo que el camino de la ley de restauraci\u00f3n de la naturaleza sigue siendo empinado. Los 27 rebajaron la ambici\u00f3n de la Comisi\u00f3n Europea en su posici\u00f3n negociadora, que sali\u00f3 adelante con el rechazo de Polonia, Suecia, Italia y Finlandia. Holanda o B\u00e9lgica, en manos de los liberales, se abstuvieron.<\/p>\n<p class=\"article-text\" style=\"text-align: justify;\">La quiebra en t\u00e9rminos pol\u00edticos refleja la divisi\u00f3n social en torno a las exigencias medioambientales y que qued\u00f3 patente a las puertas de la Euroc\u00e1mara en Estrasburgo el martes, cuando se debati\u00f3 la iniciativa. Coincidieron dos concentraciones: una organizada por el Comit\u00e9 de Organizaciones Agrarias y Cooperativas comunitarias (Copa-Cogeca) -que representa a las grandes explotaciones agrarias de la Uni\u00f3n Europea (UE)- y otra por organizaciones ambientalistas, que cont\u00f3 con la participaci\u00f3n de la activista sueca\u00a0Greta Thumberg. \u201cLa historia les juzgar\u00e1 duramente si deciden estar del lado de los intereses destructivos y los grandes grupos de presi\u00f3n\u201d, clam\u00f3 a las puertas de la Euroc\u00e1mara, informa la Agencia EFE.<\/p>\n<p class=\"article-text\" style=\"text-align: justify;\">La ley de restauraci\u00f3n de la naturaleza es parte de la ambiciosa agenda verde que la Comisi\u00f3n Europea ha puesto en marcha desde 2019. De hecho, el Pacto Verde Europeo fue uno de los motivos que llevaron a socialistas y liberales a avalar a Von der Leyen, pero el PPE ha marcado distancias con la alemana, a la que acusan de haberse acercado m\u00e1s a esos grupos que a los intereses de los conservadores. Y el alejamiento que inicialmente fue sibilino se ha hecho evidente con esta iniciativa, que persigue la recuperaci\u00f3n del 20% de las zonas terrestres y mar\u00edtimas de la UE de aqu\u00ed a 2030 y del total de los ecosistemas da\u00f1ados hasta final de siglo.<\/p>\n<p class=\"article-text\" style=\"text-align: justify;\">\u201cLa restauraci\u00f3n implica estrechamente y beneficia a todos los sectores de la sociedad; debe llevarse a cabo en un proceso integrador y tiene un impacto especialmente positivo en quienes dependen directamente de una naturaleza sana para su sustento, como agricultores, silvicultores y pescadores. La inversi\u00f3n en restauraci\u00f3n de la naturaleza suma entre 8 y 38 euros en valor econ\u00f3mico a cada euro gastado, gracias a los servicios ecosist\u00e9micos que garantizan la seguridad alimentaria, la resiliencia y mitigaci\u00f3n de los ecosistemas y el clima y la salud humana\u201d, defend\u00eda la Comisi\u00f3n Europea en un comunicado sobre<a class=\"link\" href=\"https:\/\/www.eldiario.es\/sociedad\/bruselas-fija-reglas-reducir-mitad-pesticidas-quimicos-ue-2030_1_9107154.html#restaurar\" target=\"_blank\" rel=\"noopener\" data-mrf-recirculation=\"links-noticia\" data-mrf-link=\"https:\/\/www.eldiario.es\/sociedad\/bruselas-fija-reglas-reducir-mitad-pesticidas-quimicos-ue-2030_1_9107154.html\"> la iniciativa impulsada en junio del a\u00f1o pasado<\/a>.<\/p>\n<h3 class=\"article-text\" style=\"text-align: justify;\">El PPE y la extrema derecha contra Bruselas<\/h3>\n<p class=\"article-text\" style=\"text-align: justify;\">El Partido Popular Europeo de Weber sostiene que la ley es un amenaza para la seguridad alimentaria porque obliga a los agricultores a dedicar parte de sus tierras a la preservaci\u00f3n de la biodiversidad. \u201cRestaurar el medio ambiente no tiene que suponer la muerte de toda producci\u00f3n artesanal, industrial, forestal o agr\u00edcola, no\u201d, argument\u00f3 la democristiana francesa Anne Sander durante el debate parlamentario. \u201cVamos a rechazar esta ley esperando que venga otra que persiga conciliar la protecci\u00f3n del medioambiente con la actividad de producir alimentos de calidad para todos los ciudadanos\u201d, agreg\u00f3 el parlamentario del PP espa\u00f1ol Gabriel Mato.<\/p>\n<p class=\"article-text\" style=\"text-align: justify;\">\u201cLa Comisi\u00f3n Europea est\u00e1 demostrando no tener escr\u00fapulos a la hora de querer imponerse y destrozar nuestro sector primario, utilizando una supuesta preocupaci\u00f3n medioambiental como excusa\u201d, dijo la eurodiputada de Vox Margarita de la Pisa.<\/p>\n<p class=\"article-text\" style=\"text-align: justify;\">Bruselas rechaza los argumentos que esgrimen el PP europeo y la extrema derecha y sostiene que la restauraci\u00f3n de la naturaleza no pone en riesgo la seguridad alimentaria. \u201cMe pone muy triste que algunos est\u00e1n intentando meter la pol\u00edtica clim\u00e1tica dentro de las guerras culturales\u201d, dijo el vicepresidente para el Pacto Verde Europeo, Frans Timmermans, cuando la Comisi\u00f3n de Medio Ambiente puso en riesgo la norma. Los conservadores se\u00f1alaron precisamente al comisario socialista por la ley, que cuenta con el respaldo, no obstante, de la porpia Von der Leyen. El \u00faltimo en defenderla fue el comisario de Medio Ambiente, Virginijus Sinkevi\u010dius, procedente de un partido agrario y verde de derechas lituano. En una comparecencia en Valladolid, record\u00f3 que \u201cel 60% del suelo europeo no est\u00e1n en buen estado\u201d y que su recuperaci\u00f3n es un elemento \u201cb\u00e1sico\u201d para la seguridad alimentaria.<\/p>\n<p class=\"article-text\" style=\"text-align: justify;\">\u201cNo habr\u00e1 seguridad alimentaria si no hay suelos f\u00e9rtiles y polinizadores\u201d, defendi\u00f3 en esa misma l\u00ednea el eurodiputado socialista C\u00e9sar Luena durante el debate. \u201cEs un \u00e9xito, para la naturaleza y para el clima\u201d, ha se\u00f1alado el presidente de Los Verdes, Terry Reintke, tras la votaci\u00f3n en la que asegura que \u201cla campa\u00f1a de desinformaci\u00f3n y los intentos del l\u00edder del PPE y de sus amigos de la extrema derecha por descarrilar la ley han fracasado\u201d.<\/p>\n<footer class=\"news-info  has-button-follow\" data-mrf-recirculation=\"firma\">\n<div class=\"info-wrapper\">\n<p class=\"authors\"><a href=\"https:\/\/www.eldiario.es\/autores\/irene_castro\/\" data-mrf-link=\"https:\/\/www.eldiario.es\/autores\/irene_castro\/\">Irene Castro<\/a><\/p>\n<p><span class=\"title\">FOTO: La presidenta de la Comisi\u00f3n Europea, Ursula von der Leye.EFE\/EPA\/OLIVIER HOSLET <\/span><\/p>\n<p>https:\/\/www.eldiario.es\/politica\/eurocamara-salva-ley-clave-agenda-verde-pese-revuelta-pp-iniciativa-bruselas_1_10371373.html<\/p>\n<div class=\"edi-save\">\n<div class=\"featured-subscription\">\u00a0<\/div>\n<\/div>\n<\/div>\n<\/footer>\n<\/div>\n<\/div>\n<\/div>\n<\/div>\n","protected":false},"excerpt":{"rendered":"<p>Los eurodiputados tumban por la m\u00ednima la propuesta de rechazo de la ley de restauraci\u00f3n&#8230;<\/p>\n","protected":false},"author":1,"featured_media":62732,"comment_status":"closed","ping_status":"closed","sticky":false,"template":"","format":"standard","meta":{"_coblocks_attr":"","_coblocks_dimensions":"","_coblocks_responsive_height":"","_coblocks_accordion_ie_support":"","jetpack_post_was_ever_published":false,"_jetpack_newsletter_access":"","_jetpack_dont_email_post_to_subs":false,"_jetpack_newsletter_tier_id":0,"_jetpack_memberships_contains_paywalled_content":false,"_jetpack_memberships_contains_paid_content":false,"footnotes":"","jetpack_publicize_message":"","jetpack_publicize_feature_enabled":true,"jetpack_social_post_already_shared":false,"jetpack_social_options":{"image_generator_settings":{"template":"highway","default_image_id":0,"enabled":false},"version":2}},"categories":[1161,44,7671,15,10],"tags":[271,1053,10559],"class_list":["post-62731","post","type-post","status-publish","format-standard","has-post-thumbnail","hentry","category-ciudadania","category-noticias-de-hoy","category-politica","category-ultimas-noticias","category-salud","tag-cambio-climatico","tag-europa","tag-restaurar-la-naturaleza"],"jetpack_publicize_connections":[],"jetpack_featured_media_url":"https:\/\/i0.wp.com\/miradordeatarfe.es\/wp-content\/uploads\/2023\/07\/2c27af8b-12cc-449f-9e97-91bdd0b4edd1_16-9-discover-aspect-ratio_default_0.webp?fit=1200%2C675&ssl=1","jetpack_likes_enabled":true,"jetpack_sharing_enabled":true,"_links":{"self":[{"href":"https:\/\/miradordeatarfe.es\/index.php?rest_route=\/wp\/v2\/posts\/62731","targetHints":{"allow":["GET"]}}],"collection":[{"href":"https:\/\/miradordeatarfe.es\/index.php?rest_route=\/wp\/v2\/posts"}],"about":[{"href":"https:\/\/miradordeatarfe.es\/index.php?rest_route=\/wp\/v2\/types\/post"}],"author":[{"embeddable":true,"href":"https:\/\/miradordeatarfe.es\/index.php?rest_route=\/wp\/v2\/users\/1"}],"replies":[{"embeddable":true,"href":"https:\/\/miradordeatarfe.es\/index.php?rest_route=%2Fwp%2Fv2%2Fcomments&post=62731"}],"version-history":[{"count":1,"href":"https:\/\/miradordeatarfe.es\/index.php?rest_route=\/wp\/v2\/posts\/62731\/revisions"}],"predecessor-version":[{"id":62733,"href":"https:\/\/miradordeatarfe.es\/index.php?rest_route=\/wp\/v2\/posts\/62731\/revisions\/62733"}],"wp:featuredmedia":[{"embeddable":true,"href":"https:\/\/miradordeatarfe.es\/index.php?rest_route=\/wp\/v2\/media\/62732"}],"wp:attachment":[{"href":"https:\/\/miradordeatarfe.es\/index.php?rest_route=%2Fwp%2Fv2%2Fmedia&parent=62731"}],"wp:term":[{"taxonomy":"category","embeddable":true,"href":"https:\/\/miradordeatarfe.es\/index.php?rest_route=%2Fwp%2Fv2%2Fcategories&post=62731"},{"taxonomy":"post_tag","embeddable":true,"href":"https:\/\/miradordeatarfe.es\/index.php?rest_route=%2Fwp%2Fv2%2Ftags&post=62731"}],"curies":[{"name":"wp","href":"https:\/\/api.w.org\/{rel}","templated":true}]}}