{"id":62734,"date":"2023-07-23T10:32:49","date_gmt":"2023-07-23T08:32:49","guid":{"rendered":"https:\/\/miradordeatarfe.es\/?p=62734"},"modified":"2023-07-22T11:56:55","modified_gmt":"2023-07-22T09:56:55","slug":"nos-cuentan-que-viene-el-lobo","status":"publish","type":"post","link":"https:\/\/miradordeatarfe.es\/?p=62734","title":{"rendered":"Nos cuentan que viene el lobo"},"content":{"rendered":"<h2 class=\"a_st\" style=\"text-align: justify;\">En vez de sobre ideas y programas, en esta campa\u00f1a se ha debatido sobre personas, o peor a\u00fan, sobre t\u00f3picos<\/h2>\n<p style=\"text-align: justify;\">En 2003, el <i>Prestige <\/i>se hundi\u00f3 dejando <a href=\"https:\/\/elpais.com\/politica\/2013\/11\/13\/actualidad\/1384337573_498076.html\" target=\"_blank\" rel=\"noopener\" data-link-track-dtm=\"\" data-mrf-link=\"https:\/\/elpais.com\/politica\/2013\/11\/13\/actualidad\/1384337573_498076.html\">\u201cunos hilitos con aspecto de plastilina\u201d. <\/a>El entonces consejero de Pol\u00edtica Territorial, Xos\u00e9 Cu\u00ed\u00f1a, fue cr\u00edtico con la gesti\u00f3n desde Madrid, donde Rajoy ment\u00eda a Espa\u00f1a sobre la gravedad del chapapote. As\u00ed que G\u00e9nova forz\u00f3 su dimisi\u00f3n filtrando que una de las empresas de la familia Cu\u00ed\u00f1a hab\u00eda vendido a la Xunta material para limpiar las playas.<\/p>\n<p class=\"\" style=\"text-align: justify;\">En esas, N\u00fa\u00f1ez Feij\u00f3o, que por aquel entonces dirig\u00eda Correos, fue llamado a filas. El telefonazo se lo peg\u00f3 el exministro Romay, su mentor. Y le pidi\u00f3 que se volviera de Madrid a Galicia a comerse el marr\u00f3n. Feij\u00f3o acept\u00f3, llegando primero a ser <i>conselleiro<\/i> de Pol\u00edtica Territorial, m\u00e1s tarde vicepresidente de la Xunta y finalmente presidente.<\/p>\n<p class=\"\" style=\"text-align: justify;\">Y como la historia siempre se repite, primero como tragedia y despu\u00e9s como farsa, <a href=\"https:\/\/elpais.com\/espana\/2022-06-23\/la-empresa-de-la-que-cobro-el-hermano-de-ayuso-vendio-por-15-millones-a-la-comunidad-de-madrid-mascarillas-que-le-costaron-500000.html\" target=\"_blank\" rel=\"noopener\" data-link-track-dtm=\"\" data-mrf-link=\"https:\/\/elpais.com\/espana\/2022-06-23\/la-empresa-de-la-que-cobro-el-hermano-de-ayuso-vendio-por-15-millones-a-la-comunidad-de-madrid-mascarillas-que-le-costaron-500000.html\">cuando el PP empez\u00f3 a investigar la corruptela del hermano de Ayuso<\/a> \u2014que como los Cu\u00ed\u00f1a habr\u00eda sacado tajada de una tragedia\u2014 volvieron a llamar a Feij\u00f3o. Para pasar p\u00e1gina de la escabechina y sanearlo todo bajo su mito de buen gestor.<\/p>\n<p class=\"\" style=\"text-align: justify;\">Porque Feij\u00f3o no solo se forj\u00f3 como pol\u00edtico a la sombra del chapapote, sino que no es muy distinto a \u00e9l: todo lo tapa. Su propio partido es un manto opaco, una mancha que se extiende sobre la pol\u00edtica espa\u00f1ola, corriendo un velo tan tupido como el fuel sobre sus mentiras: no solo lo del<i> Prestige,<\/i> tambi\u00e9n las<a href=\"https:\/\/elpais.com\/diario\/2007\/02\/09\/espana\/1170975621_850215.html\" target=\"_blank\" rel=\"noopener\" data-link-track-dtm=\"\" data-mrf-link=\"https:\/\/elpais.com\/diario\/2007\/02\/09\/espana\/1170975621_850215.html\"> armas de destrucci\u00f3n masiva<\/a>, el metro de Valencia, el Madrid Arena, <a href=\"https:\/\/elpais.com\/politica\/2018\/07\/23\/actualidad\/1532355326_713784.html\" target=\"_blank\" rel=\"noopener\" data-link-track-dtm=\"\" data-mrf-link=\"https:\/\/elpais.com\/politica\/2018\/07\/23\/actualidad\/1532355326_713784.html\">el accidente de Angrois,<\/a> la \u201cindemnizaci\u00f3n en diferido\u201d, los \u201ccr\u00e9ditos en condiciones favorables\u201d a los bancos, el f\u00e9retro con tres pies entregado a un padre cuando el Yak-42 o el falso protocolo que durante la pandemia dej\u00f3 morir a miles de ancianos sin atenci\u00f3n sanitaria.<\/p>\n<p class=\"\" style=\"text-align: justify;\">Tan efectivo es este manto que ni siquiera la izquierda le recuerda casi nada de esto al PP; el mayor reproche que le hacen es que vayan a gobernar con Vox. Se intenta usar la l\u00f3gica del<a href=\"https:\/\/elpais.com\/opinion\/2023-06-27\/que-te-vote-txapote-el-verdadero-origen-del-eslogan-contra-sanchez.html\" target=\"_blank\" rel=\"noopener\" data-link-track-dtm=\"\" data-mrf-link=\"https:\/\/elpais.com\/opinion\/2023-06-27\/que-te-vote-txapote-el-verdadero-origen-del-eslogan-contra-sanchez.html\"> \u201cque te vote Txapote\u201d<\/a>, que si funciona no es solo porque rima, sino por las cesiones de S\u00e1nchez al independentismo en general y a Bildu en particular. El problema es que Vox no da (o no deber\u00eda) m\u00e1s miedo que el propio PP. Es m\u00e1s, muchas de las preocupaciones de Vox son compartidas por parte del PSOE: pregunten a Guerra por el concepto de violencia de g\u00e9nero, a Bono por la nueva <a href=\"https:\/\/elpais.com\/noticias\/ley-memoria-democratica\/\" target=\"_blank\" rel=\"noopener\" data-link-track-dtm=\"\" data-mrf-link=\"https:\/\/elpais.com\/noticias\/ley-memoria-democratica\/\">Ley de Memoria Democr\u00e1tica<\/a>, a Page por el independentismo o a Carmen Calvo por la<i> ley trans.<\/i><\/p>\n<p class=\"\" style=\"text-align: justify;\">En vez de sobre ideas y programas, en esta campa\u00f1a se ha debatido sobre personas, o peor a\u00fan, sobre t\u00f3picos. Si ese es el marco, me da bastante igual <a href=\"https:\/\/elpais.com\/espana\/elecciones-autonomicas\/2023-06-13\/el-pacto-del-torero-y-del-condenado-por-maltrato.html\" target=\"_blank\" rel=\"noopener\" data-link-track-dtm=\"\" data-mrf-link=\"https:\/\/elpais.com\/espana\/elecciones-autonomicas\/2023-06-13\/el-pacto-del-torero-y-del-condenado-por-maltrato.html\">que Vox ponga a un torero en el Gobierno.<\/a> Lo que debe preocuparle a quien no llegue a fin de mes es que el PP ponga a un fan del toro dorado de Wall Street. No me preocupa que Vox ponga a una madre de familia numerosa al frente de Igualdad, sino que el PP ponga a un comprador de ni\u00f1os por <a href=\"https:\/\/elpais.com\/sociedad\/2023-04-02\/vientres-de-alquiler-el-deseo-de-ser-padres-convertido-en-industria.html\" target=\"_blank\" rel=\"noopener\" data-link-track-dtm=\"\" data-mrf-link=\"https:\/\/elpais.com\/sociedad\/2023-04-02\/vientres-de-alquiler-el-deseo-de-ser-padres-convertido-en-industria.html\">vientre de alquiler.<\/a> Me es indiferente si Vox le da un cargo en Educaci\u00f3n a un cura para mantener las clases de religi\u00f3n, me inquieta que el PP ponga a un predicador del liberalismo para introducir en las aulas finanzas, emprendimiento y otras estafas. \u00bfC\u00f3mo me va a escandalizar si Vox quiere a un militar en Defensa? La anomal\u00eda es la del PP, que pondr\u00eda gustoso a un banquero gestionando las pensiones. El zorro va a entrar al gallinero, y nos cuentan \u201cque viene el lobo\u201d<\/p>\n<p><a class=\"a_md_a_n\" title=\"Ver todas las noticias de Ana Iris Sim\u00f3n\" href=\"https:\/\/elpais.com\/autor\/ana-iris-simon-cuesta\/#?rel=author_top\" data-mrf-link=\"https:\/\/elpais.com\/autor\/ana-iris-simon-cuesta\/\">Ana Iris Sim\u00f3n<\/a><\/p>\n<p>FOTO: Isabel D\u00edaz Ayuso, Alberto N\u00fa\u00f1ez Feij\u00f3o y Jos\u00e9 Luis Mart\u00ednez Almeida en el centro en un acto de campa\u00f1a del PP en Madrid.<span class=\"a_m_m\">Alvaro Garcia<\/span><\/p>\n<p>https:\/\/elpais.com\/opinion\/2023-07-22\/nos-cuentan-que-viene-el-lobo.html<\/p>\n","protected":false},"excerpt":{"rendered":"<p>En vez de sobre ideas y programas, en esta campa\u00f1a se ha debatido sobre personas,&#8230;<\/p>\n","protected":false},"author":1,"featured_media":0,"comment_status":"closed","ping_status":"closed","sticky":false,"template":"","format":"standard","meta":{"_coblocks_attr":"","_coblocks_dimensions":"","_coblocks_responsive_height":"","_coblocks_accordion_ie_support":"","jetpack_post_was_ever_published":false,"_jetpack_newsletter_access":"","_jetpack_dont_email_post_to_subs":false,"_jetpack_newsletter_tier_id":0,"_jetpack_memberships_contains_paywalled_content":false,"_jetpack_memberships_contains_paid_content":false,"footnotes":"","jetpack_publicize_message":"","jetpack_publicize_feature_enabled":true,"jetpack_social_post_already_shared":false,"jetpack_social_options":{"image_generator_settings":{"template":"highway","default_image_id":0,"enabled":false},"version":2}},"categories":[1161,44,7671,15],"tags":[42],"class_list":["post-62734","post","type-post","status-publish","format-standard","hentry","category-ciudadania","category-noticias-de-hoy","category-politica","category-ultimas-noticias","tag-politica"],"jetpack_publicize_connections":[],"jetpack_featured_media_url":"","jetpack_likes_enabled":true,"jetpack_sharing_enabled":true,"_links":{"self":[{"href":"https:\/\/miradordeatarfe.es\/index.php?rest_route=\/wp\/v2\/posts\/62734","targetHints":{"allow":["GET"]}}],"collection":[{"href":"https:\/\/miradordeatarfe.es\/index.php?rest_route=\/wp\/v2\/posts"}],"about":[{"href":"https:\/\/miradordeatarfe.es\/index.php?rest_route=\/wp\/v2\/types\/post"}],"author":[{"embeddable":true,"href":"https:\/\/miradordeatarfe.es\/index.php?rest_route=\/wp\/v2\/users\/1"}],"replies":[{"embeddable":true,"href":"https:\/\/miradordeatarfe.es\/index.php?rest_route=%2Fwp%2Fv2%2Fcomments&post=62734"}],"version-history":[{"count":1,"href":"https:\/\/miradordeatarfe.es\/index.php?rest_route=\/wp\/v2\/posts\/62734\/revisions"}],"predecessor-version":[{"id":62735,"href":"https:\/\/miradordeatarfe.es\/index.php?rest_route=\/wp\/v2\/posts\/62734\/revisions\/62735"}],"wp:attachment":[{"href":"https:\/\/miradordeatarfe.es\/index.php?rest_route=%2Fwp%2Fv2%2Fmedia&parent=62734"}],"wp:term":[{"taxonomy":"category","embeddable":true,"href":"https:\/\/miradordeatarfe.es\/index.php?rest_route=%2Fwp%2Fv2%2Fcategories&post=62734"},{"taxonomy":"post_tag","embeddable":true,"href":"https:\/\/miradordeatarfe.es\/index.php?rest_route=%2Fwp%2Fv2%2Ftags&post=62734"}],"curies":[{"name":"wp","href":"https:\/\/api.w.org\/{rel}","templated":true}]}}