{"id":62740,"date":"2023-07-23T11:35:25","date_gmt":"2023-07-23T09:35:25","guid":{"rendered":"https:\/\/miradordeatarfe.es\/?p=62740"},"modified":"2023-07-22T15:09:52","modified_gmt":"2023-07-22T13:09:52","slug":"la-senora-escolastica-en-solidaridad-con-la-familia-moreno-ortega-de-atarfe","status":"publish","type":"post","link":"https:\/\/miradordeatarfe.es\/?p=62740","title":{"rendered":"&#8216;La se\u00f1ora Escol\u00e1stica&#8217;, en solidaridad con la familia Moreno Ortega de Atarfe"},"content":{"rendered":"<h2 class=\"v-a-sub-t\">\u00abLo que me ha decidido a colaborar es que es una familia de Atarfe, mi pueblo, y que lo ha perdido todo. He pensado que ofreciendo esta actuaci\u00f3n se pod\u00eda recaudar un poco m\u00e1s de lo que ya se ha recogido\u00bb, comenta Marypaz<\/h2>\n<p class=\"v-p\" style=\"text-align: justify;\">La actriz y guionista Marypaz Torres y su alter ego la se\u00f1ora Escol\u00e1stica han decidido poner su granito de arena para la reconstrucci\u00f3n de la &#8216;casa Suiza&#8217; de Atarfe, perteneciente a la familia Moreno Ortega, que un terrible incendio convert\u00eda en cenizas en la ma\u00f1ana del jueves, 28 de junio. A las numerosas iniciativas puertas en marcha por los comercios y la parroquia atarfe\u00f1a se suma ahora la de esta locutora de radio que desde hace cuatro a\u00f1os se sube a los escenarios para meterse en el personaje de la se\u00f1ora Escol\u00e1stica, solo con su voz. Intentar\u00e1 llenar de nuevo el Auditorio Medina Elvira, como ya ha hecho en dos ocasiones anteriores o en el mism\u00edsimo Teatro Isabel la Cat\u00f3lica.<\/p>\n<p class=\"v-p\" style=\"text-align: justify;\">Y ahora por una causa ben\u00e9fica. \u00abLo que me ha decidido a colaborar es que es una familia de Atarfe, mi pueblo, y que lo ha perdido todo. He pensado que ofreciendo esta actuaci\u00f3n se pod\u00eda recaudar un poco m\u00e1s de lo que ya se ha recogido\u00bb, comenta Marypaz al interrogarle por las motivaciones que le han impulsado a poner en marcha esta iniciativa con la que se ha volcado el ayuntamiento, especialmente la nueva alcaldesa y su teniente alcalde, lo que har\u00e1 posible este espect\u00e1culo solidario que tendr\u00e1 lugar el s\u00e1bado, 15 de julio, a partir de las 21:30 horas.<\/p>\n<p class=\"v-p\" style=\"text-align: justify;\">A pesar de ser una jornada en la que unos se van de vacaciones y otros regresan, Marypaz conf\u00eda en que sean muchas las personas, tambi\u00e9n de toda el \u00e1rea metropolitana, las que decidan apoyar esta buena causa. Incluso para los que no puedan asistir se ha puesto a su disposici\u00f3n una fila cero para donativos. En estos d\u00edas los voluntarios de la ong APIEMA (Asociaci\u00f3n para la integraci\u00f3n de enfermos y minusv\u00e1lidos de Atarfe), est\u00e1n vendiendo las entradas, de 10 a 12 de la ma\u00f1ana en el Centro Cultural de Atarfe. Hasta el lunes ya se hab\u00edan vendido casi la mitad del aforo que ronda las 500 localidades. \u00abMucha gente est\u00e1 comprando la fila cero pues les pilla fuera pero saben que esta ayuda es necesaria ahora y no podemos esperar al oto\u00f1o\u00bb, explica antes de comentar que el p\u00fablico asistente podr\u00e1 disfrutar de \u00abun recopilatorio de los mejores sketchs, aquellos que m\u00e1s les ha gustado al p\u00fablico en estos cuatro a\u00f1os de vida de la se\u00f1ora Escol\u00e1stica\u00bb. Se\u00f1ala que la duraci\u00f3n aproximada del espect\u00e1culo ronda las dos horas en las que la risa est\u00e1 garantizada y que su deseo es, como siempre, colgar el cartel de &#8216;No hay entradas&#8217;.<\/p>\n<div class=\"v-d v-d--ab-c v-d--bs\">\n<div class=\"v-mdl-ath\" data-voc-component=\"viewport-not-visible\">\n<div class=\"v-mdl-ath__c v-mdl-ath__c--1\">\n<div class=\"v-mdl-ath__info\">\n<p class=\"v-mdl-ath__p v-mdl-ath__p--name\"><a href=\"https:\/\/www.ideal.es\/autor\/antonio-arenas-3265.html\">Antonio Arenas<\/a><\/p>\n<p>FOTO: A.A.<\/p>\n<\/div>\n<\/div>\n<\/div>\n<\/div>\n<div class=\"v-mdl-ath__c v-mdl-ath__c--1\">\n<p>https:\/\/www.ideal.es\/culturas\/senora-escolastica-solidaridad-familia-moreno-ortega-atarfe-20230714005346-nt.html<\/p>\n<\/div>\n<div class=\"v-mdl-ath__c v-mdl-ath__c--2\">\u00a0<\/div>\n","protected":false},"excerpt":{"rendered":"<p>\u00abLo que me ha decidido a colaborar es que es una familia de Atarfe, mi&#8230;<\/p>\n","protected":false},"author":1,"featured_media":62741,"comment_status":"closed","ping_status":"closed","sticky":false,"template":"","format":"standard","meta":{"_coblocks_attr":"","_coblocks_dimensions":"","_coblocks_responsive_height":"","_coblocks_accordion_ie_support":"","jetpack_post_was_ever_published":false,"_jetpack_newsletter_access":"","_jetpack_dont_email_post_to_subs":false,"_jetpack_newsletter_tier_id":0,"_jetpack_memberships_contains_paywalled_content":false,"_jetpack_memberships_contains_paid_content":false,"footnotes":"","jetpack_publicize_message":"","jetpack_publicize_feature_enabled":true,"jetpack_social_post_already_shared":false,"jetpack_social_options":{"image_generator_settings":{"template":"highway","default_image_id":0,"enabled":false},"version":2}},"categories":[2,1161,44,15],"tags":[81,10560,1864],"class_list":["post-62740","post","type-post","status-publish","format-standard","has-post-thumbnail","hentry","category-atarfe","category-ciudadania","category-noticias-de-hoy","category-ultimas-noticias","tag-atarfe","tag-casa-quemada","tag-solidaridad"],"jetpack_publicize_connections":[],"jetpack_featured_media_url":"https:\/\/i0.wp.com\/miradordeatarfe.es\/wp-content\/uploads\/2023\/07\/arenas-kW3-U200761506034ifG-758x531%40Ideal.jpg?fit=758%2C531&ssl=1","jetpack_likes_enabled":true,"jetpack_sharing_enabled":true,"_links":{"self":[{"href":"https:\/\/miradordeatarfe.es\/index.php?rest_route=\/wp\/v2\/posts\/62740","targetHints":{"allow":["GET"]}}],"collection":[{"href":"https:\/\/miradordeatarfe.es\/index.php?rest_route=\/wp\/v2\/posts"}],"about":[{"href":"https:\/\/miradordeatarfe.es\/index.php?rest_route=\/wp\/v2\/types\/post"}],"author":[{"embeddable":true,"href":"https:\/\/miradordeatarfe.es\/index.php?rest_route=\/wp\/v2\/users\/1"}],"replies":[{"embeddable":true,"href":"https:\/\/miradordeatarfe.es\/index.php?rest_route=%2Fwp%2Fv2%2Fcomments&post=62740"}],"version-history":[{"count":2,"href":"https:\/\/miradordeatarfe.es\/index.php?rest_route=\/wp\/v2\/posts\/62740\/revisions"}],"predecessor-version":[{"id":62743,"href":"https:\/\/miradordeatarfe.es\/index.php?rest_route=\/wp\/v2\/posts\/62740\/revisions\/62743"}],"wp:featuredmedia":[{"embeddable":true,"href":"https:\/\/miradordeatarfe.es\/index.php?rest_route=\/wp\/v2\/media\/62741"}],"wp:attachment":[{"href":"https:\/\/miradordeatarfe.es\/index.php?rest_route=%2Fwp%2Fv2%2Fmedia&parent=62740"}],"wp:term":[{"taxonomy":"category","embeddable":true,"href":"https:\/\/miradordeatarfe.es\/index.php?rest_route=%2Fwp%2Fv2%2Fcategories&post=62740"},{"taxonomy":"post_tag","embeddable":true,"href":"https:\/\/miradordeatarfe.es\/index.php?rest_route=%2Fwp%2Fv2%2Ftags&post=62740"}],"curies":[{"name":"wp","href":"https:\/\/api.w.org\/{rel}","templated":true}]}}