{"id":62749,"date":"2023-07-24T11:57:38","date_gmt":"2023-07-24T09:57:38","guid":{"rendered":"https:\/\/miradordeatarfe.es\/?p=62749"},"modified":"2023-07-22T12:01:18","modified_gmt":"2023-07-22T10:01:18","slug":"la-plazuela-recauda-mas-de-30-000-euros-en-apoyo-a-la-casa-suiza-de-atarfe","status":"publish","type":"post","link":"https:\/\/miradordeatarfe.es\/?p=62749","title":{"rendered":"La Plazuela recauda m\u00e1s de 30.000 euros en apoyo a la &#8216;casa suiza&#8217; de Atarfe"},"content":{"rendered":"<h3 class=\"v-a-sub-t\">La localidad se vuelca con la familia Moreno Ortega para restaurar su vivienda asolada por un incendio el pasado 28 de junio<\/h3>\n<p class=\"v-p\">El concierto ben\u00e9fico ofrecido por la banda granadina La Plazuela en Atarfe ha recaudado m\u00e1s de 30.000 euros en ayuda a la &#8216;casa suiza&#8217;, la vivienda asolada por un incendio el pasado 28 de junio. El evento, que tuvo lugar este jueves en el lago de la Ermita de los Tres Juanes, vendi\u00f3 un total de 1.597 entradas a un precio de veinte euros cada una.<\/p>\n<p class=\"v-p\">El espect\u00e1culo, que ha sido organizado por la asociaci\u00f3n Apiema y en el que ha colaborado el Ayuntamiento de Atarfe, present\u00f3 ante el p\u00fablico atarfe\u00f1o las canciones de \u00abRoneo Funk Club\u00bb, el primer \u00e1lbum del d\u00fao granadino que conforman Manuel Hidalgo y Luis Abril. Adem\u00e1s, cont\u00f3 con la participaci\u00f3n adicional de los artistas Renacidos, Estela Trujillo y Riky Ferro.<\/p>\n<p class=\"v-p\">Para aquellos que no quisieron ir al concierto o no pudieron hacerlo, los organizadores del evento habilitaron una fila 0 para que realizaran as\u00ed su donativo. No obstante, todav\u00eda se puede seguir colaborando con los miembros de la familia a trav\u00e9s de Bizum y transferencia bancaria.<\/p>\n<div class=\"v-c-cmp v-n-mrg\">\n<h3 class=\"v-d-cmp-sub-hl\">Agradecimiento de la familia<\/h3>\n<\/div>\n<p class=\"v-p\">\u00abGracias en nombre de toda la familia, no esper\u00e1bamos tanta gente\u00bb, manifiesta Enrique, hijo de los Moreno Ortega, propietarios de la &#8216;casa suiza&#8217;.<\/p>\n<p class=\"v-p\">Hace ya tres semanas desde que su madre Enriqueta se encontraba limpiando cuando se produjo un cortocircuito que arras\u00f3 con su vivienda. Ahora la intentan reconstruir gracias a la colaboraci\u00f3n de los vecinos de la localidad. \u00abEstamos emocionados con el apoyo que nos est\u00e1 brindando todo el pueblo. Cuando todo pase haremos algo grande. Cortaremos la calle y montaremos una buena fiesta para todos los vecinos\u00bb, bromeaba Enrique hace semanas.<\/p>\n<div class=\"v-c-cmp v-c-cmp--f v-bdr-b-m\">\n<div class=\"v-d-cmp-file-g\">\n<header class=\"v-cnt-m v-cnt-m--xs\">\n<h3 class=\"v-cnt-m__t\">Donativos e informaci\u00f3n en:<\/h3>\n<\/header>\n<article class=\"v-a v-a--cmp-file-g v-a--p-t\">\n<div class=\"v-a-info-c\">\n<div class=\"v-list\">\n<ul class=\"v-list\">\n<li class=\"v-list__item\">\n<p class=\"v-p\">Cuenta bancaria ES60 2100 4134 7213 0022 9760<\/p>\n<\/li>\n<li class=\"v-list__item\">\n<p class=\"v-p\">Bizum 625568509, 692458983 y 662483483<\/p>\n<\/li>\n<li class=\"v-list__item\">\n<p class=\"v-p\">Tel\u00e9fono de contacto 667877024<\/p>\n<\/li>\n<\/ul>\n<\/div>\n<\/div>\n<\/article>\n<\/div>\n<\/div>\n<p class=\"v-p\">Jos\u00e9 Antonio y Enriqueta se encuentran viviendo en la casa de su hijo mayor junto a su mujer y sus hijos, que han adaptado la vivienda mientras consiguen fondos para reformar su antiguo hogar. Adem\u00e1s del concierto, que surgi\u00f3 por iniciativa de la banda musical, los comercios del municipio iniciaron una recaudaci\u00f3n solidaria para contribuir a la reparaci\u00f3n de la &#8216;casa suiza&#8217;. \u00abSolamente pensamos en que la familia pueda recuperar su vivienda. Los chiquillos de Enriqueta est\u00e1n d\u00e1ndolo todo para poder arreglarla. Algunos vecinos traen yeso, otros pintan&#8230; Cada uno aporta lo que puede o lo que tiene. Las tiendas hemos instalado huchas solidarias para ayudar. Por suerte est\u00e1 habiendo mucha colaboraci\u00f3n y uni\u00f3n en el pueblo. \u00a1Ojal\u00e1 reunamos mucho dinero!\u00bb, asever\u00f3 Chelo Guti\u00e9rrez, la propietaria del establecimiento &#8216;Tambaleo&#8217; de la calle Santa Ana.<\/p>\n<p class=\"v-p\">El pr\u00f3ximo <strong>viernes 28 de julio a<\/strong> partir de las 13 horas el Ayuntamiento de Atarfe, en colaboraci\u00f3n con Restaurante Asador Casa Aitor y la distribuidora de bebidas Cevipep, organizar\u00e1 una paella solidaria a favor de la familia Ortega Moreno en la caseta \u00abLa Flaca\u00bb del Recinto Ferial de Atarfe para seguir recaudando donativos para la familia.<\/p>\n<p><strong>Patricia Vaca Moreno<\/strong><\/p>\n<article class=\"v-a v-a--d v-a--d-bs v-a--p-b\">\n<div class=\"v-a-img-c v-a-img-c--fw-xs\">\n<figure class=\"v-a-fig\"><figcaption class=\"v-fc\"><span class=\"v-fc__text\">FOTO: El concierto ben\u00e9fico de La Plazuela en la Ermita de los Tres Juanes de Atarfe.<\/span> <span class=\"v-fc__ath\">R. R.<\/span><\/figcaption><\/figure>\n<\/div>\n<div class=\"v-a-info-c \">\n<p class=\"v-a-sub-t\">https:\/\/www.ideal.es\/granada\/area-metropolitana\/plazuela-recauda-30000-euros-apoyo-casa-suiza-20230721174609-nt.html<\/p>\n<\/div>\n<\/article>\n<div class=\"v-d v-d--ab-c v-d--bs\">\n<div class=\"v-mdl-ath\" data-voc-component=\"viewport-not-visible\">\n<div class=\"v-mdl-ath__c v-mdl-ath__c--1\">\n<div class=\"v-mdl-ath__info\">\n<p class=\"v-mdl-ath__p v-mdl-ath__p--name\">\u00a0<\/p>\n<\/div>\n<\/div>\n<\/div>\n<\/div>\n","protected":false},"excerpt":{"rendered":"<p>La localidad se vuelca con la familia Moreno Ortega para restaurar su vivienda asolada por&#8230;<\/p>\n","protected":false},"author":1,"featured_media":62750,"comment_status":"closed","ping_status":"closed","sticky":false,"template":"","format":"standard","meta":{"_coblocks_attr":"","_coblocks_dimensions":"","_coblocks_responsive_height":"","_coblocks_accordion_ie_support":"","jetpack_post_was_ever_published":false,"_jetpack_newsletter_access":"","_jetpack_dont_email_post_to_subs":false,"_jetpack_newsletter_tier_id":0,"_jetpack_memberships_contains_paywalled_content":false,"_jetpack_memberships_contains_paid_content":false,"footnotes":"","jetpack_publicize_message":"","jetpack_publicize_feature_enabled":true,"jetpack_social_post_already_shared":false,"jetpack_social_options":{"image_generator_settings":{"template":"highway","default_image_id":0,"enabled":false},"version":2}},"categories":[2,6916,1161,186,44,15],"tags":[9192,10562],"class_list":["post-62749","post","type-post","status-publish","format-standard","has-post-thumbnail","hentry","category-atarfe","category-ayuntamiento-de-atarfe","category-ciudadania","category-instituciones","category-noticias-de-hoy","category-ultimas-noticias","tag-concierto-solidario","tag-la-plazuela"],"jetpack_publicize_connections":[],"jetpack_featured_media_url":"https:\/\/i0.wp.com\/miradordeatarfe.es\/wp-content\/uploads\/2023\/07\/concierto-atarfe-758x531-1.jpg?fit=758%2C569&ssl=1","jetpack_likes_enabled":true,"jetpack_sharing_enabled":true,"_links":{"self":[{"href":"https:\/\/miradordeatarfe.es\/index.php?rest_route=\/wp\/v2\/posts\/62749","targetHints":{"allow":["GET"]}}],"collection":[{"href":"https:\/\/miradordeatarfe.es\/index.php?rest_route=\/wp\/v2\/posts"}],"about":[{"href":"https:\/\/miradordeatarfe.es\/index.php?rest_route=\/wp\/v2\/types\/post"}],"author":[{"embeddable":true,"href":"https:\/\/miradordeatarfe.es\/index.php?rest_route=\/wp\/v2\/users\/1"}],"replies":[{"embeddable":true,"href":"https:\/\/miradordeatarfe.es\/index.php?rest_route=%2Fwp%2Fv2%2Fcomments&post=62749"}],"version-history":[{"count":1,"href":"https:\/\/miradordeatarfe.es\/index.php?rest_route=\/wp\/v2\/posts\/62749\/revisions"}],"predecessor-version":[{"id":62751,"href":"https:\/\/miradordeatarfe.es\/index.php?rest_route=\/wp\/v2\/posts\/62749\/revisions\/62751"}],"wp:featuredmedia":[{"embeddable":true,"href":"https:\/\/miradordeatarfe.es\/index.php?rest_route=\/wp\/v2\/media\/62750"}],"wp:attachment":[{"href":"https:\/\/miradordeatarfe.es\/index.php?rest_route=%2Fwp%2Fv2%2Fmedia&parent=62749"}],"wp:term":[{"taxonomy":"category","embeddable":true,"href":"https:\/\/miradordeatarfe.es\/index.php?rest_route=%2Fwp%2Fv2%2Fcategories&post=62749"},{"taxonomy":"post_tag","embeddable":true,"href":"https:\/\/miradordeatarfe.es\/index.php?rest_route=%2Fwp%2Fv2%2Ftags&post=62749"}],"curies":[{"name":"wp","href":"https:\/\/api.w.org\/{rel}","templated":true}]}}