{"id":62771,"date":"2023-07-24T11:14:59","date_gmt":"2023-07-24T09:14:59","guid":{"rendered":"https:\/\/miradordeatarfe.es\/?p=62771"},"modified":"2023-07-24T11:14:59","modified_gmt":"2023-07-24T09:14:59","slug":"atarfe-resultados-electorales-del-23j-de-2023","status":"publish","type":"post","link":"https:\/\/miradordeatarfe.es\/?p=62771","title":{"rendered":"ATARFE: RESULTADOS ELECTORALES DEL 23J DE 2023"},"content":{"rendered":"<h3 class=\"paragraph\">La <b>jornada electoral en Atarfe<\/b> tiene lugar tras los resultados de las elecciones municipales y auton\u00f3micas 28M, cuando <b>Pedro S\u00e1nchez convoc\u00f3 elecciones generales anticipadas para el 23 de julio<\/b>.<\/h3>\n<p class=\"paragraph\">Unas elecciones generales \u2018sorpresa\u2019, que han estado marcadas por la polarizaci\u00f3n entre <b>dos grandes bloques de partidos<\/b>: la izquierda, con el <a class=\"relacionada-intext\" title=\"PSOE\" href=\"https:\/\/www.20minutos.es\/minuteca\/psoe\/\">Partido Socialista Obrero Espa\u00f1ol<\/a> y <a class=\"relacionada-intext\" title=\"Sumar\" href=\"https:\/\/www.20minutos.es\/minuteca\/sumar-yolanda-diaz\/\">Sumar<\/a> como principales candidatos progresistas, y la derecha, con el Partido Popular y Vox como principales fuerzas pol\u00edticas del bloque conservador.<\/p>\n<p class=\"paragraph\">La <b>jornada de votaci\u00f3n en Atarfe<\/b> ha transcurrido sin grandes incidencias. Los centros electorales, que abrieron a las 9:00 horas de la ma\u00f1ana, han estado recibiendo a los habitantes de <b>Atarfe<\/b> que han depositado el sobre con su voto para las <b>elecciones generales 2023<\/b><\/p>\n<p>Pedro S\u00e1nchez ha considerado que <b>el bloque de la derecha ha fracasado<\/b> este 23J y ha apuntado a un nuevo Gobierno progresista.\u00a0\u00abSomos muchos m\u00e1s los que queremos que Espa\u00f1a siga avanzando a que siga el camino del retroceso marcado por el Partido Popular con Vox. As\u00ed que Espa\u00f1a, espa\u00f1oles, compa\u00f1eros, somos m\u00e1s, muchos m\u00e1s los que <b>queremos que Espa\u00f1a avance y as\u00ed seguir\u00e1 siendo<\/b>\u00ab,<\/p>\n<p data-mrf-recirculation=\"links-parrafos\">Cuando el escrutinio de votos correspondiente a las elecciones generales alcanza el 100%, <b>el PSOE ser\u00eda la formaci\u00f3n m\u00e1s votada en Atarfe (Granada)<\/b> con el 35,46% de las papeletas , lo que significar\u00eda un mejor resultado en la localidad que en los comicios anteriores, pues se traduce en un 0,9% m\u00e1s. Seg\u00fan los datos ofrecidos por el Ministerio del Interior, el Partido Socialista Obrero Espa\u00f1ol obtendr\u00eda el primer puesto gracias al 35,46% de los votos. En segunda posici\u00f3n estar\u00eda el PP (29,19%), con 2809 votos; seguido de VOX (19,83%), con 1909; mientras que SUMAR y el PACMA habr\u00edan conseguido un 12,98% y 0,67% respectivamente.<\/p>\n<p data-mrf-recirculation=\"links-parrafos\">Esta ser\u00eda la distribuci\u00f3n del porcentaje de voto de las diferentes formaciones en este municipio:<\/p>\n<ul>\n<li><b>PSOE<\/b>: 3412 votos, 35,46% (+0,9%).<\/li>\n<li><b>PP<\/b>: 2809 votos, 29,19% (+15,5%).<\/li>\n<li><b>VOX<\/b>: 1909 votos, 19,83% (-3,96%).<\/li>\n<li><b>SUMAR<\/b>: 1249 votos, 12,98% (-).<\/li>\n<li><b>PACMA<\/b>: 65 votos, 0,67% (-0,41%).<\/li>\n<li><b>PCTE<\/b>: 24 votos, 0,24% (+0,15%).<\/li>\n<li><b>JxG<\/b>: 23 votos, 0,23% (-).<\/li>\n<li><b>FO<\/b>: 16 votos, 0,16% (-).<\/li>\n<li><b>PUM+J<\/b>: 15 votos, 0,15% (+0,09%).<\/li>\n<li><b>RECORTES CERO<\/b>: 11 votos, 0,11% (-).<\/li>\n<li><b>CJ<\/b>: 10 votos, 0,1% (-).<\/li>\n<\/ul>\n<p data-mrf-recirculation=\"links-parrafos\">La participaci\u00f3n, afincada en un <b>66,54%<\/b>, sit\u00faa a este 23-J <b>en la horquilla m\u00e1s habitual<\/b> de entre todas las citas electorales celebradas hasta la fecha en nuestro\u00a0 municipio, cuyo m\u00e1ximo hist\u00f3rico data de octubre de<strong> 1982 (85,05%)<\/strong> en la provincia de Granada. La cifra ha sido del 70,83%<\/p>\n<h1>ASI VOTO EL 23J DE 2023 EL PUEBLO DE ATARFE<\/h1>\n<p><a href=\"https:\/\/i0.wp.com\/miradordeatarfe.es\/wp-content\/uploads\/2023\/07\/Screenshot-2023-07-24-at-10-08-40-Atarfe-Resultados-elecciones-generales-2023-escrutinio-del-voto-en-directo.png?ssl=1\"><img data-recalc-dims=\"1\" loading=\"lazy\" decoding=\"async\" class=\"alignnone wp-image-62776 \" src=\"https:\/\/i0.wp.com\/miradordeatarfe.es\/wp-content\/uploads\/2023\/07\/Screenshot-2023-07-24-at-10-08-40-Atarfe-Resultados-elecciones-generales-2023-escrutinio-del-voto-en-directo.png?resize=640%2C419&#038;ssl=1\" alt=\"\" width=\"640\" height=\"419\" srcset=\"https:\/\/i0.wp.com\/miradordeatarfe.es\/wp-content\/uploads\/2023\/07\/Screenshot-2023-07-24-at-10-08-40-Atarfe-Resultados-elecciones-generales-2023-escrutinio-del-voto-en-directo.png?w=588&amp;ssl=1 588w, https:\/\/i0.wp.com\/miradordeatarfe.es\/wp-content\/uploads\/2023\/07\/Screenshot-2023-07-24-at-10-08-40-Atarfe-Resultados-elecciones-generales-2023-escrutinio-del-voto-en-directo.png?resize=300%2C196&amp;ssl=1 300w\" sizes=\"auto, (max-width: 640px) 100vw, 640px\" \/><\/a><\/p>\n<p><a href=\"https:\/\/i0.wp.com\/miradordeatarfe.es\/wp-content\/uploads\/2023\/07\/Screenshot-2023-07-24-at-10-52-51-Resultados-en-Atarfe-de-las-elecciones-generales-23J-2023.png?ssl=1\"><img data-recalc-dims=\"1\" loading=\"lazy\" decoding=\"async\" class=\"alignnone wp-image-62779 \" src=\"https:\/\/i0.wp.com\/miradordeatarfe.es\/wp-content\/uploads\/2023\/07\/Screenshot-2023-07-24-at-10-52-51-Resultados-en-Atarfe-de-las-elecciones-generales-23J-2023.png?resize=640%2C427&#038;ssl=1\" alt=\"\" width=\"640\" height=\"427\" srcset=\"https:\/\/i0.wp.com\/miradordeatarfe.es\/wp-content\/uploads\/2023\/07\/Screenshot-2023-07-24-at-10-52-51-Resultados-en-Atarfe-de-las-elecciones-generales-23J-2023.png?w=702&amp;ssl=1 702w, https:\/\/i0.wp.com\/miradordeatarfe.es\/wp-content\/uploads\/2023\/07\/Screenshot-2023-07-24-at-10-52-51-Resultados-en-Atarfe-de-las-elecciones-generales-23J-2023.png?resize=300%2C200&amp;ssl=1 300w\" sizes=\"auto, (max-width: 640px) 100vw, 640px\" \/><\/a><\/p>\n<h1>PARTICIPACI\u00d3N DEL PUEBLO DE ATARFE EN 2019 Y 2023<\/h1>\n<p><a href=\"https:\/\/i0.wp.com\/miradordeatarfe.es\/wp-content\/uploads\/2023\/07\/Screenshot-2023-07-24-at-09-58-16-Atarfe-Resultados-elecciones-generales-2023-escrutinio-del-voto-en-directo.png?ssl=1\"><img data-recalc-dims=\"1\" loading=\"lazy\" decoding=\"async\" class=\"alignnone wp-image-62772 \" src=\"https:\/\/i0.wp.com\/miradordeatarfe.es\/wp-content\/uploads\/2023\/07\/Screenshot-2023-07-24-at-09-58-16-Atarfe-Resultados-elecciones-generales-2023-escrutinio-del-voto-en-directo.png?resize=640%2C289&#038;ssl=1\" alt=\"\" width=\"640\" height=\"289\" srcset=\"https:\/\/i0.wp.com\/miradordeatarfe.es\/wp-content\/uploads\/2023\/07\/Screenshot-2023-07-24-at-09-58-16-Atarfe-Resultados-elecciones-generales-2023-escrutinio-del-voto-en-directo.png?w=617&amp;ssl=1 617w, https:\/\/i0.wp.com\/miradordeatarfe.es\/wp-content\/uploads\/2023\/07\/Screenshot-2023-07-24-at-09-58-16-Atarfe-Resultados-elecciones-generales-2023-escrutinio-del-voto-en-directo.png?resize=300%2C136&amp;ssl=1 300w\" sizes=\"auto, (max-width: 640px) 100vw, 640px\" \/><\/a><\/p>\n<p><a href=\"https:\/\/i0.wp.com\/miradordeatarfe.es\/wp-content\/uploads\/2023\/07\/Screenshot-2023-07-24-at-11-09-30-Atarfe-ganador-y-resultados-en-las-elecciones-generales-del-23-de-julio-2023-ultima-hora-en-directo.png?ssl=1\"><img data-recalc-dims=\"1\" loading=\"lazy\" decoding=\"async\" class=\"alignnone wp-image-62782 \" src=\"https:\/\/i0.wp.com\/miradordeatarfe.es\/wp-content\/uploads\/2023\/07\/Screenshot-2023-07-24-at-11-09-30-Atarfe-ganador-y-resultados-en-las-elecciones-generales-del-23-de-julio-2023-ultima-hora-en-directo.png?resize=515%2C397&#038;ssl=1\" alt=\"\" width=\"515\" height=\"397\" srcset=\"https:\/\/i0.wp.com\/miradordeatarfe.es\/wp-content\/uploads\/2023\/07\/Screenshot-2023-07-24-at-11-09-30-Atarfe-ganador-y-resultados-en-las-elecciones-generales-del-23-de-julio-2023-ultima-hora-en-directo.png?w=354&amp;ssl=1 354w, https:\/\/i0.wp.com\/miradordeatarfe.es\/wp-content\/uploads\/2023\/07\/Screenshot-2023-07-24-at-11-09-30-Atarfe-ganador-y-resultados-en-las-elecciones-generales-del-23-de-julio-2023-ultima-hora-en-directo.png?resize=300%2C231&amp;ssl=1 300w\" sizes=\"auto, (max-width: 515px) 100vw, 515px\" \/><\/a><\/p>\n<h1>RESULTADOS ELECTORALES <em>EN ATARFE<\/em> POR PARTIDOS EN 2019 Y EN EL 23J DE 2023 EN EL CONGRESO:<\/h1>\n<p><a href=\"https:\/\/i0.wp.com\/miradordeatarfe.es\/wp-content\/uploads\/2023\/07\/Screenshot-2023-07-24-at-10-00-25-Atarfe-Resultados-elecciones-generales-2023-escrutinio-del-voto-en-directo.png?ssl=1\"><img data-recalc-dims=\"1\" loading=\"lazy\" decoding=\"async\" class=\"alignnone wp-image-62773 size-full\" src=\"https:\/\/i0.wp.com\/miradordeatarfe.es\/wp-content\/uploads\/2023\/07\/Screenshot-2023-07-24-at-10-00-25-Atarfe-Resultados-elecciones-generales-2023-escrutinio-del-voto-en-directo.png?resize=608%2C571&#038;ssl=1\" alt=\"\" width=\"608\" height=\"571\" srcset=\"https:\/\/i0.wp.com\/miradordeatarfe.es\/wp-content\/uploads\/2023\/07\/Screenshot-2023-07-24-at-10-00-25-Atarfe-Resultados-elecciones-generales-2023-escrutinio-del-voto-en-directo.png?w=608&amp;ssl=1 608w, https:\/\/i0.wp.com\/miradordeatarfe.es\/wp-content\/uploads\/2023\/07\/Screenshot-2023-07-24-at-10-00-25-Atarfe-Resultados-elecciones-generales-2023-escrutinio-del-voto-en-directo.png?resize=300%2C282&amp;ssl=1 300w\" sizes=\"auto, (max-width: 608px) 100vw, 608px\" \/><\/a> <a href=\"https:\/\/i0.wp.com\/miradordeatarfe.es\/wp-content\/uploads\/2023\/07\/Screenshot-2023-07-24-at-10-00-50-Atarfe-Resultados-elecciones-generales-2023-escrutinio-del-voto-en-directo.png?ssl=1\"><img data-recalc-dims=\"1\" loading=\"lazy\" decoding=\"async\" class=\"alignnone wp-image-62774 size-full\" src=\"https:\/\/i0.wp.com\/miradordeatarfe.es\/wp-content\/uploads\/2023\/07\/Screenshot-2023-07-24-at-10-00-50-Atarfe-Resultados-elecciones-generales-2023-escrutinio-del-voto-en-directo.png?resize=638%2C643&#038;ssl=1\" alt=\"\" width=\"638\" height=\"643\" srcset=\"https:\/\/i0.wp.com\/miradordeatarfe.es\/wp-content\/uploads\/2023\/07\/Screenshot-2023-07-24-at-10-00-50-Atarfe-Resultados-elecciones-generales-2023-escrutinio-del-voto-en-directo.png?w=638&amp;ssl=1 638w, https:\/\/i0.wp.com\/miradordeatarfe.es\/wp-content\/uploads\/2023\/07\/Screenshot-2023-07-24-at-10-00-50-Atarfe-Resultados-elecciones-generales-2023-escrutinio-del-voto-en-directo.png?resize=298%2C300&amp;ssl=1 298w, https:\/\/i0.wp.com\/miradordeatarfe.es\/wp-content\/uploads\/2023\/07\/Screenshot-2023-07-24-at-10-00-50-Atarfe-Resultados-elecciones-generales-2023-escrutinio-del-voto-en-directo.png?resize=150%2C150&amp;ssl=1 150w\" sizes=\"auto, (max-width: 638px) 100vw, 638px\" \/><\/a><\/p>\n<p>&nbsp;<\/p>\n<p><a href=\"https:\/\/i0.wp.com\/miradordeatarfe.es\/wp-content\/uploads\/2023\/07\/Screenshot-2023-07-24-at-11-03-08-Resultados-Elecciones-Generales-Atarfe-23J-al-Congreso-Votos-y-escanos-por-municipio.png?ssl=1\"><img data-recalc-dims=\"1\" loading=\"lazy\" decoding=\"async\" class=\"alignnone wp-image-62780 \" src=\"https:\/\/i0.wp.com\/miradordeatarfe.es\/wp-content\/uploads\/2023\/07\/Screenshot-2023-07-24-at-11-03-08-Resultados-Elecciones-Generales-Atarfe-23J-al-Congreso-Votos-y-escanos-por-municipio.png?resize=640%2C405&#038;ssl=1\" alt=\"\" width=\"640\" height=\"405\" srcset=\"https:\/\/i0.wp.com\/miradordeatarfe.es\/wp-content\/uploads\/2023\/07\/Screenshot-2023-07-24-at-11-03-08-Resultados-Elecciones-Generales-Atarfe-23J-al-Congreso-Votos-y-escanos-por-municipio.png?w=927&amp;ssl=1 927w, https:\/\/i0.wp.com\/miradordeatarfe.es\/wp-content\/uploads\/2023\/07\/Screenshot-2023-07-24-at-11-03-08-Resultados-Elecciones-Generales-Atarfe-23J-al-Congreso-Votos-y-escanos-por-municipio.png?resize=300%2C190&amp;ssl=1 300w, https:\/\/i0.wp.com\/miradordeatarfe.es\/wp-content\/uploads\/2023\/07\/Screenshot-2023-07-24-at-11-03-08-Resultados-Elecciones-Generales-Atarfe-23J-al-Congreso-Votos-y-escanos-por-municipio.png?resize=768%2C485&amp;ssl=1 768w\" sizes=\"auto, (max-width: 640px) 100vw, 640px\" \/><\/a><\/p>\n<h1>RESULTADOS ELECTORALES <em>EN ATARFE<\/em> POR PARTIDOS EN 2019 Y EN EL 23J DE 2023 EN EL SENADO:<\/h1>\n<p><a href=\"https:\/\/i0.wp.com\/miradordeatarfe.es\/wp-content\/uploads\/2023\/07\/Screenshot-2023-07-24-at-10-45-58-Resultados-Elecciones-Generales-al-Senado-en-Atarfe.png?ssl=1\"><img data-recalc-dims=\"1\" loading=\"lazy\" decoding=\"async\" class=\"alignnone wp-image-62778 size-full\" src=\"https:\/\/i0.wp.com\/miradordeatarfe.es\/wp-content\/uploads\/2023\/07\/Screenshot-2023-07-24-at-10-45-58-Resultados-Elecciones-Generales-al-Senado-en-Atarfe.png?resize=640%2C395&#038;ssl=1\" alt=\"\" width=\"640\" height=\"395\" srcset=\"https:\/\/i0.wp.com\/miradordeatarfe.es\/wp-content\/uploads\/2023\/07\/Screenshot-2023-07-24-at-10-45-58-Resultados-Elecciones-Generales-al-Senado-en-Atarfe.png?w=818&amp;ssl=1 818w, https:\/\/i0.wp.com\/miradordeatarfe.es\/wp-content\/uploads\/2023\/07\/Screenshot-2023-07-24-at-10-45-58-Resultados-Elecciones-Generales-al-Senado-en-Atarfe.png?resize=300%2C185&amp;ssl=1 300w, https:\/\/i0.wp.com\/miradordeatarfe.es\/wp-content\/uploads\/2023\/07\/Screenshot-2023-07-24-at-10-45-58-Resultados-Elecciones-Generales-al-Senado-en-Atarfe.png?resize=768%2C474&amp;ssl=1 768w\" sizes=\"auto, (max-width: 640px) 100vw, 640px\" \/><\/a><\/p>\n<p><a href=\"https:\/\/i0.wp.com\/miradordeatarfe.es\/wp-content\/uploads\/2023\/07\/Screenshot-2023-07-24-at-11-04-42-Resultados-y-ganador-de-las-elecciones-generales-2023-en-Atarfe.png?ssl=1\"><img data-recalc-dims=\"1\" loading=\"lazy\" decoding=\"async\" class=\"alignnone wp-image-62781 size-full\" src=\"https:\/\/i0.wp.com\/miradordeatarfe.es\/wp-content\/uploads\/2023\/07\/Screenshot-2023-07-24-at-11-04-42-Resultados-y-ganador-de-las-elecciones-generales-2023-en-Atarfe.png?resize=640%2C324&#038;ssl=1\" alt=\"\" width=\"640\" height=\"324\" srcset=\"https:\/\/i0.wp.com\/miradordeatarfe.es\/wp-content\/uploads\/2023\/07\/Screenshot-2023-07-24-at-11-04-42-Resultados-y-ganador-de-las-elecciones-generales-2023-en-Atarfe.png?w=744&amp;ssl=1 744w, https:\/\/i0.wp.com\/miradordeatarfe.es\/wp-content\/uploads\/2023\/07\/Screenshot-2023-07-24-at-11-04-42-Resultados-y-ganador-de-las-elecciones-generales-2023-en-Atarfe.png?resize=300%2C152&amp;ssl=1 300w\" sizes=\"auto, (max-width: 640px) 100vw, 640px\" \/><\/a><\/p>\n","protected":false},"excerpt":{"rendered":"<p>La jornada electoral en Atarfe tiene lugar tras los resultados de las elecciones municipales y&#8230;<\/p>\n","protected":false},"author":1,"featured_media":62783,"comment_status":"closed","ping_status":"closed","sticky":false,"template":"","format":"standard","meta":{"_coblocks_attr":"","_coblocks_dimensions":"","_coblocks_responsive_height":"","_coblocks_accordion_ie_support":"","jetpack_post_was_ever_published":false,"_jetpack_newsletter_access":"","_jetpack_dont_email_post_to_subs":false,"_jetpack_newsletter_tier_id":0,"_jetpack_memberships_contains_paywalled_content":false,"_jetpack_memberships_contains_paid_content":false,"footnotes":"","jetpack_publicize_message":"","jetpack_publicize_feature_enabled":true,"jetpack_social_post_already_shared":false,"jetpack_social_options":{"image_generator_settings":{"template":"highway","default_image_id":0,"enabled":false},"version":2}},"categories":[2,1161,186,44,7671,15],"tags":[10569,81,10568],"class_list":["post-62771","post","type-post","status-publish","format-standard","has-post-thumbnail","hentry","category-atarfe","category-ciudadania","category-instituciones","category-noticias-de-hoy","category-politica","category-ultimas-noticias","tag-23j","tag-atarfe","tag-elecciones-generales-2023"],"jetpack_publicize_connections":[],"jetpack_featured_media_url":"https:\/\/i0.wp.com\/miradordeatarfe.es\/wp-content\/uploads\/2023\/07\/f.elconfidencial.com_original_3be_dfc_752_3bedfc75244f7535afe4334acf19570e.jpg?fit=1200%2C1200&ssl=1","jetpack_likes_enabled":true,"jetpack_sharing_enabled":true,"_links":{"self":[{"href":"https:\/\/miradordeatarfe.es\/index.php?rest_route=\/wp\/v2\/posts\/62771","targetHints":{"allow":["GET"]}}],"collection":[{"href":"https:\/\/miradordeatarfe.es\/index.php?rest_route=\/wp\/v2\/posts"}],"about":[{"href":"https:\/\/miradordeatarfe.es\/index.php?rest_route=\/wp\/v2\/types\/post"}],"author":[{"embeddable":true,"href":"https:\/\/miradordeatarfe.es\/index.php?rest_route=\/wp\/v2\/users\/1"}],"replies":[{"embeddable":true,"href":"https:\/\/miradordeatarfe.es\/index.php?rest_route=%2Fwp%2Fv2%2Fcomments&post=62771"}],"version-history":[{"count":2,"href":"https:\/\/miradordeatarfe.es\/index.php?rest_route=\/wp\/v2\/posts\/62771\/revisions"}],"predecessor-version":[{"id":62784,"href":"https:\/\/miradordeatarfe.es\/index.php?rest_route=\/wp\/v2\/posts\/62771\/revisions\/62784"}],"wp:featuredmedia":[{"embeddable":true,"href":"https:\/\/miradordeatarfe.es\/index.php?rest_route=\/wp\/v2\/media\/62783"}],"wp:attachment":[{"href":"https:\/\/miradordeatarfe.es\/index.php?rest_route=%2Fwp%2Fv2%2Fmedia&parent=62771"}],"wp:term":[{"taxonomy":"category","embeddable":true,"href":"https:\/\/miradordeatarfe.es\/index.php?rest_route=%2Fwp%2Fv2%2Fcategories&post=62771"},{"taxonomy":"post_tag","embeddable":true,"href":"https:\/\/miradordeatarfe.es\/index.php?rest_route=%2Fwp%2Fv2%2Ftags&post=62771"}],"curies":[{"name":"wp","href":"https:\/\/api.w.org\/{rel}","templated":true}]}}