{"id":62786,"date":"2023-07-24T12:11:27","date_gmt":"2023-07-24T10:11:27","guid":{"rendered":"https:\/\/miradordeatarfe.es\/?p=62786"},"modified":"2023-07-24T13:43:11","modified_gmt":"2023-07-24T11:43:11","slug":"salvar-la-primavera-de-remedios-sanchez","status":"publish","type":"post","link":"https:\/\/miradordeatarfe.es\/?p=62786","title":{"rendered":"\u00abSALVAR LA PRIMAVERA\u00bb de Remedios S\u00e1nchez"},"content":{"rendered":"<h3>Las elecciones del 23J: una victoria \u00e9pica de la mayor\u00eda dem\u00f3crata espa\u00f1ola, esa que han logrado salvarnos a todos la primavera.<\/h3>\n<p style=\"text-align: justify;\">Espa\u00f1a, esta Espa\u00f1a que madruga, se ha levantado temprano, se ha puesto su traje blanco y se ha ido a la calle. Es verano en las aceras, pero se respira un aire limpio y transparente con un sol redondo navegando un cielo sin nubes; es el d\u00eda posterior a las elecciones y, ahora que el pueblo ha hablado, la normalidad democr\u00e1tica saluda al vecino o se toma el caf\u00e9 en los bares con una sonrisa apacible, cede el asiento en el autob\u00fas a un se\u00f1or mayor, agarrado firmemente a su bast\u00f3n. \u00a0Esta es la Espa\u00f1a en la que creemos una mayor\u00eda, la que siempre acaba por salvar el pueblo que no nombra la patria, pero que es consciente de lo que implican los tiempos de silencio, el olor a naftalina y la tristeza que no cabe en la mano.<\/p>\n<p style=\"text-align: justify;\">El resultado, conste, no significa un cheque en blanco al bloque de izquierdas que lidera Pedro S\u00e1nchez (suma por la m\u00ednima) pero s\u00ed nos da la dimensi\u00f3n de lo que queremos y lo que no. Este pa\u00eds quiere democracia, derechos, libertad, memoria, justicia y verdad. Y lo que no queremos es retroceder, malversar los sacrificios de quienes nos han precedido. El Partido Popular se ha equivocado utilizando como muleta a Vox, dej\u00e1ndole el protagonismo en los momentos clave de la campa\u00f1a, esa insistencia en pervertir sistem\u00e1ticamente todos aquellos cambios que tanto esfuerzo les costaron a nuestros abuelos, a nuestros padres y a quienes han dado la cara frente al desprop\u00f3sito.<\/p>\n<p style=\"text-align: justify;\">No nos hemos olvidado de lo que cost\u00f3 hacer la Constituci\u00f3n, \u00e9sa en la que seguimos cabiendo todos. Feij\u00f3o, con sus alas de \u00cdcaro prestadas por Vox, se ha dejado escribir el guion por la ultraderecha sin chistar, no ha seguido el modelo andaluz que plante\u00f3 Juanma Moreno, o Marifr\u00e1n Carazo\u00a0en Granada. Y en su partido se dieron cuenta demasiado tarde de que el error estaba en la base: en la fragilidad del candidato. Porque el gallego ha venido desinfl\u00e1ndose progresivamente, evidenciando su desconocimiento de la pluralidad que somos, de los problemas reales de la ciudadan\u00eda. Cuando se percataron era tarde, porque nunca se supo si era mejor apartarlo o dejarlo hablar retorciendo el lenguaje, si sacarlo al escenario o esconderlo en el trascenio. Optaron por no ir al debate m\u00faltiple. Cuando no funcion\u00f3, lo dejaron explicarse -a su modo- demostrando su desconocimiento de Espa\u00f1a, abrazado a las vaguedades, con esa sensaci\u00f3n de hast\u00edo que tiene quien confunde vencer con convencer, que nunca fueron la misma cosa.\u00a0A \u00e9l le hab\u00edan contado que ganaba y se olvid\u00f3 de que eso depend\u00eda de los sufragios. \u00a0Mientras, Pedro S\u00e1nchez ha ido dejando atr\u00e1s a los asesores que lo hab\u00edan convertido en un reh\u00e9n de s\u00ed mismo y ha salido finalmente de La Moncloa, ha contado la historia y una mayor\u00eda la ha comprendido. Hemos sufrido una pandemia con m\u00e1s de cien mil muertos que son de todos, meses encerrados en casa y una guerra que afecta a toda Europa. Tambi\u00e9n han sido muchos los errores, evidentemente. Esto era v\u00e1lido hasta que los radicales pusieron encima de la mesa arrasar con los logros del Estado de derecho y el PP guard\u00f3 silencio. Este fue el l\u00edmite. As\u00ed se resumen las elecciones del 23J: una victoria \u00e9pica de la mayor\u00eda dem\u00f3crata espa\u00f1ola, esa que han logrado salvarnos a todos la primavera.<\/p>\n<p>&nbsp;<\/p>\n","protected":false},"excerpt":{"rendered":"<p>Las elecciones del 23J: una victoria \u00e9pica de la mayor\u00eda dem\u00f3crata espa\u00f1ola, esa que han&#8230;<\/p>\n","protected":false},"author":1,"featured_media":62787,"comment_status":"closed","ping_status":"closed","sticky":false,"template":"","format":"standard","meta":{"_coblocks_attr":"","_coblocks_dimensions":"","_coblocks_responsive_height":"","_coblocks_accordion_ie_support":"","jetpack_post_was_ever_published":false,"_jetpack_newsletter_access":"","_jetpack_dont_email_post_to_subs":false,"_jetpack_newsletter_tier_id":0,"_jetpack_memberships_contains_paywalled_content":false,"_jetpack_memberships_contains_paid_content":false,"footnotes":"","jetpack_publicize_message":"","jetpack_publicize_feature_enabled":true,"jetpack_social_post_already_shared":false,"jetpack_social_options":{"image_generator_settings":{"template":"highway","default_image_id":0,"enabled":false},"version":2}},"categories":[1161,44,7671,6914,6937,15],"tags":[104,905,10570],"class_list":["post-62786","post","type-post","status-publish","format-standard","has-post-thumbnail","hentry","category-ciudadania","category-noticias-de-hoy","category-politica","category-opinion-de-reme-sanchez","category-sociedad","category-ultimas-noticias","tag-democracia","tag-partidos","tag-pp-y-vox"],"jetpack_publicize_connections":[],"jetpack_featured_media_url":"https:\/\/i0.wp.com\/miradordeatarfe.es\/wp-content\/uploads\/2023\/07\/5cffc5b94fab3.jpg?fit=1020%2C680&ssl=1","jetpack_likes_enabled":true,"jetpack_sharing_enabled":true,"_links":{"self":[{"href":"https:\/\/miradordeatarfe.es\/index.php?rest_route=\/wp\/v2\/posts\/62786","targetHints":{"allow":["GET"]}}],"collection":[{"href":"https:\/\/miradordeatarfe.es\/index.php?rest_route=\/wp\/v2\/posts"}],"about":[{"href":"https:\/\/miradordeatarfe.es\/index.php?rest_route=\/wp\/v2\/types\/post"}],"author":[{"embeddable":true,"href":"https:\/\/miradordeatarfe.es\/index.php?rest_route=\/wp\/v2\/users\/1"}],"replies":[{"embeddable":true,"href":"https:\/\/miradordeatarfe.es\/index.php?rest_route=%2Fwp%2Fv2%2Fcomments&post=62786"}],"version-history":[{"count":1,"href":"https:\/\/miradordeatarfe.es\/index.php?rest_route=\/wp\/v2\/posts\/62786\/revisions"}],"predecessor-version":[{"id":62788,"href":"https:\/\/miradordeatarfe.es\/index.php?rest_route=\/wp\/v2\/posts\/62786\/revisions\/62788"}],"wp:featuredmedia":[{"embeddable":true,"href":"https:\/\/miradordeatarfe.es\/index.php?rest_route=\/wp\/v2\/media\/62787"}],"wp:attachment":[{"href":"https:\/\/miradordeatarfe.es\/index.php?rest_route=%2Fwp%2Fv2%2Fmedia&parent=62786"}],"wp:term":[{"taxonomy":"category","embeddable":true,"href":"https:\/\/miradordeatarfe.es\/index.php?rest_route=%2Fwp%2Fv2%2Fcategories&post=62786"},{"taxonomy":"post_tag","embeddable":true,"href":"https:\/\/miradordeatarfe.es\/index.php?rest_route=%2Fwp%2Fv2%2Ftags&post=62786"}],"curies":[{"name":"wp","href":"https:\/\/api.w.org\/{rel}","templated":true}]}}