{"id":62789,"date":"2023-07-25T08:22:20","date_gmt":"2023-07-25T06:22:20","guid":{"rendered":"https:\/\/miradordeatarfe.es\/?p=62789"},"modified":"2023-10-23T13:47:47","modified_gmt":"2023-10-23T11:47:47","slug":"aviso-de-la-aemet-porque-los-veranos-en-granada-y-andalucia-se-alargan-de-manera-alarmante","status":"publish","type":"post","link":"https:\/\/miradordeatarfe.es\/?p=62789","title":{"rendered":"Aviso de la Aemet porque los veranos en Granada y Andaluc\u00eda se alargan \u00abde manera alarmante\u00bb"},"content":{"rendered":"<article class=\"v-a v-a--d v-a--d-bs v-a--p-b\">\n<div class=\"v-a-info-c \">\n<h2 class=\"v-a-sub-t\" style=\"text-align: justify;\">Tras realizar un estudio, la agencia detalla que la \u00abnueva norma\u00bb ser\u00e1 contar con veranos prolongados y sofocantes durante los pr\u00f3ximos a\u00f1os<\/h2>\n<\/div>\n<\/article>\n<p class=\"v-p\" style=\"text-align: justify;\">Parece ya claro que la tendencia climatol\u00f3gica ha dado un vuelco m\u00e1s que considerable. Durante los \u00faltimos a\u00f1os est\u00e1 sucediendo lo mismo en Andaluc\u00eda: el calor del verano cada vez llega antes y se marcha m\u00e1s tarde. Algo que ya ocurri\u00f3 el a\u00f1o pasado con m\u00faltiples olas de calor y que tambi\u00e9n se ha repetido este 2023, con un mes de junio con varios episodios de temperaturas elevadas. Pero, \u00bfrealmente es una tendencia o se trata de algo aislado? <a title=\"aemetblog.es\" href=\"https:\/\/aemetblog.es\/2023\/06\/24\/el-avance-implacable-del-verano-en-espana-analisis-sobre-su-progresivo-alargamiento\/\" data-voc-vtm-id=\"in-text-traffic\">La Agencia Estatal de Meteorolog\u00eda ha realizado un an\u00e1lisis<\/a> para comprobarlo.<\/p>\n<p class=\"v-p\" style=\"text-align: justify;\">A trav\u00e9s de un art\u00edculo de Benito Fuentes L\u00f3pez, meteor\u00f3logo de la Delegaci\u00f3n de Aemet en Valencia, se\u00f1alan que \u00abdurante d\u00e9cadas se viene registrando un n\u00famero de r\u00e9cords de d\u00edas c\u00e1lidos superior al esperado y un aumento de las temperaturas m\u00e1ximas\u00bb. Una situaci\u00f3n que \u00abconcuerda\u00bb con las proyecciones establecidas en los diferentes escenarios del cambio clim\u00e1tico.<\/p>\n<p class=\"v-p\" style=\"text-align: justify;\">En este sentido, una de las predicciones ten\u00eda que ver con la reducci\u00f3n de los inviernos y la extensi\u00f3n de los veranos, algo que gracias a un estudio de C\u00e9sar Rodr\u00edguez pudo analizarse al detalle. El estudio en cuesti\u00f3n analiz\u00f3 las series de temperaturas de diferentes observatorios de Espa\u00f1a y arroj\u00f3 un dato que lo confirma todo: los veranos se est\u00e1n alargando entre 4 y 15 d\u00edas por d\u00e9cada, dependiendo de la zona.<\/p>\n<p class=\"v-p\" style=\"text-align: justify;\">As\u00ed, la Aemet explica como desde la d\u00e9cada de 1940 todo el territorio espa\u00f1ol detecta \u00abun alargamiento evidente del periodo estival\u00bb. Un Aumento que es menor en el suroeste peninsular y mayor en el este-noreste. En promedio, los veranos actuales \u00abson un mes m\u00e1s extensos que en el pasado\u00bb. Eso s\u00ed, esta tendencia ascendente no implica que cada verano sea m\u00e1s largo que el anterior, sino que lo m\u00e1s habitual es que cada vez los veranos sean m\u00e1s extensos.<\/p>\n<div class=\"v-c-cmp \" style=\"text-align: justify;\">\n<div class=\"twitter-tweet twitter-tweet-rendered\"><iframe id=\"twitter-widget-0\" class=\"\" title=\"Twitter Tweet\" src=\"https:\/\/platform.twitter.com\/embed\/Tweet.html?creatorScreenName=Ideal&amp;dnt=false&amp;embedId=twitter-widget-0&amp;features=eyJ0ZndfdGltZWxpbmVfbGlzdCI6eyJidWNrZXQiOltdLCJ2ZXJzaW9uIjpudWxsfSwidGZ3X2ZvbGxvd2VyX2NvdW50X3N1bnNldCI6eyJidWNrZXQiOnRydWUsInZlcnNpb24iOm51bGx9LCJ0ZndfdHdlZXRfZWRpdF9iYWNrZW5kIjp7ImJ1Y2tldCI6Im9uIiwidmVyc2lvbiI6bnVsbH0sInRmd19yZWZzcmNfc2Vzc2lvbiI6eyJidWNrZXQiOiJvbiIsInZlcnNpb24iOm51bGx9LCJ0ZndfZm9zbnJfc29mdF9pbnRlcnZlbnRpb25zX2VuYWJsZWQiOnsiYnVja2V0Ijoib24iLCJ2ZXJzaW9uIjpudWxsfSwidGZ3X21peGVkX21lZGlhXzE1ODk3Ijp7ImJ1Y2tldCI6InRyZWF0bWVudCIsInZlcnNpb24iOm51bGx9LCJ0ZndfZXhwZXJpbWVudHNfY29va2llX2V4cGlyYXRpb24iOnsiYnVja2V0IjoxMjA5NjAwLCJ2ZXJzaW9uIjpudWxsfSwidGZ3X3Nob3dfYmlyZHdhdGNoX3Bpdm90c19lbmFibGVkIjp7ImJ1Y2tldCI6Im9uIiwidmVyc2lvbiI6bnVsbH0sInRmd19kdXBsaWNhdGVfc2NyaWJlc190b19zZXR0aW5ncyI6eyJidWNrZXQiOiJvbiIsInZlcnNpb24iOm51bGx9LCJ0ZndfdXNlX3Byb2ZpbGVfaW1hZ2Vfc2hhcGVfZW5hYmxlZCI6eyJidWNrZXQiOiJvbiIsInZlcnNpb24iOm51bGx9LCJ0ZndfdmlkZW9faGxzX2R5bmFtaWNfbWFuaWZlc3RzXzE1MDgyIjp7ImJ1Y2tldCI6InRydWVfYml0cmF0ZSIsInZlcnNpb24iOm51bGx9LCJ0ZndfbGVnYWN5X3RpbWVsaW5lX3N1bnNldCI6eyJidWNrZXQiOnRydWUsInZlcnNpb24iOm51bGx9LCJ0ZndfdHdlZXRfZWRpdF9mcm9udGVuZCI6eyJidWNrZXQiOiJvbiIsInZlcnNpb24iOm51bGx9fQ%3D%3D&amp;frame=false&amp;hideCard=false&amp;hideThread=false&amp;id=1675081820562505731&amp;lang=es&amp;origin=https%3A%2F%2Fwww.ideal.es%2Fandalucia%2Faemet-alerta-veranos-granada-andalucia-alargan-manera-20230703102534-nt.html&amp;sessionId=46b98329da76995fc576936794dd340ea8d1eddc&amp;siteScreenName=ideal_granada&amp;theme=light&amp;widgetsVersion=aaf4084522e3a%3A1674595607486&amp;width=550px\" frameborder=\"0\" scrolling=\"no\" allowfullscreen=\"allowfullscreen\" data-tweet-id=\"1675081820562505731\" data-mce-fragment=\"1\"><\/iframe><\/div>\n<\/div>\n<div class=\"v-c-cmp v-n-mrg\" style=\"text-align: justify;\">\n<h3 class=\"v-d-cmp-sub-hl\">Menos d\u00edas de primavera y oto\u00f1o<\/h3>\n<\/div>\n<p class=\"v-p\" style=\"text-align: justify;\">El hecho de que los veranos se est\u00e9n volviendo m\u00e1s largos implica que la primavera y el oto\u00f1o cada vez son m\u00e1s cortos. Aunque no afecta a las dos estaciones por igual, ya que suele &#8216;robar&#8217; m\u00e1s d\u00edas a la primavera que al oto\u00f1o, lo que da lugar al \u00abprimaverano\u00bb. Por otra parte, la extensi\u00f3n del verano hacia el oto\u00f1o, el \u00abvero\u00f1o\u00bb, es menor y no se puede afirar con un 95% de certeza que exista una tendencia segura.<\/p>\n<p class=\"v-p\" style=\"text-align: justify;\">Como conclusi\u00f3n del an\u00e1lisis, Aemet se\u00f1ala que los veranos en Espa\u00f1a \u00abse est\u00e1n alargando de manera alarmante\u00bb, superando en algunos casos m\u00e1s de un mes y medio. Y no se trata de una percepci\u00f3n subjetiva, sino de \u00abuna realidad respaldada por evidencia cient\u00edfica\u00bb. Esta prolongaci\u00f3n del verano tiene \u00abconsecuencias devastadoras\u00bb para el equilibrio ecol\u00f3gico, la salud humana y la econom\u00eda. Adem\u00e1s de impactar negativamente en los ecosistemas, aumentar el riesgo de los incendios forestales y afectar la disponibilidad de recursos h\u00eddricos.<\/p>\n<div class=\"v-mdl-ath__c v-mdl-ath__c--1\">\n<div class=\"v-mdl-ath__info\">\n<p class=\"v-mdl-ath__p v-mdl-ath__p--name\"><strong>Alberto Flores<\/strong><\/p>\n<p>FOTO: <span class=\"v-fc__text\">Aviso de Aemet: los veranos en Granada y Andaluc\u00eda se alargan \u00abde manera alarmante\u00bb.<\/span> <span class=\"v-fc__ath\">Ideal<\/span><\/p>\n<p>https:\/\/www.ideal.es\/andalucia\/aemet-alerta-veranos-granada-andalucia-alargan-manera-20230703102534-nt.html<\/p>\n<\/div>\n<\/div>\n<div class=\"v-mdl-ath__c v-mdl-ath__c--2\">\u00a0<\/div>\n","protected":false},"excerpt":{"rendered":"<p>Tras realizar un estudio, la agencia detalla que la \u00abnueva norma\u00bb ser\u00e1 contar con veranos&#8230;<\/p>\n","protected":false},"author":1,"featured_media":62790,"comment_status":"closed","ping_status":"closed","sticky":false,"template":"","format":"standard","meta":{"_coblocks_attr":"","_coblocks_dimensions":"","_coblocks_responsive_height":"","_coblocks_accordion_ie_support":"","jetpack_post_was_ever_published":false,"_jetpack_newsletter_access":"","_jetpack_dont_email_post_to_subs":false,"_jetpack_newsletter_tier_id":0,"_jetpack_memberships_contains_paywalled_content":false,"_jetpack_memberships_contains_paid_content":false,"footnotes":"","jetpack_publicize_message":"","jetpack_publicize_feature_enabled":true,"jetpack_social_post_already_shared":false,"jetpack_social_options":{"image_generator_settings":{"template":"highway","default_image_id":0,"enabled":false},"version":2}},"categories":[10781,9],"tags":[172,129,1358],"class_list":["post-62789","post","type-post","status-publish","format-standard","has-post-thumbnail","hentry","category-granada","category-medio-ambiente","tag-andalucia","tag-granada","tag-veranos"],"jetpack_publicize_connections":[],"jetpack_featured_media_url":"https:\/\/i0.wp.com\/miradordeatarfe.es\/wp-content\/uploads\/2023\/07\/aemet-veranos-granada-andalucia-alargan-kA0C-U200686121620e-758x531%40Ideal.jpg?fit=758%2C531&ssl=1","jetpack_likes_enabled":true,"jetpack_sharing_enabled":true,"_links":{"self":[{"href":"https:\/\/miradordeatarfe.es\/index.php?rest_route=\/wp\/v2\/posts\/62789","targetHints":{"allow":["GET"]}}],"collection":[{"href":"https:\/\/miradordeatarfe.es\/index.php?rest_route=\/wp\/v2\/posts"}],"about":[{"href":"https:\/\/miradordeatarfe.es\/index.php?rest_route=\/wp\/v2\/types\/post"}],"author":[{"embeddable":true,"href":"https:\/\/miradordeatarfe.es\/index.php?rest_route=\/wp\/v2\/users\/1"}],"replies":[{"embeddable":true,"href":"https:\/\/miradordeatarfe.es\/index.php?rest_route=%2Fwp%2Fv2%2Fcomments&post=62789"}],"version-history":[{"count":1,"href":"https:\/\/miradordeatarfe.es\/index.php?rest_route=\/wp\/v2\/posts\/62789\/revisions"}],"predecessor-version":[{"id":62791,"href":"https:\/\/miradordeatarfe.es\/index.php?rest_route=\/wp\/v2\/posts\/62789\/revisions\/62791"}],"wp:featuredmedia":[{"embeddable":true,"href":"https:\/\/miradordeatarfe.es\/index.php?rest_route=\/wp\/v2\/media\/62790"}],"wp:attachment":[{"href":"https:\/\/miradordeatarfe.es\/index.php?rest_route=%2Fwp%2Fv2%2Fmedia&parent=62789"}],"wp:term":[{"taxonomy":"category","embeddable":true,"href":"https:\/\/miradordeatarfe.es\/index.php?rest_route=%2Fwp%2Fv2%2Fcategories&post=62789"},{"taxonomy":"post_tag","embeddable":true,"href":"https:\/\/miradordeatarfe.es\/index.php?rest_route=%2Fwp%2Fv2%2Ftags&post=62789"}],"curies":[{"name":"wp","href":"https:\/\/api.w.org\/{rel}","templated":true}]}}