{"id":628,"date":"2015-02-24T12:21:33","date_gmt":"2015-02-24T12:21:33","guid":{"rendered":"http:\/\/miradordeatarfe.es\/?p=628"},"modified":"2015-03-25T12:24:29","modified_gmt":"2015-03-25T12:24:29","slug":"los-travias-historicos-de-granada","status":"publish","type":"post","link":"https:\/\/miradordeatarfe.es\/?p=628","title":{"rendered":"LOS TRAVIAS HIST\u00d3RICOS DE GRANADA"},"content":{"rendered":"<p>Hoy traemos a la Gacetilla una rese\u00f1a bibliogr\u00e1fica. Se trata de la obra recientemente publicada titulada \u201cLos tranv\u00edas hist\u00f3ricos de Granada\u201d, escrita por Agust\u00edn Castillo Vergara y Agust\u00edn Castillo Mart\u00ednez. Agust\u00edn Castillo Vergara ha sido colaborador durante a\u00f1os del especial de las fiestas de Atarfe que publicaba IDEAL.<\/p>\n<p>En este libro podemos encontrar informaci\u00f3n sobre este sistema de transporte en nuestro pueblo. Fue en el a\u00f1o 1917 cuando se puso en servicio el tramo del tranv\u00eda que comunicaba Granada con Maracena, Albolote y Atarfe, concretamente en la Nochebuena de ese a\u00f1o. Posteriormente en octubre de 1918, se inauguro el tramo entre Atarfe y Pinos Puente.<\/p>\n<p>En esta l\u00ednea, la Compa\u00f1\u00eda TEGSA (Tranv\u00edas El\u00e9ctricos de Granada S.A.) hab\u00eda previsto grandes ingresos por transporte de mercanc\u00edas, unas 57.200 toneladas, teniendo en cuenta los centros de importaci\u00f3n\/exportaci\u00f3n de Atarfe, alcoholera de San Fernando, f\u00e1brica de abonos de Carrillo, compa\u00f1\u00eda azucarera de la Vega, f\u00e1brica de Cementos Centauro, cal y yeso, piedra de Sierra Elvira, azucarera Nueva Rosario, f\u00e1brica de aceite de orujo y Almacenes San Rafael, adem\u00e1s de los n\u00facleos de Albolote y Pinos Puente.<\/p>\n<p>Con anterioridad a la existencia de esta l\u00ednea, a finales del siglo XIX, se construy\u00f3 un peque\u00f1o ferrocarril de v\u00eda estrecha que diariamente y sin un horario regular establecido, trasladaba mercanc\u00edas y material diverso a la estaci\u00f3n de Atarfe desde la azucarera denominada Nuestro Se\u00f1or de la Salud, en el t\u00e9rmino municipal de Santaf\u00e9. Tambi\u00e9n transportaba viajeros, fundamentalmente los trabajadores de \u00e9sta y otras f\u00e1bricas que exist\u00edan en su itinerario. Este tren recib\u00eda el nombre de \u201cLa Maquinilla\u201d de la que hablaremos en otra Gacetilla.<\/p>\n<p>Noticias para la historia de Atarfe.<\/p>\n","protected":false},"excerpt":{"rendered":"<p>Hoy traemos a la Gacetilla una rese\u00f1a bibliogr\u00e1fica. Se trata de la obra recientemente publicada&#8230;<\/p>\n","protected":false},"author":1,"featured_media":629,"comment_status":"closed","ping_status":"closed","sticky":false,"template":"","format":"standard","meta":{"_coblocks_attr":"","_coblocks_dimensions":"","_coblocks_responsive_height":"","_coblocks_accordion_ie_support":"","jetpack_post_was_ever_published":false,"_jetpack_newsletter_access":"","_jetpack_dont_email_post_to_subs":false,"_jetpack_newsletter_tier_id":0,"_jetpack_memberships_contains_paywalled_content":false,"_jetpack_memberships_contains_paid_content":false,"footnotes":"","jetpack_publicize_message":"","jetpack_publicize_feature_enabled":true,"jetpack_social_post_already_shared":false,"jetpack_social_options":{"image_generator_settings":{"template":"highway","default_image_id":0,"enabled":false},"version":2}},"categories":[38],"tags":[287],"class_list":["post-628","post","type-post","status-publish","format-standard","has-post-thumbnail","hentry","category-opinion-de-jose-enrique-granados","tag-tranvias"],"jetpack_publicize_connections":[],"jetpack_featured_media_url":"https:\/\/i0.wp.com\/miradordeatarfe.es\/wp-content\/uploads\/2015\/03\/DSC00343.jpg?fit=1151%2C1129&ssl=1","jetpack_likes_enabled":true,"jetpack_sharing_enabled":true,"_links":{"self":[{"href":"https:\/\/miradordeatarfe.es\/index.php?rest_route=\/wp\/v2\/posts\/628","targetHints":{"allow":["GET"]}}],"collection":[{"href":"https:\/\/miradordeatarfe.es\/index.php?rest_route=\/wp\/v2\/posts"}],"about":[{"href":"https:\/\/miradordeatarfe.es\/index.php?rest_route=\/wp\/v2\/types\/post"}],"author":[{"embeddable":true,"href":"https:\/\/miradordeatarfe.es\/index.php?rest_route=\/wp\/v2\/users\/1"}],"replies":[{"embeddable":true,"href":"https:\/\/miradordeatarfe.es\/index.php?rest_route=%2Fwp%2Fv2%2Fcomments&post=628"}],"version-history":[{"count":1,"href":"https:\/\/miradordeatarfe.es\/index.php?rest_route=\/wp\/v2\/posts\/628\/revisions"}],"predecessor-version":[{"id":630,"href":"https:\/\/miradordeatarfe.es\/index.php?rest_route=\/wp\/v2\/posts\/628\/revisions\/630"}],"wp:featuredmedia":[{"embeddable":true,"href":"https:\/\/miradordeatarfe.es\/index.php?rest_route=\/wp\/v2\/media\/629"}],"wp:attachment":[{"href":"https:\/\/miradordeatarfe.es\/index.php?rest_route=%2Fwp%2Fv2%2Fmedia&parent=628"}],"wp:term":[{"taxonomy":"category","embeddable":true,"href":"https:\/\/miradordeatarfe.es\/index.php?rest_route=%2Fwp%2Fv2%2Fcategories&post=628"},{"taxonomy":"post_tag","embeddable":true,"href":"https:\/\/miradordeatarfe.es\/index.php?rest_route=%2Fwp%2Fv2%2Ftags&post=628"}],"curies":[{"name":"wp","href":"https:\/\/api.w.org\/{rel}","templated":true}]}}