{"id":62805,"date":"2023-07-25T10:00:57","date_gmt":"2023-07-25T08:00:57","guid":{"rendered":"https:\/\/miradordeatarfe.es\/?p=62805"},"modified":"2023-07-24T13:35:06","modified_gmt":"2023-07-24T11:35:06","slug":"victoria-insuficiente","status":"publish","type":"post","link":"https:\/\/miradordeatarfe.es\/?p=62805","title":{"rendered":"VICTORIA INSUFICIENTE"},"content":{"rendered":"<h2 class=\"a_st\" style=\"text-align: justify;\">El resultado corto del PP y la fuerte resistencia del PSOE abocan a una investidura de pactos m\u00faltiples<\/h2>\n<p class=\"\" style=\"text-align: justify;\">No hab\u00eda tsunami de derechas. El PP ha ganado las elecciones generales y como partido m\u00e1s votado obtiene 136 diputados, que son 47 m\u00e1s de los que ten\u00eda, pero queda a solo 14 esca\u00f1os de su inmediato competidor, el PSOE, que no solo resiste la erosi\u00f3n de gobernar sino que obtiene dos diputados m\u00e1s de los que ten\u00eda (122). <a href=\"https:\/\/elpais.com\/espana\/elecciones-generales\/2023-07-23\/feijoo-fracasa-en-sus-expectativas-y-no-suma-con-vox-pero-reclama-su-derecho-a-gobernar.html\" target=\"_blank\" rel=\"noopener\" data-link-track-dtm=\"\" data-mrf-link=\"https:\/\/elpais.com\/espana\/elecciones-generales\/2023-07-23\/feijoo-fracasa-en-sus-expectativas-y-no-suma-con-vox-pero-reclama-su-derecho-a-gobernar.html\">La diferencia en porcentaje de votos entre ambos es poco m\u00e1s de un punto<\/a>, puesto que los socialistas tambi\u00e9n crecen. El otro flanco de la batalla entre los dos potenciales socios de Gobierno, Sumar y Vox, se ha resuelto a los puntos, y en ambos casos con p\u00e9rdidas: Sumar y Vox recogen una cantidad de voto similar pero los rentabiliza mejor Vox, con 33 esca\u00f1os frente a los 31 de Sumar (que baja cuatro con respecto a los resultados de Podemos en 2019). La buena noticia para la democracia es el fuerte retroceso de la ultraderecha: pierde hasta 19 diputados, que regresan presumiblemente al PP. Cualquier posible investidura nacer\u00e1, por tanto, de acuerdos parlamentarios m\u00faltiples dado que ninguno de los dos bloques obtiene por s\u00ed solo la mayor\u00eda absoluta.<\/p>\n<p class=\"\" style=\"text-align: justify;\">El 23-J ofrece un resultado m\u00e1s cerca de la actual configuraci\u00f3n del Parlamento que de un cambio radical, pese al aumento sustancial del PP desde sus 89 diputados actuales hasta los 136, tras engullir a la mayor\u00eda de los votantes del extinto Ciudadanos. Aunque se produce un ligero reforzamiento del bipartidismo, el reparto de diputados no prefigura una coalici\u00f3n gubernamental clara o f\u00e1cil ni en la derecha ni en la izquierda. La suma de las derechas del PP y Vox queda a siete diputados de la mayor\u00eda absoluta, con 169, mientras el PSOE y Sumar alcanzan juntos la cifra de 155, muy lejos de los 176 necesarios para la investidura del presidente, aunque disponen <i>a priori<\/i> de m\u00e1s capacidad de tejer alianzas con otros partidos que Feij\u00f3o y Abascal.<\/p>\n<div class=\"raw_html\" style=\"text-align: justify;\">\n<div>\n<div id=\"widget-1ef6d0a7-009b-4755-b16f-5a8d23003b16\">\n<div class=\"pmw\">\n<div id=\"pmw-container-249b0a97\" class=\"pmw-el\" data-hash=\"249b0a97\">\n<div class=\"pmw_w\">\u00a0<\/div>\n<\/div>\n<\/div>\n<\/div>\n<\/div>\n<\/div>\n<div class=\"raw_html\" style=\"text-align: justify;\">\n<div>\n<div id=\"widget-1ef6d0a7-009b-4755-b16f-5a8d23003b16\">\n<div class=\"pmw\">\n<div id=\"pmw-container-249b0a97\" class=\"pmw-el\" data-hash=\"249b0a97\">\n<div class=\"pmw_w\">\n<div class=\"pmw_res\"><a href=\"https:\/\/i0.wp.com\/miradordeatarfe.es\/wp-content\/uploads\/2023\/07\/Screenshot-2023-07-24-at-13-22-25-Victoria-insuficiente.png?ssl=1\"><img data-recalc-dims=\"1\" loading=\"lazy\" decoding=\"async\" class=\"alignnone wp-image-62806 size-full\" src=\"https:\/\/i0.wp.com\/miradordeatarfe.es\/wp-content\/uploads\/2023\/07\/Screenshot-2023-07-24-at-13-22-25-Victoria-insuficiente.png?resize=640%2C518&#038;ssl=1\" alt=\"\" width=\"640\" height=\"518\" srcset=\"https:\/\/i0.wp.com\/miradordeatarfe.es\/wp-content\/uploads\/2023\/07\/Screenshot-2023-07-24-at-13-22-25-Victoria-insuficiente.png?w=737&amp;ssl=1 737w, https:\/\/i0.wp.com\/miradordeatarfe.es\/wp-content\/uploads\/2023\/07\/Screenshot-2023-07-24-at-13-22-25-Victoria-insuficiente.png?resize=300%2C243&amp;ssl=1 300w\" sizes=\"auto, (max-width: 640px) 100vw, 640px\" \/><\/a> <a href=\"https:\/\/i0.wp.com\/miradordeatarfe.es\/wp-content\/uploads\/2023\/07\/Screenshot-2023-07-24-at-13-22-55-Victoria-insuficiente.png?ssl=1\"><img data-recalc-dims=\"1\" loading=\"lazy\" decoding=\"async\" class=\"alignnone wp-image-62807 size-full\" src=\"https:\/\/i0.wp.com\/miradordeatarfe.es\/wp-content\/uploads\/2023\/07\/Screenshot-2023-07-24-at-13-22-55-Victoria-insuficiente.png?resize=640%2C234&#038;ssl=1\" alt=\"\" width=\"640\" height=\"234\" srcset=\"https:\/\/i0.wp.com\/miradordeatarfe.es\/wp-content\/uploads\/2023\/07\/Screenshot-2023-07-24-at-13-22-55-Victoria-insuficiente.png?w=727&amp;ssl=1 727w, https:\/\/i0.wp.com\/miradordeatarfe.es\/wp-content\/uploads\/2023\/07\/Screenshot-2023-07-24-at-13-22-55-Victoria-insuficiente.png?resize=300%2C110&amp;ssl=1 300w\" sizes=\"auto, (max-width: 640px) 100vw, 640px\" \/><\/a><\/div>\n<\/div>\n<\/div>\n<\/div>\n<\/div>\n<\/div>\n<\/div>\n<p class=\"\" style=\"text-align: justify;\">El PP ha visto frustradas sus altas expectativas de conquistar una mayor\u00eda abrumadora que evidenciase la urgencia de un cambio de Gobierno \u2014ya en funciones desde hoy\u2014 al quedar el partido de Feij\u00f3o muy por debajo de los 150 diputados. El partido hab\u00eda situado en esa cifra la barrera para acometer un Gobierno, incorporando a Vox al Ejecutivo, tal como admiti\u00f3 en campa\u00f1a el propio l\u00edder del PP, Alberto N\u00fa\u00f1ez Feij\u00f3o. Una lectura magnificada, excesivamente triunfalista despu\u00e9s de los resultados del 28-M pudo contribuir a generar en el PP unas expectativas que han quedado defraudadas. Tambi\u00e9n numerosas encuestas sobrestimaron hasta el \u00faltimo minuto los resultados del PP, que ha sufrido una amarga victoria similar a la vivida en las elecciones de Castilla y Le\u00f3n de 2022. La encuesta de 40dB. para EL PA\u00cdS y la Cadena SER <a href=\"https:\/\/elpais.com\/espana\/elecciones-generales\/2023-07-17\/la-campana-enfila-la-recta-final-con-la-derecha-acariciando-la-mayoria.html\" target=\"_blank\" rel=\"noopener\" data-link-track-dtm=\"\" data-mrf-link=\"https:\/\/elpais.com\/espana\/elecciones-generales\/2023-07-17\/la-campana-enfila-la-recta-final-con-la-derecha-acariciando-la-mayoria.html\">situaba al PP y a Vox cerca de la mayor\u00eda absoluta, pero sin obtenerla<\/a>, como as\u00ed ha sucedido.<\/p>\n<p class=\"\" style=\"text-align: justify;\">En las elecciones del 28-M, el PP adelant\u00f3 \u00fanicamente en 400.000 votos al PSOE, pese a que esa distancia, t\u00e9cnicamente poco significativa, se tradujo en una fuerte p\u00e9rdida de poder local para los socialistas. El electorado de izquierdas pudo tomar nota del efecto de su propia desmovilizaci\u00f3n (y de la dispersi\u00f3n del voto a la izquierda del PSOE) para tratar de evitar lo que casi todas las encuestas pronosticaban: un Gobierno presidido por Feij\u00f3o con la vicepresidencia para Abascal. En la \u00faltima semana de campa\u00f1a, la izquierda empez\u00f3 a percibir una remontada que ha acabado siendo efectiva porque mantiene una cifra similar de diputados actuales entre el PSOE y Sumar. <a href=\"https:\/\/elpais.com\/espana\/elecciones-generales\/2023-07-23\/las-siete-vidas-de-pedro-sanchez.html\" target=\"_blank\" rel=\"noopener\" data-link-track-dtm=\"\" data-mrf-link=\"https:\/\/elpais.com\/espana\/elecciones-generales\/2023-07-23\/las-siete-vidas-de-pedro-sanchez.html\">La extraordinaria resistencia de los socialistas y de su l\u00edder Pedro S\u00e1nchez<\/a> ha vuelto a quedar patente en esta ocasi\u00f3n cuando la distancia con el PP es de 300.000 votos. Finalmente, los ciudadanos s\u00ed han reconocido, con una victoria abultada del PSC, la estrategia de apaciguamiento en una Catalu\u00f1a que llevaba demasiados a\u00f1os en tensi\u00f3n, mientras el PSE ha sido tambi\u00e9n primera fuerza en el Pa\u00eds Vasco.<\/p>\n<p class=\"\" style=\"text-align: justify;\">El escenario que dejan los resultados es enrevesado para la investidura y la formaci\u00f3n de Gobierno. <a href=\"https:\/\/elpais.com\/espana\/elecciones-generales\/2023-07-23\/la-resistencia-del-psoe-y-sumar-frustra-la-mayoria-del-pp-y-vox-y-deja-abiertas-todas-las-posibilidades.html\" target=\"_blank\" rel=\"noopener\" data-link-track-dtm=\"\" data-mrf-link=\"https:\/\/elpais.com\/espana\/elecciones-generales\/2023-07-23\/la-resistencia-del-psoe-y-sumar-frustra-la-mayoria-del-pp-y-vox-y-deja-abiertas-todas-las-posibilidades.html\">Ninguno de los dos bloques re\u00fane los votos suficientes para armar una mayor\u00eda absoluta<\/a>. El candidato que ha ganado las elecciones, Feij\u00f3o, consider\u00f3 \u201cl\u00f3gico\u201d incluir a Vox en su Gobierno si necesitaba su s\u00ed y apel\u00f3 a los socialistas para pedirles la abstenci\u00f3n, en una estramb\u00f3tica estrategia en campa\u00f1a que parece haberle pasado factura. Anoche asumi\u00f3 la responsabilidad de intentar gobernar y exigi\u00f3 que no hubiese bloqueos con el argumento de que siempre ha gobernado el candidato m\u00e1s votado.<\/p>\n<p class=\"\" style=\"text-align: justify;\"><strong>Pero el parlamentarismo no exige esa condici\u00f3n, sino una mayor\u00eda.<\/strong> La apelaci\u00f3n a la abstenci\u00f3n de los dem\u00e1s exige del PP un ejercicio de coherencia que no ha formulado hasta el momento. El PP pide al PSOE su abstenci\u00f3n para a continuaci\u00f3n \u201cderogar el sanchismo\u201d con los votos de Vox. Mientras, gobierna en Extremadura y Canarias \u2014donde el PSOE fue la fuerza m\u00e1s votada\u2014 aliado con los de Abascal. El l\u00edder del PP deber\u00eda explicar la teor\u00eda de que no es lo mismo gobernar Espa\u00f1a que gobernar las comunidades aut\u00f3nomas con la extrema derecha.<\/p>\n<p class=\"\" style=\"text-align: justify;\">Salvo que nos permitan pensar que las considera administraciones de segunda categor\u00eda y que gestionar la educaci\u00f3n o la sanidad p\u00fablicas es indiferente a la ideolog\u00eda. Con el resultado de este 23-J, a \u00e9l le corresponde abrir negociaciones y ofrecer pactos con contenidos concretos a todos aquellos a los que pida su voto o su abstenci\u00f3n. Habr\u00e1 que esperar a que tome la iniciativa para saber y valorar lo que ofrece a cambio del apoyo que, por acci\u00f3n u omisi\u00f3n, necesita para gobernar. Las dif\u00edciles paradojas de este resultado se\u00f1alan que los siete diputados de la formaci\u00f3n de Carles Puigdemont, Junts, pueden tener la clave de una nueva investidura de Pedro S\u00e1nchez y la reedici\u00f3n del Gobierno progresista. La abstenci\u00f3n de Junts podr\u00eda garantizar una mayor\u00eda simple en segunda vuelta, pero la situaci\u00f3n de rebeld\u00eda ante la justicia espa\u00f1ola de Puigdemont y su misma estrategia frentista podr\u00eda conducir a un bloqueo que forzase una repetici\u00f3n electoral.<\/p>\n<p class=\"\" style=\"text-align: justify;\">La cultura parlamentaria espa\u00f1ola dio un salto cualitativo hace cuatro a\u00f1os con el primer Gobierno de coalici\u00f3n de la democracia configurado en enero de 2020. El resultado electoral de hoy ratifica la aclimataci\u00f3n espa\u00f1ola a una pr\u00e1ctica com\u00fan y mayoritaria en el resto de Europa: las coaliciones de gobierno se negocian entre los partidos con representaci\u00f3n parlamentaria.<\/p>\n","protected":false},"excerpt":{"rendered":"<p>El resultado corto del PP y la fuerte resistencia del PSOE abocan a una investidura&#8230;<\/p>\n","protected":false},"author":1,"featured_media":62809,"comment_status":"closed","ping_status":"closed","sticky":false,"template":"","format":"standard","meta":{"_coblocks_attr":"","_coblocks_dimensions":"","_coblocks_responsive_height":"","_coblocks_accordion_ie_support":"","jetpack_post_was_ever_published":false,"_jetpack_newsletter_access":"","_jetpack_dont_email_post_to_subs":false,"_jetpack_newsletter_tier_id":0,"_jetpack_memberships_contains_paywalled_content":false,"_jetpack_memberships_contains_paid_content":false,"footnotes":"","jetpack_publicize_message":"","jetpack_publicize_feature_enabled":true,"jetpack_social_post_already_shared":false,"jetpack_social_options":{"image_generator_settings":{"template":"highway","default_image_id":0,"enabled":false},"version":2}},"categories":[1161,44,7671,6937,15],"tags":[10572,349,723,10573],"class_list":["post-62805","post","type-post","status-publish","format-standard","has-post-thumbnail","hentry","category-ciudadania","category-noticias-de-hoy","category-politica","category-sociedad","category-ultimas-noticias","tag-incertidumbre-electoral","tag-pp","tag-psoe","tag-resultado-electoral"],"jetpack_publicize_connections":[],"jetpack_featured_media_url":"https:\/\/i0.wp.com\/miradordeatarfe.es\/wp-content\/uploads\/2023\/07\/logo-elecciones.png?fit=2694%2C605&ssl=1","jetpack_likes_enabled":true,"jetpack_sharing_enabled":true,"_links":{"self":[{"href":"https:\/\/miradordeatarfe.es\/index.php?rest_route=\/wp\/v2\/posts\/62805","targetHints":{"allow":["GET"]}}],"collection":[{"href":"https:\/\/miradordeatarfe.es\/index.php?rest_route=\/wp\/v2\/posts"}],"about":[{"href":"https:\/\/miradordeatarfe.es\/index.php?rest_route=\/wp\/v2\/types\/post"}],"author":[{"embeddable":true,"href":"https:\/\/miradordeatarfe.es\/index.php?rest_route=\/wp\/v2\/users\/1"}],"replies":[{"embeddable":true,"href":"https:\/\/miradordeatarfe.es\/index.php?rest_route=%2Fwp%2Fv2%2Fcomments&post=62805"}],"version-history":[{"count":1,"href":"https:\/\/miradordeatarfe.es\/index.php?rest_route=\/wp\/v2\/posts\/62805\/revisions"}],"predecessor-version":[{"id":62808,"href":"https:\/\/miradordeatarfe.es\/index.php?rest_route=\/wp\/v2\/posts\/62805\/revisions\/62808"}],"wp:featuredmedia":[{"embeddable":true,"href":"https:\/\/miradordeatarfe.es\/index.php?rest_route=\/wp\/v2\/media\/62809"}],"wp:attachment":[{"href":"https:\/\/miradordeatarfe.es\/index.php?rest_route=%2Fwp%2Fv2%2Fmedia&parent=62805"}],"wp:term":[{"taxonomy":"category","embeddable":true,"href":"https:\/\/miradordeatarfe.es\/index.php?rest_route=%2Fwp%2Fv2%2Fcategories&post=62805"},{"taxonomy":"post_tag","embeddable":true,"href":"https:\/\/miradordeatarfe.es\/index.php?rest_route=%2Fwp%2Fv2%2Ftags&post=62805"}],"curies":[{"name":"wp","href":"https:\/\/api.w.org\/{rel}","templated":true}]}}