{"id":62810,"date":"2023-07-10T13:38:36","date_gmt":"2023-07-10T11:38:36","guid":{"rendered":"https:\/\/miradordeatarfe.es\/?p=62810"},"modified":"2023-07-24T13:42:12","modified_gmt":"2023-07-24T11:42:12","slug":"paco-y-paqui-por-juan-de-dios-villanueva-roa","status":"publish","type":"post","link":"https:\/\/miradordeatarfe.es\/?p=62810","title":{"rendered":"\u00abPaco y Paqui\u00bb por Juan de Dios Villanueva Roa"},"content":{"rendered":"<p>Y Paco dej\u00f3 a Paqui una Granada llena de proyectos, con presupuestos aprobados por todos y con ideas que, de ser puestas en pr\u00e1ctica, cambiar\u00e1n esta tierra en su futuro econ\u00f3mico y social.<\/p>\n<p>Falta impulsar la uni\u00f3n de todos los que conforman esta olla, de los que beben las mismas aguas y sienten los mismos vientos; y planificar coordinada y conjuntamente los enlaces y lazos que unan y respeten la idiosincrasia de sus gentes, establecer los par\u00e1metros para evitar que algunos se conviertan en ciudadanos de segunda cuando lo que se pretende es acercar a todos a la unicidad. Existen diferencias, pero no se trata de que todos vivan en Puerta Real, sino de que la totalidad pueda beneficiarse de vivir bajo un techo com\u00fan con una igualdad en los servicios y en los avances. Hay que considerar que la Granada que viene tendr\u00e1 uno de sus m\u00e1s potentes focos econ\u00f3micos fuera del rect\u00e1ngulo que hoy conforma su \u00e1rea municipal. Paqui tiene dos ventajas m\u00e1s que Paco no tuvo: la lealtad de la oposici\u00f3n que acaba de gobernar y una imagen muy positiva del nombre y de la ciudad.<\/p>\n<p>Debe evitar soberbias y empaques, no solo de ella, que estoy casi seguro de que no lo har\u00e1, por sentido com\u00fan. Sino de quienes la rodeen, quienes llegado el momento piensen que el ayuntamiento y lo que significa es suyo, un cortijo, con sus aguas, sus higueras, sus tractores y su cocina. No hablo gratis, solo hay que mirar hacia atr\u00e1s. Y no muy lejos. Y ah\u00ed Paqui debe dar la cara. Paco y Paqui debatir\u00e1n cada semana, pero por encima de ellos siempre estar\u00e1 la gente nazar\u00ed.<\/p>\n<p>foto : cadena ser<\/p>\n","protected":false},"excerpt":{"rendered":"<p>Y Paco dej\u00f3 a Paqui una Granada llena de proyectos, con presupuestos aprobados por todos&#8230;<\/p>\n","protected":false},"author":1,"featured_media":62811,"comment_status":"closed","ping_status":"closed","sticky":false,"template":"","format":"standard","meta":{"_coblocks_attr":"","_coblocks_dimensions":"","_coblocks_responsive_height":"","_coblocks_accordion_ie_support":"","jetpack_post_was_ever_published":false,"_jetpack_newsletter_access":"","_jetpack_dont_email_post_to_subs":false,"_jetpack_newsletter_tier_id":0,"_jetpack_memberships_contains_paywalled_content":false,"_jetpack_memberships_contains_paid_content":false,"footnotes":"","jetpack_publicize_message":"","jetpack_publicize_feature_enabled":true,"jetpack_social_post_already_shared":false,"jetpack_social_options":{"image_generator_settings":{"template":"highway","default_image_id":0,"enabled":false},"version":2}},"categories":[1161,9772,44,7671,15],"tags":[195,129],"class_list":["post-62810","post","type-post","status-publish","format-standard","has-post-thumbnail","hentry","category-ciudadania","category-opinion-de-juan-de-dios-villanueva","category-noticias-de-hoy","category-politica","category-ultimas-noticias","tag-elecciones-municipales","tag-granada"],"jetpack_publicize_connections":[],"jetpack_featured_media_url":"https:\/\/i0.wp.com\/miradordeatarfe.es\/wp-content\/uploads\/2023\/07\/ED4NR2EAOBAQ5AN6BZ2XDL72BM.jpg?fit=1280%2C720&ssl=1","jetpack_likes_enabled":true,"jetpack_sharing_enabled":true,"_links":{"self":[{"href":"https:\/\/miradordeatarfe.es\/index.php?rest_route=\/wp\/v2\/posts\/62810","targetHints":{"allow":["GET"]}}],"collection":[{"href":"https:\/\/miradordeatarfe.es\/index.php?rest_route=\/wp\/v2\/posts"}],"about":[{"href":"https:\/\/miradordeatarfe.es\/index.php?rest_route=\/wp\/v2\/types\/post"}],"author":[{"embeddable":true,"href":"https:\/\/miradordeatarfe.es\/index.php?rest_route=\/wp\/v2\/users\/1"}],"replies":[{"embeddable":true,"href":"https:\/\/miradordeatarfe.es\/index.php?rest_route=%2Fwp%2Fv2%2Fcomments&post=62810"}],"version-history":[{"count":1,"href":"https:\/\/miradordeatarfe.es\/index.php?rest_route=\/wp\/v2\/posts\/62810\/revisions"}],"predecessor-version":[{"id":62812,"href":"https:\/\/miradordeatarfe.es\/index.php?rest_route=\/wp\/v2\/posts\/62810\/revisions\/62812"}],"wp:featuredmedia":[{"embeddable":true,"href":"https:\/\/miradordeatarfe.es\/index.php?rest_route=\/wp\/v2\/media\/62811"}],"wp:attachment":[{"href":"https:\/\/miradordeatarfe.es\/index.php?rest_route=%2Fwp%2Fv2%2Fmedia&parent=62810"}],"wp:term":[{"taxonomy":"category","embeddable":true,"href":"https:\/\/miradordeatarfe.es\/index.php?rest_route=%2Fwp%2Fv2%2Fcategories&post=62810"},{"taxonomy":"post_tag","embeddable":true,"href":"https:\/\/miradordeatarfe.es\/index.php?rest_route=%2Fwp%2Fv2%2Ftags&post=62810"}],"curies":[{"name":"wp","href":"https:\/\/api.w.org\/{rel}","templated":true}]}}