{"id":62813,"date":"2023-07-25T10:30:07","date_gmt":"2023-07-25T08:30:07","guid":{"rendered":"https:\/\/miradordeatarfe.es\/?p=62813"},"modified":"2023-07-25T21:13:45","modified_gmt":"2023-07-25T19:13:45","slug":"feijoo-pierde-ante-las-expectativas","status":"publish","type":"post","link":"https:\/\/miradordeatarfe.es\/?p=62813","title":{"rendered":"Feij\u00f3o pierde ante las expectativas"},"content":{"rendered":"<header>\n<h3 style=\"text-align: justify;\">Los resultados con los que cerramos la noche electoral dejan un panorama muy complicado para poder formar gobierno<\/h3>\n<\/header>\n<div class=\"cnt-data-art\" style=\"text-align: justify;\">\n<div class=\"c-i\">\n<div class=\"lead-art\">\n<div id=\"video_1690179003806\">\n<div>\n<div class=\"posicionador c-pl-v\">\u00a0<\/div>\n<\/div>\n<\/div>\n<\/div>\n<\/div>\n<\/div>\n<div class=\"cnt-txt\" style=\"text-align: justify;\">\n<p>Pues ni el calor, ni las vacaciones, ni el hartazgo electoral han podido con los electores. Esa especie de corriente que se resist\u00eda al retroceso en nuestro pa\u00eds. Esa movilizaci\u00f3n de la izquierda, ausente en otras convocatorias electorales, y que <a href=\"https:\/\/cadenaser.com\/nacional\/2023\/07\/23\/pedro-sanchez-resiste-a-la-victoria-de-feijoo-cadena-ser\/\" target=\"_blank\" rel=\"noopener\">esta vez se ha activado haciendo saltar por los aires todos los pron\u00f3sticos y buena parte de las encuestas<\/a>. La victoria del PP no ha sido ese paseo triunfal que los populares auguraban y la resistencia del PSOE ha sido mayor de la esperada. Bueno, quiz\u00e1s <a href=\"https:\/\/cadenaser.com\/nacional\/2023\/07\/23\/manual-de-resistencia-temporada-3-capitulo-1-cadena-ser\/\" target=\"_blank\" rel=\"noopener\">el \u00fanico que la esperaba era Pedro S\u00e1nchez, capaz del m\u00e1s dif\u00edcil todav\u00eda<\/a> en el momento en el que parece que todo a su alrededor se hunde.<\/p>\n<p><a href=\"https:\/\/cadenaser.com\/nacional\/2023\/07\/23\/feijoo-dice-que-abrira-dialogo-para-formar-gobierno-y-pide-al-psoe-que-no-tenga-la-intencion-de-bloquear-espana-cadena-ser\/\" target=\"_blank\" rel=\"noopener\">El PP gan\u00f3 las elecciones de ayer<\/a>, pero su resultado no le permite llevar a cabo lo que su l\u00edder, Alberto N\u00fa\u00f1ez Feij\u00f3o, no se cans\u00f3 de repetir durante la campa\u00f1a, un gobierno en solitario para el que no le dan los esca\u00f1os y ni siquiera un gobierno de coalici\u00f3n con Vox, al que nunca ha hecho ascos, porque tampoco les da la suma de sus esca\u00f1os con los de la ultraderecha. Feij\u00f3o ha perdido ante las expectativas, las suyas propias y las que le daban las encuestas.<\/div>\n<p style=\"text-align: justify;\"><a href=\"https:\/\/cadenaser.com\/nacional\/2023\/07\/23\/pedro-sanchez-el-bloque-involucionista-de-pp-y-vox-ha-salido-derrotado-cadena-ser\/\" target=\"_blank\" rel=\"noopener\">Al otro lado, el PSOE y Pedro S\u00e1nchez<\/a>, al que todos daban por muerto y que consigue mejorar los resultados de 2019. Esto tampoco lo vieron venir la mayor\u00eda de sondeos. Los socialistas resisten y tienen a mano, <a href=\"https:\/\/cadenaser.com\/nacional\/2023\/07\/23\/desde-manana-me-pongo-a-dialogar-con-fuerzas-progresistas-yolanda-diaz-celebra-el-resultado-y-buscara-un-gobierno-de-izquierdas-cadena-ser\/\" target=\"_blank\" rel=\"noopener\">junto a Sumar, reeditar un gobierno de progreso<\/a>, apoyados, de nuevo, por el bloque de la investidura, pero <a href=\"https:\/\/cadenaser.com\/nacional\/2023\/07\/23\/no-haremos-presidente-a-sanchez-a-cambio-de-nada-las-palabras-de-junts-clave-para-un-gobierno-progresista-tras-el-resultado-electoral-cadena-ser\/\" target=\"_blank\" rel=\"noopener\">necesitando, quiz\u00e1, esta vez, la abstenci\u00f3n de Junts per Catalunya<\/a>. Y esta puede ser la soluci\u00f3n, pero es tambi\u00e9n, sin duda, un problema para Pedro S\u00e1nchez.<\/p>\n<p style=\"text-align: justify;\">Se refuerzan, pues, los dos partidos tradicionales, PP y PSOE, y se diluyen sus muletas. Vox, en el lado derecho, en ca\u00edda libre y que sin poder ni influencia en el gobierno central tendr\u00e1 que aferrarse al poder institucional en comunidades y ayuntamientos, a esos pactos que cerr\u00f3 con el PP en medio de este proceso electoral y que, sin duda, han pasado m\u00e1s factura de la esperada a los dos socios; y Sumar, en el lado izquierdo, con unos discretos resultados, pero suficientes si se van sumando otros apoyos para poder volver a formar parte de un gobierno de Espa\u00f1a. Y esto s\u00ed es un buen pegamento para que la coalici\u00f3n de siglas que acabaron por componer el partido de Yolanda D\u00edaz pueda seguir funcionando.<\/p>\n<p style=\"text-align: justify;\">Los resultados con los que cerramos ayer la noche electoral dejan un panorama muy complicado para poder formar gobierno, pero hay una cosa que es incuestionable, a pesar de que Feij\u00f3o lo est\u00e9 cuestionando constantemente, y es que <a href=\"https:\/\/cadenaser.com\/nacional\/2023\/07\/23\/los-posibles-pactos-de-gobierno-mas-y-menos-factibles-tras-las-elecciones-generales-2023-cadena-ser\/\" target=\"_blank\" rel=\"noopener\">gobernar\u00e1 quien consiga m\u00e1s apoyos entre las diferentes fuerzas pol\u00edticas que componen el Parlamento<\/a>. De esto va la democracia parlamentaria, de conseguir mayor\u00edas. Y ahora empieza el tiempo para la negociaci\u00f3n. Y es en esta negociaci\u00f3n donde se le complica la vida al PP que necesita a Vox para poder empezar a sumar y llamar a otras puertas, pero al que, precisamente, se le cierran todas las puertas por ir de la mano de Vox.<\/p>\n<p style=\"text-align: justify;\"><a class=\"au-wb\" title=\"\u00c0ngels Barcel\u00f3\" href=\"https:\/\/cadenaser.com\/autor\/angels_barcelo_suarez\/a\/\"><strong>\u00c0ngels Barcel\u00f3<\/strong><\/a><\/p>\n<p>FOTO: Feij\u00f3o pierde ante las expectativas<\/p>\n<p>https:\/\/cadenaser.com\/nacional\/2023\/07\/24\/feijoo-pierde-ante-las-expectativas-cadena-ser\/<\/p>\n","protected":false},"excerpt":{"rendered":"<p>Los resultados con los que cerramos la noche electoral dejan un panorama muy complicado para&#8230;<\/p>\n","protected":false},"author":1,"featured_media":62815,"comment_status":"closed","ping_status":"closed","sticky":false,"template":"","format":"standard","meta":{"_coblocks_attr":"","_coblocks_dimensions":"","_coblocks_responsive_height":"","_coblocks_accordion_ie_support":"","jetpack_post_was_ever_published":false,"_jetpack_newsletter_access":"","_jetpack_dont_email_post_to_subs":false,"_jetpack_newsletter_tier_id":0,"_jetpack_memberships_contains_paywalled_content":false,"_jetpack_memberships_contains_paid_content":false,"footnotes":"","jetpack_publicize_message":"","jetpack_publicize_feature_enabled":true,"jetpack_social_post_already_shared":false,"jetpack_social_options":{"image_generator_settings":{"template":"highway","default_image_id":0,"enabled":false},"version":2}},"categories":[1161,44,7671,15],"tags":[5806,9034,3020],"class_list":["post-62813","post","type-post","status-publish","format-standard","has-post-thumbnail","hentry","category-ciudadania","category-noticias-de-hoy","category-politica","category-ultimas-noticias","tag-elecciones-generales","tag-feijoo","tag-pedro-sanchez"],"jetpack_publicize_connections":[],"jetpack_featured_media_url":"https:\/\/i0.wp.com\/miradordeatarfe.es\/wp-content\/uploads\/2023\/07\/Screenshot-2023-07-24-at-14-00-02-Feijoo-pierde-ante-las-expectativas.png?fit=630%2C277&ssl=1","jetpack_likes_enabled":true,"jetpack_sharing_enabled":true,"_links":{"self":[{"href":"https:\/\/miradordeatarfe.es\/index.php?rest_route=\/wp\/v2\/posts\/62813","targetHints":{"allow":["GET"]}}],"collection":[{"href":"https:\/\/miradordeatarfe.es\/index.php?rest_route=\/wp\/v2\/posts"}],"about":[{"href":"https:\/\/miradordeatarfe.es\/index.php?rest_route=\/wp\/v2\/types\/post"}],"author":[{"embeddable":true,"href":"https:\/\/miradordeatarfe.es\/index.php?rest_route=\/wp\/v2\/users\/1"}],"replies":[{"embeddable":true,"href":"https:\/\/miradordeatarfe.es\/index.php?rest_route=%2Fwp%2Fv2%2Fcomments&post=62813"}],"version-history":[{"count":1,"href":"https:\/\/miradordeatarfe.es\/index.php?rest_route=\/wp\/v2\/posts\/62813\/revisions"}],"predecessor-version":[{"id":62816,"href":"https:\/\/miradordeatarfe.es\/index.php?rest_route=\/wp\/v2\/posts\/62813\/revisions\/62816"}],"wp:featuredmedia":[{"embeddable":true,"href":"https:\/\/miradordeatarfe.es\/index.php?rest_route=\/wp\/v2\/media\/62815"}],"wp:attachment":[{"href":"https:\/\/miradordeatarfe.es\/index.php?rest_route=%2Fwp%2Fv2%2Fmedia&parent=62813"}],"wp:term":[{"taxonomy":"category","embeddable":true,"href":"https:\/\/miradordeatarfe.es\/index.php?rest_route=%2Fwp%2Fv2%2Fcategories&post=62813"},{"taxonomy":"post_tag","embeddable":true,"href":"https:\/\/miradordeatarfe.es\/index.php?rest_route=%2Fwp%2Fv2%2Ftags&post=62813"}],"curies":[{"name":"wp","href":"https:\/\/api.w.org\/{rel}","templated":true}]}}