{"id":62817,"date":"2023-07-25T11:05:14","date_gmt":"2023-07-25T09:05:14","guid":{"rendered":"https:\/\/miradordeatarfe.es\/?p=62817"},"modified":"2023-07-25T21:13:53","modified_gmt":"2023-07-25T19:13:53","slug":"representantes-del-club-de-senderismo-el-castillejo-entregan-1460-e-a-la-familia-moreno-ortega-afectada-por-el-incendio-de-su-vivienda","status":"publish","type":"post","link":"https:\/\/miradordeatarfe.es\/?p=62817","title":{"rendered":"REPRESENTANTES DEL CLUB DE SENDERISMO \u201cEL CASTILLEJO\u201d ENTREGAN 1460 \u20ac  A LA FAMILIA MORENO ORTEGA AFECTADA POR EL INCENDIO DE SU VIVIENDA."},"content":{"rendered":"<h3>Esta cantidad ha sido recaudada por el Club de Senderismo \u201cEl Castillejo\u201d que desde el primer momento pens\u00f3 en organizar algo para ayudar a la familia Moreno Ortega afectada por el incendio de su vivienda en Atarfe. A esta iniciativa se unieron otras Asociaciones locales como Atarfe Sostenible, La Cora de Ilbira, Ilbira Moz\u00e1rabe, familias y personas particulares.<\/h3>\n<p>La actividad ben\u00e9fica propuesta fue una <strong>\u201cRuta Nocturna por los Miradores del Albaic\u00edn\u201d<\/strong>\u00a0para el pasado 14 de Julio, en pocos d\u00edas hubo que ampliar otro salida para el 21 de Julio por la demanda que se gener\u00f3, 110 personas han participado en total. Un grupo cercano a 35 personas que se inscribieron para la Fila 0, porque no pod\u00edan asistir pero quer\u00edan colaborar. Adem\u00e1s se ha contado con la colaboraci\u00f3n de la Empresa de Autobuses Ben\u00edtez y el Gu\u00eda Agust\u00edn Gil.<\/p>\n<p>Ambas salidas resultaron muy agradables por la belleza de los distintos rincones del Albaic\u00edn con la imponente Alhambra al fondo, agradables tambi\u00e9n las experiencias solidarias de familias de Barcelona que estaban de vacaciones y se unieron, as\u00ed como distintos socios del Club que encontr\u00e1ndose fuera no han dudado en colaborar.<\/p>\n<p>El senderismo en grupo une, compartir el esfuerzo de subida a la monta\u00f1a, la belleza de las cumbres, la armon\u00eda de la naturaleza, el placer del descanso\u2026 y une tambi\u00e9n este gesto solidario que la familia Moreno Ortega ha agradecido encarecidamente, dicen que su casa una vez restaurada estar\u00e1 abierta a todo el pueblo, porque dentro de la cat\u00e1strofe sobrevenida, es m\u00e1s llevadera gracias a la buena vecindad y solidaridad del municipio.<\/p>\n<p><a href=\"https:\/\/i0.wp.com\/miradordeatarfe.es\/wp-content\/uploads\/2023\/07\/unnamed.png?ssl=1\"><img data-recalc-dims=\"1\" loading=\"lazy\" decoding=\"async\" class=\"alignnone wp-image-62819 size-full\" src=\"https:\/\/i0.wp.com\/miradordeatarfe.es\/wp-content\/uploads\/2023\/07\/unnamed.png?resize=299%2C434&#038;ssl=1\" alt=\"\" width=\"299\" height=\"434\" srcset=\"https:\/\/i0.wp.com\/miradordeatarfe.es\/wp-content\/uploads\/2023\/07\/unnamed.png?w=299&amp;ssl=1 299w, https:\/\/i0.wp.com\/miradordeatarfe.es\/wp-content\/uploads\/2023\/07\/unnamed.png?resize=207%2C300&amp;ssl=1 207w\" sizes=\"auto, (max-width: 299px) 100vw, 299px\" \/><\/a><\/p>\n","protected":false},"excerpt":{"rendered":"<p>Esta cantidad ha sido recaudada por el Club de Senderismo \u201cEl Castillejo\u201d que desde el&#8230;<\/p>\n","protected":false},"author":1,"featured_media":62818,"comment_status":"closed","ping_status":"closed","sticky":false,"template":"","format":"standard","meta":{"_coblocks_attr":"","_coblocks_dimensions":"","_coblocks_responsive_height":"","_coblocks_accordion_ie_support":"","jetpack_post_was_ever_published":false,"_jetpack_newsletter_access":"","_jetpack_dont_email_post_to_subs":false,"_jetpack_newsletter_tier_id":0,"_jetpack_memberships_contains_paywalled_content":false,"_jetpack_memberships_contains_paid_content":false,"footnotes":"","jetpack_publicize_message":"","jetpack_publicize_feature_enabled":true,"jetpack_social_post_already_shared":false,"jetpack_social_options":{"image_generator_settings":{"template":"highway","default_image_id":0,"enabled":false},"version":2}},"categories":[2,1161,186,44,15],"tags":[10574,10575,10576],"class_list":["post-62817","post","type-post","status-publish","format-standard","has-post-thumbnail","hentry","category-atarfe","category-ciudadania","category-instituciones","category-noticias-de-hoy","category-ultimas-noticias","tag-familia-moreno-ortega","tag-incendio-casa","tag-ruta"],"jetpack_publicize_connections":[],"jetpack_featured_media_url":"https:\/\/i0.wp.com\/miradordeatarfe.es\/wp-content\/uploads\/2023\/07\/image.png?fit=663%2C442&ssl=1","jetpack_likes_enabled":true,"jetpack_sharing_enabled":true,"_links":{"self":[{"href":"https:\/\/miradordeatarfe.es\/index.php?rest_route=\/wp\/v2\/posts\/62817","targetHints":{"allow":["GET"]}}],"collection":[{"href":"https:\/\/miradordeatarfe.es\/index.php?rest_route=\/wp\/v2\/posts"}],"about":[{"href":"https:\/\/miradordeatarfe.es\/index.php?rest_route=\/wp\/v2\/types\/post"}],"author":[{"embeddable":true,"href":"https:\/\/miradordeatarfe.es\/index.php?rest_route=\/wp\/v2\/users\/1"}],"replies":[{"embeddable":true,"href":"https:\/\/miradordeatarfe.es\/index.php?rest_route=%2Fwp%2Fv2%2Fcomments&post=62817"}],"version-history":[{"count":1,"href":"https:\/\/miradordeatarfe.es\/index.php?rest_route=\/wp\/v2\/posts\/62817\/revisions"}],"predecessor-version":[{"id":62820,"href":"https:\/\/miradordeatarfe.es\/index.php?rest_route=\/wp\/v2\/posts\/62817\/revisions\/62820"}],"wp:featuredmedia":[{"embeddable":true,"href":"https:\/\/miradordeatarfe.es\/index.php?rest_route=\/wp\/v2\/media\/62818"}],"wp:attachment":[{"href":"https:\/\/miradordeatarfe.es\/index.php?rest_route=%2Fwp%2Fv2%2Fmedia&parent=62817"}],"wp:term":[{"taxonomy":"category","embeddable":true,"href":"https:\/\/miradordeatarfe.es\/index.php?rest_route=%2Fwp%2Fv2%2Fcategories&post=62817"},{"taxonomy":"post_tag","embeddable":true,"href":"https:\/\/miradordeatarfe.es\/index.php?rest_route=%2Fwp%2Fv2%2Ftags&post=62817"}],"curies":[{"name":"wp","href":"https:\/\/api.w.org\/{rel}","templated":true}]}}