{"id":62822,"date":"2023-07-31T13:50:29","date_gmt":"2023-07-31T11:50:29","guid":{"rendered":"https:\/\/miradordeatarfe.es\/?p=62822"},"modified":"2023-12-08T23:29:29","modified_gmt":"2023-12-08T22:29:29","slug":"la-verdad-esta-ahi-fuera-por-remedios-sanchez","status":"publish","type":"post","link":"https:\/\/miradordeatarfe.es\/?p=62822","title":{"rendered":"\u00abLA VERDAD EST\u00c1 AH\u00cd FUERA\u00bb por  Remedios S\u00e1nchez"},"content":{"rendered":"<h3 style=\"text-align: justify;\">Dicen tres antiguos militares gringos que los extraterrestres existen, que no es ning\u00fan complot para mantenernos entretenidos y que los mandamases del Pent\u00e1gono estudian sus restos y los de las naves alien\u00edgenas ca\u00eddas tratando de replicarlas con lo que esta gente denomina \u201ctecnolog\u00eda inversa\u201d.<\/h3>\n<p style=\"text-align: justify;\">Y aqu\u00ed no se nos ha movido una pesta\u00f1a y cada cual ha seguido a lo suyo: haciendo las maletas con destino al mar o a la monta\u00f1a. Todo sea por salir de la ardent\u00eda del asfalto. De hecho, ser\u00eda conveniente contratar otra vez a los se\u00f1ores soci\u00f3logos de las encuestas (en particular a Michavila) para que ejerzan nuevamente de Nostradamus de baratillo y nos cuenten por qu\u00e9 el personal est\u00e1 ap\u00e1tico a pesar de este notici\u00f3n y con pocas ganas de aferrarse a conspiraciones intergal\u00e1cticas previas al descanso vacacional que, para algunos, empieza mismamente ma\u00f1ana.<\/p>\n<p style=\"text-align: justify;\">En este pa\u00eds quince d\u00edas de vacaciones son sagrados para quien puede permit\u00edrselos (quien no puede, se va a casa de la suegra al pueblo, bien pertrechado de tapones para los o\u00eddos) y lo \u00fanico que le interesa es saber si Pedro S\u00e1nchez, que es lo m\u00e1s parecido a un superh\u00e9roe que ha tenido la izquierda, va a formar gobierno pronto o va a tardar un poco m\u00e1s. Porque lo que parece claro, sin bola de cristal ni pesquisas profundas, es que \u2018Pedro I el guapo\u2019 va a seguir siendo el presidente de Espa\u00f1a los pr\u00f3ximos a\u00f1os, aunque a\u00fan no se sepa c\u00f3mo y se enfurru\u00f1e el se\u00f1or Feij\u00f3o (a\u00fan la cabeza sobre los hombros, pero ya hay apuestas para ver cu\u00e1nto le aguanta) o estos fundamentalistas cabreados que andan a\u00fan por la sede de Vox. Ya se sabe que la victoria tiene muchos padres, pero la derrota es hu\u00e9rfana y propicia guerras intestinas como las que se nos vienen encima entre la derecha razonable (PP) y la derecha extrema (Vox), ech\u00e1ndose la culpa, igual que los ni\u00f1os se lanzan la pelota de ping-pong cuando cae la tarde y las gaviotas empiezan sus vuelos rasantes sobre el mar de los fenicios. Y la culpa es a la vez de todos y de nadie; de todos, porque el miedo a un gobierno con Vox era evidente. De nadie, porque si Feij\u00f3o hubiera actuado de otra manera, sus esca\u00f1os hubieran sido igualmente insuficientes para gobernar.<\/p>\n<p style=\"text-align: justify;\">Es tiempo de mar, s\u00ed, pero habr\u00e1 quien se lleve el tel\u00e9fono a la playa porque los tibios que se pusieron de perfil esperando la ca\u00edda del l\u00edder socialista, van a ser los primeros que se arrimen para jurarle que estuvieron all\u00ed apoy\u00e1ndolo, pretendiendo ubicaci\u00f3n en cuanto retorne por sus fueros y forme nuevo gobierno, con Yolanda como partenaire, claro. Porque ellos siempre supieron de esta remontada (como Michavila, ya digo) pero no se significaron por guardar el secreto y que a los del balc\u00f3n de G\u00e9nova -exceptuando a D\u00edaz Ayuso- se les quedara esa cara de haberles ca\u00eddo un tomo de la Constituci\u00f3n en la cabeza. Todav\u00eda no se han recuperado del shock ni han comprendido el mensaje. En Espa\u00f1a se necesitan liderazgos carism\u00e1ticos y,\u00a0por ahora y aunque nadie sepa c\u00f3mo lo logra, en el \u00e1mbito nacional \u00fanicamente S\u00e1nchez\u00a0parece tener esa cualidad. Por eso, que los conspiranoicos establezcan la conexi\u00f3n entre los alien\u00edgenas y Pedro se antoja cuesti\u00f3n de meses. Y, entonces, a ver qui\u00e9n lo mueve del sill\u00f3n. \u00a0<\/p>\n<p>&nbsp;<\/p>\n","protected":false},"excerpt":{"rendered":"<p>Dicen tres antiguos militares gringos que los extraterrestres existen, que no es ning\u00fan complot para&#8230;<\/p>\n","protected":false},"author":1,"featured_media":62839,"comment_status":"closed","ping_status":"closed","sticky":false,"template":"","format":"standard","meta":{"_coblocks_attr":"","_coblocks_dimensions":"","_coblocks_responsive_height":"","_coblocks_accordion_ie_support":"","jetpack_post_was_ever_published":false,"_jetpack_newsletter_access":"","_jetpack_dont_email_post_to_subs":false,"_jetpack_newsletter_tier_id":0,"_jetpack_memberships_contains_paywalled_content":false,"_jetpack_memberships_contains_paid_content":false,"footnotes":"","jetpack_publicize_message":"","jetpack_publicize_feature_enabled":true,"jetpack_social_post_already_shared":false,"jetpack_social_options":{"image_generator_settings":{"template":"highway","default_image_id":0,"enabled":false},"version":2}},"categories":[1161,6914],"tags":[845,3020],"class_list":["post-62822","post","type-post","status-publish","format-standard","has-post-thumbnail","hentry","category-ciudadania","category-opinion-de-reme-sanchez","tag-gobierno","tag-pedro-sanchez"],"jetpack_publicize_connections":[],"jetpack_featured_media_url":"https:\/\/i0.wp.com\/miradordeatarfe.es\/wp-content\/uploads\/2023\/07\/1-2.jpg?fit=978%2C669&ssl=1","jetpack_likes_enabled":true,"jetpack_sharing_enabled":true,"_links":{"self":[{"href":"https:\/\/miradordeatarfe.es\/index.php?rest_route=\/wp\/v2\/posts\/62822","targetHints":{"allow":["GET"]}}],"collection":[{"href":"https:\/\/miradordeatarfe.es\/index.php?rest_route=\/wp\/v2\/posts"}],"about":[{"href":"https:\/\/miradordeatarfe.es\/index.php?rest_route=\/wp\/v2\/types\/post"}],"author":[{"embeddable":true,"href":"https:\/\/miradordeatarfe.es\/index.php?rest_route=\/wp\/v2\/users\/1"}],"replies":[{"embeddable":true,"href":"https:\/\/miradordeatarfe.es\/index.php?rest_route=%2Fwp%2Fv2%2Fcomments&post=62822"}],"version-history":[{"count":6,"href":"https:\/\/miradordeatarfe.es\/index.php?rest_route=\/wp\/v2\/posts\/62822\/revisions"}],"predecessor-version":[{"id":62837,"href":"https:\/\/miradordeatarfe.es\/index.php?rest_route=\/wp\/v2\/posts\/62822\/revisions\/62837"}],"wp:featuredmedia":[{"embeddable":true,"href":"https:\/\/miradordeatarfe.es\/index.php?rest_route=\/wp\/v2\/media\/62839"}],"wp:attachment":[{"href":"https:\/\/miradordeatarfe.es\/index.php?rest_route=%2Fwp%2Fv2%2Fmedia&parent=62822"}],"wp:term":[{"taxonomy":"category","embeddable":true,"href":"https:\/\/miradordeatarfe.es\/index.php?rest_route=%2Fwp%2Fv2%2Fcategories&post=62822"},{"taxonomy":"post_tag","embeddable":true,"href":"https:\/\/miradordeatarfe.es\/index.php?rest_route=%2Fwp%2Fv2%2Ftags&post=62822"}],"curies":[{"name":"wp","href":"https:\/\/api.w.org\/{rel}","templated":true}]}}