{"id":62826,"date":"2023-07-26T13:51:19","date_gmt":"2023-07-26T11:51:19","guid":{"rendered":"https:\/\/miradordeatarfe.es\/?p=62826"},"modified":"2023-10-25T13:35:39","modified_gmt":"2023-10-25T11:35:39","slug":"el-concejal-de-participacion-ciudadana-de-atarfe-se-reune-con-la-junta-directiva-de-la-asociacion-la-cora-de-ilbira","status":"publish","type":"post","link":"https:\/\/miradordeatarfe.es\/?p=62826","title":{"rendered":"EL CONCEJAL DE PARTICIPACI\u00d3N CIUDADANA DE ATARFE SE RE\u00daNE CON LA JUNTA DIRECTIVA DE LA ASOCIACI\u00d3N LA CORA DE ILBIRA"},"content":{"rendered":"<h4 style=\"text-align: justify;\">La reuni\u00f3n tuvo lugar el pasado 24 de Julio de 2023 en el Centro C\u00edvico de Atarfe y se presentaron las principales l\u00edneas\u00a0 estrat\u00e9gicas de la Concejal\u00eda, igualmente la Directiva de la Asociaci\u00f3n le traslad\u00f3 las principales inquietudes en materia de participaci\u00f3n de la Asociaci\u00f3n La Cora de Ilbira.<\/h4>\n<p style=\"text-align: justify;\">En un ambiente cordial, <strong><em>el concejal Javier Arenas y la t\u00e9cnico municipal de Participaci\u00f3n, presentaron las principales l\u00edneas estrat\u00e9gicas de la nueva corporaci\u00f3n a la Junta Directiva de La Cora ( Francisca Fuillerat, Fabiola Garc\u00eda, Manolo Codina, Carlos Mart\u00ednez, Juan Arroyo y Paco R. Quesada).<\/em><\/strong><\/p>\n<p style=\"text-align: justify;\">Primero se habl\u00f3 sobre la necesidad de aprobar el Reglamento de Participaci\u00f3n Ciudadana, tambi\u00e9n comentaron la\u00a0 creaci\u00f3n de una Escuela de Participaci\u00f3n en la que se ofrezca formaci\u00f3n a las personas responsables de las Asociaciones de Atarfe, adem\u00e1s de favorecer la inclusi\u00f3n social de todos los colectivos, el desarrollo de habilidades sociales y desarrollo de las competencias en las TIC.<\/p>\n<p style=\"text-align: justify;\">El Concejal se ofreci\u00f3 como mediador para todos aquellos asuntos relacionados con el ayuntamiento y sus \u00e1reas.<\/p>\n<p style=\"text-align: justify;\">Otras l\u00edneas a destacar es la creaci\u00f3n de una WEB municipal para que las asociaciones locales puedan difundir su labor en el municipio, una convocatoria de subvenciones para proyectos de las asociaciones.<\/p>\n<p style=\"text-align: justify;\">Desde la Junta Directiva de La Cora se valor\u00f3 el acercamiento a las Asociaciones del nuevo Concejal y la urgencia de aprobar el Reglamento de Participaci\u00f3n Ciudadana, el vigente es de 1997. Adem\u00e1s se hicieron varias sugerencias como la apuesta por implicar a la gente joven en la vida de las asociaciones, la promoci\u00f3n del voluntariado, el uso de un recurso municipal como Radio Iliberis, aprovechar la experiencia y disponibilidad de personas mayores jubiladas, mejorar la parte\u00a0 administrativa de seguimiento de las Asociaciones que funcionan y las que no funcionan desde el Ayuntamiento, abrir cauces de comunicaci\u00f3n con la ciudadan\u00eda a trav\u00e9s de aplicaciones que permitan hacer llegar las peticiones de la poblaci\u00f3n de Atarfe al Equipo de Gobierno.<\/p>\n<p style=\"text-align: justify;\">La reuni\u00f3n concluy\u00f3 con el compromiso de avanzar en todos los temas anteriores a la vuelta de vacaciones, con el\u00a0 convencimiento de la importancia de la Participaci\u00f3n Ciudadana para mejorar la calidad democr\u00e1tica de nuestro municipio, la cercan\u00eda del Equipo de gobierno con los problemas reales de los colectivos y de las personas que viven en Atarfe.<\/p>\n","protected":false},"excerpt":{"rendered":"<p>La reuni\u00f3n tuvo lugar el pasado 24 de Julio de 2023 en el Centro C\u00edvico&#8230;<\/p>\n","protected":false},"author":1,"featured_media":62827,"comment_status":"closed","ping_status":"closed","sticky":false,"template":"","format":"standard","meta":{"_coblocks_attr":"","_coblocks_dimensions":"","_coblocks_responsive_height":"","_coblocks_accordion_ie_support":"","jetpack_post_was_ever_published":false,"_jetpack_newsletter_access":"","_jetpack_dont_email_post_to_subs":false,"_jetpack_newsletter_tier_id":0,"_jetpack_memberships_contains_paywalled_content":false,"_jetpack_memberships_contains_paid_content":false,"footnotes":"","jetpack_publicize_message":"","jetpack_publicize_feature_enabled":true,"jetpack_social_post_already_shared":false,"jetpack_social_options":{"image_generator_settings":{"template":"highway","default_image_id":0,"enabled":false},"version":2}},"categories":[6916,9029],"tags":[10577,7922],"class_list":["post-62826","post","type-post","status-publish","format-standard","has-post-thumbnail","hentry","category-ayuntamiento-de-atarfe","category-la-cora-de-ilbira","tag-concejal-de-participacion","tag-la-cora-de-ilbira"],"jetpack_publicize_connections":[],"jetpack_featured_media_url":"https:\/\/i0.wp.com\/miradordeatarfe.es\/wp-content\/uploads\/2023\/08\/ReunionDirectiva-Concejal24-7-2023.jpg?fit=1145%2C586&ssl=1","jetpack_likes_enabled":true,"jetpack_sharing_enabled":true,"_links":{"self":[{"href":"https:\/\/miradordeatarfe.es\/index.php?rest_route=\/wp\/v2\/posts\/62826","targetHints":{"allow":["GET"]}}],"collection":[{"href":"https:\/\/miradordeatarfe.es\/index.php?rest_route=\/wp\/v2\/posts"}],"about":[{"href":"https:\/\/miradordeatarfe.es\/index.php?rest_route=\/wp\/v2\/types\/post"}],"author":[{"embeddable":true,"href":"https:\/\/miradordeatarfe.es\/index.php?rest_route=\/wp\/v2\/users\/1"}],"replies":[{"embeddable":true,"href":"https:\/\/miradordeatarfe.es\/index.php?rest_route=%2Fwp%2Fv2%2Fcomments&post=62826"}],"version-history":[{"count":2,"href":"https:\/\/miradordeatarfe.es\/index.php?rest_route=\/wp\/v2\/posts\/62826\/revisions"}],"predecessor-version":[{"id":62829,"href":"https:\/\/miradordeatarfe.es\/index.php?rest_route=\/wp\/v2\/posts\/62826\/revisions\/62829"}],"wp:featuredmedia":[{"embeddable":true,"href":"https:\/\/miradordeatarfe.es\/index.php?rest_route=\/wp\/v2\/media\/62827"}],"wp:attachment":[{"href":"https:\/\/miradordeatarfe.es\/index.php?rest_route=%2Fwp%2Fv2%2Fmedia&parent=62826"}],"wp:term":[{"taxonomy":"category","embeddable":true,"href":"https:\/\/miradordeatarfe.es\/index.php?rest_route=%2Fwp%2Fv2%2Fcategories&post=62826"},{"taxonomy":"post_tag","embeddable":true,"href":"https:\/\/miradordeatarfe.es\/index.php?rest_route=%2Fwp%2Fv2%2Ftags&post=62826"}],"curies":[{"name":"wp","href":"https:\/\/api.w.org\/{rel}","templated":true}]}}