{"id":62830,"date":"2023-08-07T12:18:35","date_gmt":"2023-08-07T10:18:35","guid":{"rendered":"https:\/\/miradordeatarfe.es\/?p=62830"},"modified":"2023-08-07T12:22:44","modified_gmt":"2023-08-07T10:22:44","slug":"el-silencio-por-remedios-sanchez","status":"publish","type":"post","link":"https:\/\/miradordeatarfe.es\/?p=62830","title":{"rendered":"\u00abEL SILENCIO\u00bb por Remedios S\u00e1nchez"},"content":{"rendered":"<h3 style=\"text-align: justify;\">En el territorio de la memoria no existe el silencio. Los d\u00edas tienen una luz limpia que se refleja en el mar y te abraza con la calidez del verano.<\/h3>\n<p style=\"text-align: justify;\">\u00a0El paisaje es un retrato con figuras en perpetuo movimiento que se r\u00eden, van y vienen, acaso cantan en un hogar de risas; nunca hace fr\u00edo porque es agosto en los calendarios y, desde el balc\u00f3n abierto, entra el frescor ultim\u00edsimo de la ma\u00f1ana, esa brisa leve que es apenas un roce grato en la mejilla. Desde la terraza se ve la playa con las primeras sombrillas aposent\u00e1ndose en la arena y, a la derecha, est\u00e1 el kiosco de prensa, junto a la helader\u00eda donde preparan la leche rizada. En la calle de atr\u00e1s est\u00e1 la fruter\u00eda peque\u00f1a, \u00e9sa donde se puede hacer la compra del d\u00eda apresuradamente, con el peri\u00f3dico bien doblado bajo el brazo. Nada importante: pan, algunos aguacates, el mel\u00f3n, unos tomates del terreno y, seguramente, un tarro de caf\u00e9. Las cuatro cosas necesarias que te apresuras a subir antes de inaugurar un desayuno pausado. Porque los desayunos, en el pasado, eran largos y estaban cargados de conversaciones gratas en torno a la mesita del sal\u00f3n, de preguntas inesperadas, de inocencia con fondo de postal de vacaciones. Y, de tan verdadero en los colores y sus matices, parec\u00eda un tiempo eterno. \u00a0Nadie nos dijo que lo fuera; lo vemos ahora que hemos crecido y la vida se ha ido cargando de ruido casi sin darnos cuenta, sin que nos percat\u00e1ramos casi de que aquella casa se deshac\u00eda, hasta dejar de existir.<\/p>\n<p style=\"text-align: justify;\">Entonces es cuando se busca el sosiego para poner un poco de orden en la cabeza a eso que llamamos recuerdos. Pero resulta que el sosiego juega al escondite en el sal\u00f3n del almuerzo, se escabulle entre las gentes apresuradas, zigzaguea con los ni\u00f1os que devoran el buf\u00e9 del hotel para volver r\u00e1pidamente a la piscina mientras sus padres les gritan que tengan cuidado. Desconf\u00eda tanto de nosotros como nosotros de \u00e9l y resulta necesario tener paciencia, abandonar por un rato las prisas, buscar espacios de sosiego para sentarnos a mirar c\u00f3mo las olas besan el rebalaje. Hay que ser valiente para esperarlo as\u00ed, sin aferrarnos a charlas fr\u00edvolas, a ese no pensar en lo que no nos da\u00f1e, que acaba por convertirse en una protecci\u00f3n in\u00fatil. Porque el silencio nos alcanza siempre y conviene irse adaptando a convivir a ratos con \u00e9l conforme vamos creciendo, aunque no exista un manual de instrucciones y todo sea as\u00ed, de manera casi intuitiva. \u00a0S\u00f3lo hay que tener la precauci\u00f3n de no apretarlo demasiado porque el silencio es un cristal que se rompe en mil pedazos por las tardes, cuando el sol se va de retirada y las gaviotas \u00faltimas buscan refugio justo antes de la anochecida. Es una fotograf\u00eda que se va tornando sepia en la que nos cuesta reconocernos a veces, aunque es totalmente necesaria para no olvidarnos del timbre de una voz, de un olor que se asemeja a la nostalgia, de la forma exacta de los cirros, esas nubes que se asemejan a brochazos de pintura abstracta anticipando las tormentas estivales. Esto es el silencio: una siguiriya, donde, como escribi\u00f3 Federico, resbalan valles y ecos y que inclina las frentes hacia el suelo. La imagen desnuda y fr\u00e1gil que nos devuelve el espejo.<\/p>\n","protected":false},"excerpt":{"rendered":"<p>En el territorio de la memoria no existe el silencio. Los d\u00edas tienen una luz&#8230;<\/p>\n","protected":false},"author":1,"featured_media":62833,"comment_status":"closed","ping_status":"closed","sticky":false,"template":"","format":"standard","meta":{"_coblocks_attr":"","_coblocks_dimensions":"","_coblocks_responsive_height":"","_coblocks_accordion_ie_support":"","jetpack_post_was_ever_published":false,"_jetpack_newsletter_access":"","_jetpack_dont_email_post_to_subs":false,"_jetpack_newsletter_tier_id":0,"_jetpack_memberships_contains_paywalled_content":false,"_jetpack_memberships_contains_paid_content":false,"footnotes":"","jetpack_publicize_message":"","jetpack_publicize_feature_enabled":true,"jetpack_social_post_already_shared":false,"jetpack_social_options":{"image_generator_settings":{"template":"highway","default_image_id":0,"enabled":false},"version":2}},"categories":[1161,9,44,6914,6937,15],"tags":[1458,3078,914],"class_list":["post-62830","post","type-post","status-publish","format-standard","has-post-thumbnail","hentry","category-ciudadania","category-medio-ambiente","category-noticias-de-hoy","category-opinion-de-reme-sanchez","category-sociedad","category-ultimas-noticias","tag-silencio","tag-tranquilidad","tag-verano"],"jetpack_publicize_connections":[],"jetpack_featured_media_url":"https:\/\/i0.wp.com\/miradordeatarfe.es\/wp-content\/uploads\/2023\/08\/Vista-panoramica-playa-Cadiz_1818128364_190217085_1200x675-2.jpg?fit=977%2C470&ssl=1","jetpack_likes_enabled":true,"jetpack_sharing_enabled":true,"_links":{"self":[{"href":"https:\/\/miradordeatarfe.es\/index.php?rest_route=\/wp\/v2\/posts\/62830","targetHints":{"allow":["GET"]}}],"collection":[{"href":"https:\/\/miradordeatarfe.es\/index.php?rest_route=\/wp\/v2\/posts"}],"about":[{"href":"https:\/\/miradordeatarfe.es\/index.php?rest_route=\/wp\/v2\/types\/post"}],"author":[{"embeddable":true,"href":"https:\/\/miradordeatarfe.es\/index.php?rest_route=\/wp\/v2\/users\/1"}],"replies":[{"embeddable":true,"href":"https:\/\/miradordeatarfe.es\/index.php?rest_route=%2Fwp%2Fv2%2Fcomments&post=62830"}],"version-history":[{"count":1,"href":"https:\/\/miradordeatarfe.es\/index.php?rest_route=\/wp\/v2\/posts\/62830\/revisions"}],"predecessor-version":[{"id":62832,"href":"https:\/\/miradordeatarfe.es\/index.php?rest_route=\/wp\/v2\/posts\/62830\/revisions\/62832"}],"wp:featuredmedia":[{"embeddable":true,"href":"https:\/\/miradordeatarfe.es\/index.php?rest_route=\/wp\/v2\/media\/62833"}],"wp:attachment":[{"href":"https:\/\/miradordeatarfe.es\/index.php?rest_route=%2Fwp%2Fv2%2Fmedia&parent=62830"}],"wp:term":[{"taxonomy":"category","embeddable":true,"href":"https:\/\/miradordeatarfe.es\/index.php?rest_route=%2Fwp%2Fv2%2Fcategories&post=62830"},{"taxonomy":"post_tag","embeddable":true,"href":"https:\/\/miradordeatarfe.es\/index.php?rest_route=%2Fwp%2Fv2%2Ftags&post=62830"}],"curies":[{"name":"wp","href":"https:\/\/api.w.org\/{rel}","templated":true}]}}