{"id":62842,"date":"2023-08-14T10:50:11","date_gmt":"2023-08-14T08:50:11","guid":{"rendered":"https:\/\/miradordeatarfe.es\/?p=62842"},"modified":"2023-12-08T23:28:58","modified_gmt":"2023-12-08T22:28:58","slug":"solo-un-arbol-por-remedios-sanchez","status":"publish","type":"post","link":"https:\/\/miradordeatarfe.es\/?p=62842","title":{"rendered":"\u00abS\u00d3LO UN \u00c1RBOL\u00bb por Remedios S\u00e1nchez"},"content":{"rendered":"<h3 style=\"text-align: justify;\">Frente al mar, que es un amor verdiazul, antiguo y perdurable, se divisa un \u00e1rbol. Uno s\u00f3lo, habitante sereno, varado en mitad de un secarral, \u00a0en mitad de ninguna parte.<\/h3>\n<p style=\"text-align: justify;\">Desde la playa se distingue a lo lejos, en aquella loma que es casi un altozano, ejerciendo de vig\u00eda eterno, de hermano del tiempo y sus nostalgias. Frente a la inmensidad del mar, de esas olas besando el rebalaje con voluntad de amante apasionado y que concentran todas las miradas, lo suyo es contenci\u00f3n, rebeld\u00eda aislada y menuda, un tronco fuerte que no doblega el viento, unas ramas en plenitud de hojas con frutos escondidos en verano y que ser\u00e1n, acaso eternamente, hogar de p\u00e1jaros en primavera.<\/p>\n<p style=\"text-align: justify;\">No es un enhiesto surtidor de sombra y sue\u00f1o, como el esplendente cipr\u00e9s de Silos al que se refiri\u00f3 Gerardo Diego; tampoco un olmo machadiano hendido por el rayo y en su mitad podrido, como una Espa\u00f1a desgastada y perpleja a la que acaban de salirle algunas hojas nuevas. No. Lo suyo, en este sur de cuarenta grados a la sombra, no es esplendor persistente ni derrumbe previsible; tampoco pasado o futuro. Es simplemente \u00a0supervivencia, mantenerse como una higueruela humilde al borde del altillo, plena de p\u00e1mpanos esmeralda en agosto como un faro oteando el horizonte; con la segura paciencia de quien se ha resignado a su destino y ha asentado firmemente su esperanza de ra\u00edces en la tierra, esa voluntad f\u00e9rrea de ser \u00fatil dando sombra y frutos al andariego errante que sube por las trochas despacioso, alej\u00e1ndose de sombrillas y de espetos, de gentes con sus prisas de verano, de olor a mares\u00eda. \u00a0Qu\u00e9 adormecida de luz se ve la tarde entre sus hojas, qu\u00e9 mansamente se va desvaneciendo entre sus ramas, al pie del tronco deslavazado y gris, escamoso y agrietado, con las bojas secas tan cerca. Ahora que se va acercando con parsimonia el atardecer y, en el cielo, hoy sin nubes que desdibujen el azul, las gaviotas planean con giros imposibles y graznan su letan\u00eda llamando al descanso toca, parece, abandonar la p\u00e1rvula sombra que nos ha acogido -siquiera por un rato- frente al calor de la subida. Ha merecido la pena por abrazarse un instante a este misterioso silencio indescriptible, \u00a0a un sosiego aislado del mundo y apenas perceptible para el que no existe vocablo, tan rodeado de maleza; resume esta ant\u00edtesis la est\u00e9tica de lo grandioso frente a la modestia de lo diminuto casi invisible a los ojos, aunque siempre resulte tan complementario en su diversidad lo uno de lo otro. Pero sucede que cada vez nos damos menos cuenta, fan\u00e1ticos de multitudes y ruidos, integrados en la masa, sin romper nunca el ordenado caos que nos homogeniza en un r\u00edo de l\u00f3gicas pactadas. Lo que pasa es que no siempre lo razonable es imitar a la mayor\u00eda; lo natural debiera ser tener capacidad para decidir aut\u00f3nomamente, para actuar respetando al otro reivindicando nuestra identidad, para ser personas a pesar de este ambiente enloquecido. Esto s\u00f3lo se adivina cuando paramos un instante y percibimos los detalles peque\u00f1os que alborotan la vida, esos que todav\u00eda son capaces de emocionarnos, los que revelan que no todo est\u00e1 perdido. Porque la libertad verdadera se resume en no perder nuestra capacidad para apreciar el valor extraordinario de lo distinto, del deshabitado y agreste fulgor de la belleza. \u00a0<\/p>\n<p>foto: https:\/\/okdiario.com\/curiosidades\/que-significa-arbol-vida-3098535<\/p>\n","protected":false},"excerpt":{"rendered":"<p>Frente al mar, que es un amor verdiazul, antiguo y perdurable, se divisa un \u00e1rbol&#8230;.<\/p>\n","protected":false},"author":1,"featured_media":62844,"comment_status":"closed","ping_status":"closed","sticky":false,"template":"","format":"standard","meta":{"_coblocks_attr":"","_coblocks_dimensions":"","_coblocks_responsive_height":"","_coblocks_accordion_ie_support":"","jetpack_post_was_ever_published":false,"_jetpack_newsletter_access":"","_jetpack_dont_email_post_to_subs":false,"_jetpack_newsletter_tier_id":0,"_jetpack_memberships_contains_paywalled_content":false,"_jetpack_memberships_contains_paid_content":false,"footnotes":"","jetpack_publicize_message":"","jetpack_publicize_feature_enabled":true,"jetpack_social_post_already_shared":false,"jetpack_social_options":{"image_generator_settings":{"template":"highway","default_image_id":0,"enabled":false},"version":2}},"categories":[1161,6914,6937,10],"tags":[],"class_list":["post-62842","post","type-post","status-publish","format-standard","has-post-thumbnail","hentry","category-ciudadania","category-opinion-de-reme-sanchez","category-sociedad","category-salud"],"jetpack_publicize_connections":[],"jetpack_featured_media_url":"https:\/\/i0.wp.com\/miradordeatarfe.es\/wp-content\/uploads\/2023\/08\/simon-wilkes-s297j2csdlm-unsplash1-635x358-1.jpg?fit=635%2C358&ssl=1","jetpack_likes_enabled":true,"jetpack_sharing_enabled":true,"_links":{"self":[{"href":"https:\/\/miradordeatarfe.es\/index.php?rest_route=\/wp\/v2\/posts\/62842","targetHints":{"allow":["GET"]}}],"collection":[{"href":"https:\/\/miradordeatarfe.es\/index.php?rest_route=\/wp\/v2\/posts"}],"about":[{"href":"https:\/\/miradordeatarfe.es\/index.php?rest_route=\/wp\/v2\/types\/post"}],"author":[{"embeddable":true,"href":"https:\/\/miradordeatarfe.es\/index.php?rest_route=\/wp\/v2\/users\/1"}],"replies":[{"embeddable":true,"href":"https:\/\/miradordeatarfe.es\/index.php?rest_route=%2Fwp%2Fv2%2Fcomments&post=62842"}],"version-history":[{"count":1,"href":"https:\/\/miradordeatarfe.es\/index.php?rest_route=\/wp\/v2\/posts\/62842\/revisions"}],"predecessor-version":[{"id":62845,"href":"https:\/\/miradordeatarfe.es\/index.php?rest_route=\/wp\/v2\/posts\/62842\/revisions\/62845"}],"wp:featuredmedia":[{"embeddable":true,"href":"https:\/\/miradordeatarfe.es\/index.php?rest_route=\/wp\/v2\/media\/62844"}],"wp:attachment":[{"href":"https:\/\/miradordeatarfe.es\/index.php?rest_route=%2Fwp%2Fv2%2Fmedia&parent=62842"}],"wp:term":[{"taxonomy":"category","embeddable":true,"href":"https:\/\/miradordeatarfe.es\/index.php?rest_route=%2Fwp%2Fv2%2Fcategories&post=62842"},{"taxonomy":"post_tag","embeddable":true,"href":"https:\/\/miradordeatarfe.es\/index.php?rest_route=%2Fwp%2Fv2%2Ftags&post=62842"}],"curies":[{"name":"wp","href":"https:\/\/api.w.org\/{rel}","templated":true}]}}