{"id":62846,"date":"2023-08-21T10:41:00","date_gmt":"2023-08-21T08:41:00","guid":{"rendered":"https:\/\/miradordeatarfe.es\/?p=62846"},"modified":"2023-12-08T23:28:37","modified_gmt":"2023-12-08T22:28:37","slug":"la-raiz-del-grito-por-remedios-sanchez","status":"publish","type":"post","link":"https:\/\/miradordeatarfe.es\/?p=62846","title":{"rendered":"\u00abLA RA\u00cdZ DEL GRITO\u00bb por  Remedios S\u00e1nchez"},"content":{"rendered":"<h3 style=\"text-align: justify;\">Federico es un muerto con los ojos abiertos que miran al futuro. Lo que pasa es que el futuro no somos nosotros.<\/h3>\n<p style=\"text-align: justify;\">Han pasado ochenta y siete a\u00f1os de un asesinato vil que sigue pesando como una losa sobre el cielo herido de Granada; porque la negra sombra acompa\u00f1a siempre la ignominia de una tragedia con fusiles de asalto y con pistolas, con mentiras encubiertas, con venganzas de lindes, con odios heredados que pasan de generaci\u00f3n en generaci\u00f3n. La fosa, como tantas otras, est\u00e1 entre Viznar y Alfacar declarando la tragedia de la sangre derramada, pero Lorca no.<\/p>\n<p style=\"text-align: justify;\">Federico vol\u00f3 r\u00e1pido como un p\u00e1jaro por la vega de choperas de su ni\u00f1ez de pueblo, porque eso y no otra cosa es la verdad \u00faltima del mayor poeta del siglo XX: pueblo con fuentes reidoras, \u00e1lamos que alborota la brisa, acequias con bueyes de agua, golondrinas traspasadas de azul avisando de la llegada de la primavera, atardeceres de lumbre y una navaja para partir el pan o para abrir el pecho, tanto da. Entre los juncos y la baja tarde, \u00a1qu\u00e9 raro que me llame Federico! escribi\u00f3, y ten\u00eda raz\u00f3n. Lorca fue y sigue siendo una anomal\u00eda literaria colosal, una genialidad fuera de tiempo y lugar capaz de aprehender la esencia, convertirla en palabra de fuego y dejar luego que se eleve como una ofrenda al porvenir, como una profec\u00eda\/s\u00edmbolo de la realidad escondida del pueblo que, como el duende, s\u00f3lo se encuentra en las \u00faltimas habitaciones de la sangre.<\/p>\n<p style=\"text-align: justify;\">A Miguel Hern\u00e1ndez los vientos del pueblo lo arrastraban y le esparc\u00edan el coraz\u00f3n, pero Federico es en s\u00ed mismo ese viento del pueblo, su canto dolorido y ancestral de tristezas, de angustia y de trabajos, justo antes de que llegase el c\u00e9firo cortante que seg\u00f3 las gargantas. Su palabra traspasa el silencio de cal y mirto que esconde el ansia de libertad de las mujeres que luchan contra el sometimiento patriarcal (Adela, anegada de pasi\u00f3n por Pepe \u2018El Romano\u2019, la Novia huyendo a caballo con Leonardo, la obsesi\u00f3n de Yerma que adelanta la muerte); y, percibe, enfrente, la noche oscura que confunde a los amantes, la madeja de la Parca en manos de una hembra, la luna vigilante que conoce el secreto, el cuchillo que apenas cabe en la mano, el aljibe hondo donde nunca se ba\u00f1an las estrellas, las met\u00e1foras de la opresi\u00f3n. El dolor en el pecho. Ese dolor inabarcable sin nombre ni rostro definido que sale de las v\u00edsceras porque la raz\u00f3n no lo alcanza y que vence, al fin, conduciendo a la tragedia porque lo at\u00e1vico tiene casi siempre rebordes de fatalidad bordada en un pa\u00f1uelo de hilo blanco mientras el oto\u00f1o deshoja crep\u00fasculos entre manzanos y membrillos, con la nieve primera como paisaje de fondo de escritura y el balc\u00f3n de la Huerta eternamente abierto para escuchar, que nunca ha sido lo mismo que o\u00edr. Garc\u00eda Lorca es el enigm\u00e1tico hijo de Cal\u00edope, la voz recia de los humillados por la sociedad (mujeres, gitanos, negros de la ciudad\/jungla\/infierno de Nueva York), una voz iluminada de prodigio y de autenticidad que nos zarandea para despertarnos del letargo de siglos. Lo que \u00e9l representa es un torrente desbordado que nos coge de la mano y nos gu\u00eda para conseguir atisbar lo que el alma oculta muy adentro, esa oscura ra\u00edz del grito.<\/p>\n","protected":false},"excerpt":{"rendered":"<p>Federico es un muerto con los ojos abiertos que miran al futuro. Lo que pasa&#8230;<\/p>\n","protected":false},"author":1,"featured_media":62847,"comment_status":"closed","ping_status":"closed","sticky":false,"template":"","format":"standard","meta":{"_coblocks_attr":"","_coblocks_dimensions":"","_coblocks_responsive_height":"","_coblocks_accordion_ie_support":"","jetpack_post_was_ever_published":false,"_jetpack_newsletter_access":"","_jetpack_dont_email_post_to_subs":false,"_jetpack_newsletter_tier_id":0,"_jetpack_memberships_contains_paywalled_content":false,"_jetpack_memberships_contains_paid_content":false,"footnotes":"","jetpack_publicize_message":"","jetpack_publicize_feature_enabled":true,"jetpack_social_post_already_shared":false,"jetpack_social_options":{"image_generator_settings":{"template":"highway","default_image_id":0,"enabled":false},"version":2}},"categories":[44,6914,6937],"tags":[4488],"class_list":["post-62846","post","type-post","status-publish","format-standard","has-post-thumbnail","hentry","category-noticias-de-hoy","category-opinion-de-reme-sanchez","category-sociedad","tag-federico-garcia-lorca"],"jetpack_publicize_connections":[],"jetpack_featured_media_url":"https:\/\/i0.wp.com\/miradordeatarfe.es\/wp-content\/uploads\/2023\/08\/federico_garcia_lorca_250.jpg?fit=321%2C250&ssl=1","jetpack_likes_enabled":true,"jetpack_sharing_enabled":true,"_links":{"self":[{"href":"https:\/\/miradordeatarfe.es\/index.php?rest_route=\/wp\/v2\/posts\/62846","targetHints":{"allow":["GET"]}}],"collection":[{"href":"https:\/\/miradordeatarfe.es\/index.php?rest_route=\/wp\/v2\/posts"}],"about":[{"href":"https:\/\/miradordeatarfe.es\/index.php?rest_route=\/wp\/v2\/types\/post"}],"author":[{"embeddable":true,"href":"https:\/\/miradordeatarfe.es\/index.php?rest_route=\/wp\/v2\/users\/1"}],"replies":[{"embeddable":true,"href":"https:\/\/miradordeatarfe.es\/index.php?rest_route=%2Fwp%2Fv2%2Fcomments&post=62846"}],"version-history":[{"count":1,"href":"https:\/\/miradordeatarfe.es\/index.php?rest_route=\/wp\/v2\/posts\/62846\/revisions"}],"predecessor-version":[{"id":62848,"href":"https:\/\/miradordeatarfe.es\/index.php?rest_route=\/wp\/v2\/posts\/62846\/revisions\/62848"}],"wp:featuredmedia":[{"embeddable":true,"href":"https:\/\/miradordeatarfe.es\/index.php?rest_route=\/wp\/v2\/media\/62847"}],"wp:attachment":[{"href":"https:\/\/miradordeatarfe.es\/index.php?rest_route=%2Fwp%2Fv2%2Fmedia&parent=62846"}],"wp:term":[{"taxonomy":"category","embeddable":true,"href":"https:\/\/miradordeatarfe.es\/index.php?rest_route=%2Fwp%2Fv2%2Fcategories&post=62846"},{"taxonomy":"post_tag","embeddable":true,"href":"https:\/\/miradordeatarfe.es\/index.php?rest_route=%2Fwp%2Fv2%2Ftags&post=62846"}],"curies":[{"name":"wp","href":"https:\/\/api.w.org\/{rel}","templated":true}]}}