{"id":62849,"date":"2023-08-28T10:54:34","date_gmt":"2023-08-28T08:54:34","guid":{"rendered":"https:\/\/miradordeatarfe.es\/?p=62849"},"modified":"2023-12-08T23:28:13","modified_gmt":"2023-12-08T22:28:13","slug":"maria-la-mujer-de-orce-por-remedios-sanchez","status":"publish","type":"post","link":"https:\/\/miradordeatarfe.es\/?p=62849","title":{"rendered":"\u00abMAR\u00cdA, LA MUJER DE ORCE\u00bb por Remedios S\u00e1nchez"},"content":{"rendered":"<h3 style=\"text-align: justify;\">En este pa\u00eds, aparte de cafres obscenos, tambi\u00e9n tenemos gente con talento que, gracias a su esfuerzo, al sacrificio cotidiano, logran alcanzar sue\u00f1os que parec\u00edan imposibles.<\/h3>\n<p style=\"text-align: justify;\">Y quiero referirme, naturalmente, a Mar\u00eda P\u00e9rez, nuestra deportista de Orce, que ha convertido Granada en una revoluci\u00f3n de apasionado entusiasmo. En una tierra donde no llegan tantas buenas noticias como debieran, el talento de Mar\u00eda, que desde peque\u00f1a ha hecho de la marcha un modo de entender la vida, es una haza\u00f1a, una proeza que trasciende lo individual para alcanzar lo colectivo, la demostraci\u00f3n de la capacidad de las mujeres para lograr ser lo que cada cual quiera con limpieza, honestidad y verdadero pundonor.<\/p>\n<p style=\"text-align: justify;\">Imagino las m\u00faltiples dificultades que habr\u00e1 pasado nuestra flamante medalla de oro de 20 y 35 kil\u00f3metros marcha del Mundial de Budapest (s\u00f3lo un oro parece que se quedaba corto para la\u00a0orcerina) hasta alcanzar este momento hist\u00f3rico. A partir de ahora, habr\u00e1 quien se atreva a cuestionar al \u2018Hombre de Orce\u2019, el f\u00f3sil del primer hom\u00ednido europeo descubierto por el paleoantrop\u00f3logo Jos\u00e9 Gibert y sus colaboradores en Venta Micena; pero lo de Mar\u00eda P\u00e9rez implica la constataci\u00f3n de que la mujer de Orce es una realidad santa e incuestionable, una perfeccionamiento revolucionario en el deporte femenino que nos da su dimensi\u00f3n real a pesar de haber estado tan preterido, tan infravalorado incluso dentro del propio sector.<\/p>\n<p style=\"text-align: justify;\">Para eso ha llegado Mar\u00eda (tambi\u00e9n la selecci\u00f3n Femenina de F\u00fatbol, nuestras campeonas del Mundial, conste), para cambiar la perspectiva y poner el foco en lo que importa; y lo trascendental de su ejemplo es la perseverancia en estos tiempos de modernidad l\u00edquida (donde demasiada gente quiere triunfar apresuradamente, nada m\u00e1s llegar), esa fortaleza para luchar con una misma y contra las circunstancias para desafiar los embates de la existencia y vencer al final, para no acomodarse a lo que mande el discurso patriarcal machista, \u00a0tan asentado a\u00fan en ciertos espacios como la Federaci\u00f3n de F\u00fatbol. Lo que ha logrado Mar\u00eda implica mucho m\u00e1s que dos medallas; supone dar otro golpe al techo de cristal, ejemplificar el aut\u00e9ntico feminismo con hechos. Porque ya lo dijo Gil de Biedma: que la vida iba en serio\/uno lo empieza a comprender m\u00e1s tarde.<\/p>\n<p style=\"text-align: justify;\">Demasiados j\u00f3venes vienen con voluntad de comerse el mundo en dos bocados, pero luego, perdida esa inocencia, se descubre que la vida muerde, que desgarra la piel con dientes de pantera, de machismo vergonzante y resulta obligatorio ser fuerte, resistir a la estulticia y avanzar, compitiendo con la cabeza alta, sin perder de vista el objetivo, porque al futuro hay que mirarlo de frente y saludarlo con una sonrisa franca y la mano tendida.<\/p>\n<p style=\"text-align: justify;\">Eso es lo que ha hecho nuestra marchadora, esta mujer con resistencia de acero y coraz\u00f3n de ni\u00f1a alegre y t\u00edmida del altiplano granadino. Pero que nadie olvide que su victoria \u00e9pica, la gran corona de laurel que ci\u00f1e hoy su frente, es haberse convertido en un espejo para los ni\u00f1os y ni\u00f1as que abren los ojos a la realidad. Su gesta requiere una pedagog\u00eda activa para que se tome conciencia de la igualdad entre hombres y mujeres, para que se normalice en cualquier disciplina desde la naturalidad, desde el orgullo colectivo de tener referentes como Mar\u00eda, que representan a la mejor Espa\u00f1a, esa Espa\u00f1a en la que creemos y que nos enorgullece.<\/p>\n","protected":false},"excerpt":{"rendered":"<p>En este pa\u00eds, aparte de cafres obscenos, tambi\u00e9n tenemos gente con talento que, gracias a&#8230;<\/p>\n","protected":false},"author":1,"featured_media":62850,"comment_status":"closed","ping_status":"closed","sticky":false,"template":"","format":"standard","meta":{"_coblocks_attr":"","_coblocks_dimensions":"","_coblocks_responsive_height":"","_coblocks_accordion_ie_support":"","jetpack_post_was_ever_published":false,"_jetpack_newsletter_access":"","_jetpack_dont_email_post_to_subs":false,"_jetpack_newsletter_tier_id":0,"_jetpack_memberships_contains_paywalled_content":false,"_jetpack_memberships_contains_paid_content":false,"footnotes":"","jetpack_publicize_message":"","jetpack_publicize_feature_enabled":true,"jetpack_social_post_already_shared":false,"jetpack_social_options":{"image_generator_settings":{"template":"highway","default_image_id":0,"enabled":false},"version":2}},"categories":[14,6914,6937],"tags":[1544,41,19],"class_list":["post-62849","post","type-post","status-publish","format-standard","has-post-thumbnail","hentry","category-feminismo","category-opinion-de-reme-sanchez","category-sociedad","tag-atletas","tag-feminismo","tag-mujeres"],"jetpack_publicize_connections":[],"jetpack_featured_media_url":"https:\/\/i0.wp.com\/miradordeatarfe.es\/wp-content\/uploads\/2023\/08\/3766046-76610848-2560-1440_0.jpg?fit=875%2C492&ssl=1","jetpack_likes_enabled":true,"jetpack_sharing_enabled":true,"_links":{"self":[{"href":"https:\/\/miradordeatarfe.es\/index.php?rest_route=\/wp\/v2\/posts\/62849","targetHints":{"allow":["GET"]}}],"collection":[{"href":"https:\/\/miradordeatarfe.es\/index.php?rest_route=\/wp\/v2\/posts"}],"about":[{"href":"https:\/\/miradordeatarfe.es\/index.php?rest_route=\/wp\/v2\/types\/post"}],"author":[{"embeddable":true,"href":"https:\/\/miradordeatarfe.es\/index.php?rest_route=\/wp\/v2\/users\/1"}],"replies":[{"embeddable":true,"href":"https:\/\/miradordeatarfe.es\/index.php?rest_route=%2Fwp%2Fv2%2Fcomments&post=62849"}],"version-history":[{"count":1,"href":"https:\/\/miradordeatarfe.es\/index.php?rest_route=\/wp\/v2\/posts\/62849\/revisions"}],"predecessor-version":[{"id":62851,"href":"https:\/\/miradordeatarfe.es\/index.php?rest_route=\/wp\/v2\/posts\/62849\/revisions\/62851"}],"wp:featuredmedia":[{"embeddable":true,"href":"https:\/\/miradordeatarfe.es\/index.php?rest_route=\/wp\/v2\/media\/62850"}],"wp:attachment":[{"href":"https:\/\/miradordeatarfe.es\/index.php?rest_route=%2Fwp%2Fv2%2Fmedia&parent=62849"}],"wp:term":[{"taxonomy":"category","embeddable":true,"href":"https:\/\/miradordeatarfe.es\/index.php?rest_route=%2Fwp%2Fv2%2Fcategories&post=62849"},{"taxonomy":"post_tag","embeddable":true,"href":"https:\/\/miradordeatarfe.es\/index.php?rest_route=%2Fwp%2Fv2%2Ftags&post=62849"}],"curies":[{"name":"wp","href":"https:\/\/api.w.org\/{rel}","templated":true}]}}