{"id":62891,"date":"2023-09-02T08:17:14","date_gmt":"2023-09-02T06:17:14","guid":{"rendered":"https:\/\/miradordeatarfe.es\/?p=62891"},"modified":"2023-09-01T11:21:13","modified_gmt":"2023-09-01T09:21:13","slug":"con-jenni-hermoso","status":"publish","type":"post","link":"https:\/\/miradordeatarfe.es\/?p=62891","title":{"rendered":"CON JENNI HERMOSO"},"content":{"rendered":"<div class=\"\" dir=\"auto\">\n<div id=\":re7:\" class=\"x1iorvi4 x1pi30zi x1l90r2v x1swvt13\" data-ad-comet-preview=\"message\" data-ad-preview=\"message\">\n<div class=\"x78zum5 xdt5ytf xz62fqu x16ldp7u\">\n<div class=\"xu06os2 x1ok221b\">\n<div class=\"xdj266r x11i5rnm xat24cr x1mh8g0r x1vvkbs x126k92a\">\n<h3 dir=\"auto\" style=\"text-align: justify;\">No es momento de tibiezas ni de mirar hacia otro lado. El f\u00fatbol, el deporte que mueve a las masas de este pa\u00eds, que ejerce de modelo de acci\u00f3n social, no puede entenderse como algo que afecta y decide exclusivamente una minor\u00eda que representan los que (todav\u00eda) mandan en la Federaci\u00f3n Espa\u00f1ola de F\u00fatbol.<\/h3>\n<p dir=\"auto\" style=\"text-align: justify;\">Habl\u00f3 Luis Rubiales y nos dio la dimensi\u00f3n de lo que es. Preocupa relativamente su discurso trasnochado que, por l\u00f3gica, debe tener las horas contadas. Lo que preocupa m\u00e1s son los aplausos, esos aplausos vergonzosos e injustificables que delatan hasta qu\u00e9 punto es necesario transformar la estructura de la federaci\u00f3n (las caras y los nombres) empezando por los entrenadores (Jorge Vilda y Luis de la Fuente) y continuando por directivos nacionales, regionales y provinciales que se sientan en esa sala o que van por los campos de Espa\u00f1a replicando esa mentalidad inaceptable. Si todos ellos (y ellas, porque hay algunas mujeres, conste) no son conscientes de lo que han hecho, de la imagen que han proyectado en nuestro pa\u00eds y fuera de \u00e9l, es a\u00fan m\u00e1s grave que si son simplemente unos est\u00f3magos agradecidos. Resumiendo: que sobran todos, que hay que remodelar la RFEF desde sus cimientos y que el Gobierno de Espa\u00f1a debe pilotar el cambio.<\/p>\n<div dir=\"auto\" style=\"text-align: justify;\">Y las protagonistas, como siempre, las jugadoras: las 23 y las que se han sumado para hacer un comunicado que las convierte en mujeres comprometidas con la igualdad, con la realidad y con la dignidad de las personas. Vencieron en el campo, son las mejores del mundo en su deporte, pero ahora han demostrado adem\u00e1s hasta qu\u00e9 punto el juego limpio, la dignidad y el pundonor las caracteriza en todas sus actuaciones frente a quienes intentan pervertir los valores que tanto ha costado. Su comunicado no es una demostraci\u00f3n de fuerza \u00fanicamente ni el apoyo expreso a Jeny Hermoso como futbolista agredida, como v\u00edctima: es una evidencia rotunda de que, desde la unidad de las personas normales, se puede transformar esta sociedad y de que no valen pa\u00f1os calientes frente a actuaciones deleznables. Que el tiempo no borre su gesta para las ni\u00f1as y ni\u00f1os que las van a tomar como modelo, pero, sobre todo, que nunca se olvide que ellas, s\u00f3lo ellas, fueron quienes dijeron basta ya para finiquitar la soberbia patriarcal y los abusos machistas. Se acab\u00f3.<\/div>\n<div dir=\"auto\">\u00a0<\/div>\n<div dir=\"auto\"><a href=\"https:\/\/www.elmundo.es\/deportes\/futbol\/2023\/08\/25\/64e8e257fc6c8317408b4593.html?fbclid=IwAR3IpdVXTG-6YGlXzubuHYrbjikuppmb5jTgE-HkAQVzvgwHgOGNlNJa3Ng\">https:\/\/www.elmundo.es\/deportes\/futbol\/2023\/08\/25\/64e8e257fc6c8317408b4593.html?fbclid=IwAR3IpdVXTG-6YGlXzubuHYrbjikuppmb5jTgE-HkAQVzvgwHgOGNlNJa3Ng<\/a><\/div>\n<div dir=\"auto\">\u00a0<\/div>\n<\/div>\n<div dir=\"auto\">POR REMEDIOS SANCHEZ PUBLICADO EN SU FACEBOOK<\/div>\n<\/div>\n<\/div>\n<\/div>\n<\/div>\n","protected":false},"excerpt":{"rendered":"<p>No es momento de tibiezas ni de mirar hacia otro lado. El f\u00fatbol, el deporte&#8230;<\/p>\n","protected":false},"author":1,"featured_media":62892,"comment_status":"closed","ping_status":"closed","sticky":false,"template":"","format":"standard","meta":{"_coblocks_attr":"","_coblocks_dimensions":"","_coblocks_responsive_height":"","_coblocks_accordion_ie_support":"","jetpack_post_was_ever_published":false,"_jetpack_newsletter_access":"","_jetpack_dont_email_post_to_subs":false,"_jetpack_newsletter_tier_id":0,"_jetpack_memberships_contains_paywalled_content":false,"_jetpack_memberships_contains_paid_content":false,"footnotes":"","jetpack_publicize_message":"","jetpack_publicize_feature_enabled":true,"jetpack_social_post_already_shared":false,"jetpack_social_options":{"image_generator_settings":{"template":"highway","default_image_id":0,"enabled":false},"version":2}},"categories":[1161,14,44,6914,15],"tags":[10586],"class_list":["post-62891","post","type-post","status-publish","format-standard","has-post-thumbnail","hentry","category-ciudadania","category-feminismo","category-noticias-de-hoy","category-opinion-de-reme-sanchez","category-ultimas-noticias","tag-jenni-hermoso"],"jetpack_publicize_connections":[],"jetpack_featured_media_url":"https:\/\/i0.wp.com\/miradordeatarfe.es\/wp-content\/uploads\/2023\/09\/2003693030761805170.jpg?fit=500%2C261&ssl=1","jetpack_likes_enabled":true,"jetpack_sharing_enabled":true,"_links":{"self":[{"href":"https:\/\/miradordeatarfe.es\/index.php?rest_route=\/wp\/v2\/posts\/62891","targetHints":{"allow":["GET"]}}],"collection":[{"href":"https:\/\/miradordeatarfe.es\/index.php?rest_route=\/wp\/v2\/posts"}],"about":[{"href":"https:\/\/miradordeatarfe.es\/index.php?rest_route=\/wp\/v2\/types\/post"}],"author":[{"embeddable":true,"href":"https:\/\/miradordeatarfe.es\/index.php?rest_route=\/wp\/v2\/users\/1"}],"replies":[{"embeddable":true,"href":"https:\/\/miradordeatarfe.es\/index.php?rest_route=%2Fwp%2Fv2%2Fcomments&post=62891"}],"version-history":[{"count":2,"href":"https:\/\/miradordeatarfe.es\/index.php?rest_route=\/wp\/v2\/posts\/62891\/revisions"}],"predecessor-version":[{"id":62894,"href":"https:\/\/miradordeatarfe.es\/index.php?rest_route=\/wp\/v2\/posts\/62891\/revisions\/62894"}],"wp:featuredmedia":[{"embeddable":true,"href":"https:\/\/miradordeatarfe.es\/index.php?rest_route=\/wp\/v2\/media\/62892"}],"wp:attachment":[{"href":"https:\/\/miradordeatarfe.es\/index.php?rest_route=%2Fwp%2Fv2%2Fmedia&parent=62891"}],"wp:term":[{"taxonomy":"category","embeddable":true,"href":"https:\/\/miradordeatarfe.es\/index.php?rest_route=%2Fwp%2Fv2%2Fcategories&post=62891"},{"taxonomy":"post_tag","embeddable":true,"href":"https:\/\/miradordeatarfe.es\/index.php?rest_route=%2Fwp%2Fv2%2Ftags&post=62891"}],"curies":[{"name":"wp","href":"https:\/\/api.w.org\/{rel}","templated":true}]}}