{"id":62918,"date":"2023-09-04T11:08:17","date_gmt":"2023-09-04T09:08:17","guid":{"rendered":"https:\/\/miradordeatarfe.es\/?p=62918"},"modified":"2023-12-08T23:27:33","modified_gmt":"2023-12-08T22:27:33","slug":"un-rubiales-de-motril-por-remedios-sanchez","status":"publish","type":"post","link":"https:\/\/miradordeatarfe.es\/?p=62918","title":{"rendered":"\u00abUN RUBIALES DE MOTRIL \u00bb por Remedios S\u00e1nchez"},"content":{"rendered":"<h3 style=\"text-align: justify;\">Lo de Rubiales cada vez se parece m\u00e1s al cuento de Monterroso: \u201ccuando despert\u00f3, el dinosaurio todav\u00eda estaba all\u00ed\u201d.<\/h3>\n<p style=\"text-align: justify;\">\u00a0Y aqu\u00ed sigue a\u00fan, como un ni\u00f1ato malcriado que piensa que le quieren quitar sus chuches (una bolsa grande, concretamente de un mill\u00f3n de euros anual) a pesar de que la UEFA lo haya suspendido ya y el Tribunal Administrativo del Deporte haya decretado \u2013 por ahora- que cometi\u00f3 \u00fanicamente una falta \u201cgrave\u201d, que es lo que impide al Gobierno suspenderlo como corresponde y abrir una nueva etapa para que no siga deteriorando nuestra proyecci\u00f3n exterior.<\/p>\n<p style=\"text-align: justify;\">El problema de los personajes como Luis Rubiales es que no saben cu\u00e1ndo toca irse porque se ha acomodado al carguete con coche oficial y gastos y viajes pagados en business actuando como reyes del mambo. \u00a0Por eso se aferran al sill\u00f3n y no dudan en poner a una mujer mayor -como la propia madre- en una situaci\u00f3n surrealista, encerrada en una iglesia y en huelga de hambre, como cuando en el medievo la gente se acog\u00eda a sagrado para evitar la acci\u00f3n de la justicia; en este caso, la se\u00f1ora exig\u00eda la rectificaci\u00f3n de nuestra campeona del mundial de futbol Jenni Hermoso (es decir: que dijera que lo que vio con estupor medio mundo nunca sucedi\u00f3) para que se adecuara a los intereses de su hijo.<\/p>\n<p style=\"text-align: justify;\">\u00a0Lo suyo, un machismo casposo de rep\u00fablica bananera, evidentemente, no representa a las mujeres de Espa\u00f1a, pero lo han reproducido los corresponsales de medio mundo desplazados a Motril para narrar en directo este acto del \u2018Rubialesgate\u2019 y la capacidad de aguante de una anciana encerrada en la Parroquia Divina Pastora. \u00a0El esperpento, con protestas a favor y en contra en las puertas del templo y un pobre sacerdote ejerciendo resignadamente de portavoz de la salud de la se\u00f1ora abriendo telediarios\u00a0en prime time, fue el colmo del bochorno para la sociedad moderna e igualitaria que somos que, salvo en la mente de unos pocos, no se parece en nada a \u2018La escopeta nacional\u2019 berlanguiana. La frustraci\u00f3n m\u00e1xima ha sido ver un pifostio as\u00ed, el amarillismo salvando el agosto medi\u00e1tico y perjudicando la imagen de la segunda ciudad granadina m\u00e1s importante y de un pa\u00eds que lucha frontalmente contra el acoso y las agresiones. Porque esta situaci\u00f3n ha opacado\u00a0tambi\u00e9n lo trascendental: que Espa\u00f1a ha ganado un mundial de f\u00fatbol femenino y que las jugadoras no van a tolerar ni una muestra de machismo m\u00e1s y son ejemplo para las nuevas generaciones de cualquier profesi\u00f3n. Con eso hay que quedarse, pero es lamentable el da\u00f1o reputacional sufrido por Motril, que es mucho m\u00e1s que un corral de comedias vergonzantes al servicio de intereses espurios, m\u00e1s que una capital donde se censuran pregones en fiestas de barrio. Porque lo que identifica verdaderamente a Motril es su cielo azul fundido con una inmensidad de mar inabarcable, una ciudadan\u00eda honesta e inasequible al desaliento dedicada a la pesca, la agricultura o al turismo y, adem\u00e1s, un puerto que es motor de desarrollo econ\u00f3mico porque funciona con brillantez generando proyectos esenciales de crecimiento, inversiones y puestos de trabajo. Motril, como la igualdad de derechos, tiene que ser imparable, unidad ante lo inadmisible; mientras, los perfiles como el de Rubiales, que por fortuna son minoritarios en el siglo XXI, debemos convertirlos en un borr\u00f3n que desdibuje r\u00e1pidamente el tiempo.<\/p>\n","protected":false},"excerpt":{"rendered":"<p>Lo de Rubiales cada vez se parece m\u00e1s al cuento de Monterroso: \u201ccuando despert\u00f3, el&#8230;<\/p>\n","protected":false},"author":1,"featured_media":62919,"comment_status":"closed","ping_status":"closed","sticky":false,"template":"","format":"standard","meta":{"_coblocks_attr":"","_coblocks_dimensions":"","_coblocks_responsive_height":"","_coblocks_accordion_ie_support":"","jetpack_post_was_ever_published":false,"_jetpack_newsletter_access":"","_jetpack_dont_email_post_to_subs":false,"_jetpack_newsletter_tier_id":0,"_jetpack_memberships_contains_paywalled_content":false,"_jetpack_memberships_contains_paid_content":false,"footnotes":"","jetpack_publicize_message":"","jetpack_publicize_feature_enabled":true,"jetpack_social_post_already_shared":false,"jetpack_social_options":{"image_generator_settings":{"template":"highway","default_image_id":0,"enabled":false},"version":2}},"categories":[14,6914,6937,15],"tags":[10590,9967],"class_list":["post-62918","post","type-post","status-publish","format-standard","has-post-thumbnail","hentry","category-feminismo","category-opinion-de-reme-sanchez","category-sociedad","category-ultimas-noticias","tag-motril","tag-rubiales"],"jetpack_publicize_connections":[],"jetpack_featured_media_url":"https:\/\/i0.wp.com\/miradordeatarfe.es\/wp-content\/uploads\/2023\/09\/motril1.jpg?fit=640%2C480&ssl=1","jetpack_likes_enabled":true,"jetpack_sharing_enabled":true,"_links":{"self":[{"href":"https:\/\/miradordeatarfe.es\/index.php?rest_route=\/wp\/v2\/posts\/62918","targetHints":{"allow":["GET"]}}],"collection":[{"href":"https:\/\/miradordeatarfe.es\/index.php?rest_route=\/wp\/v2\/posts"}],"about":[{"href":"https:\/\/miradordeatarfe.es\/index.php?rest_route=\/wp\/v2\/types\/post"}],"author":[{"embeddable":true,"href":"https:\/\/miradordeatarfe.es\/index.php?rest_route=\/wp\/v2\/users\/1"}],"replies":[{"embeddable":true,"href":"https:\/\/miradordeatarfe.es\/index.php?rest_route=%2Fwp%2Fv2%2Fcomments&post=62918"}],"version-history":[{"count":1,"href":"https:\/\/miradordeatarfe.es\/index.php?rest_route=\/wp\/v2\/posts\/62918\/revisions"}],"predecessor-version":[{"id":62920,"href":"https:\/\/miradordeatarfe.es\/index.php?rest_route=\/wp\/v2\/posts\/62918\/revisions\/62920"}],"wp:featuredmedia":[{"embeddable":true,"href":"https:\/\/miradordeatarfe.es\/index.php?rest_route=\/wp\/v2\/media\/62919"}],"wp:attachment":[{"href":"https:\/\/miradordeatarfe.es\/index.php?rest_route=%2Fwp%2Fv2%2Fmedia&parent=62918"}],"wp:term":[{"taxonomy":"category","embeddable":true,"href":"https:\/\/miradordeatarfe.es\/index.php?rest_route=%2Fwp%2Fv2%2Fcategories&post=62918"},{"taxonomy":"post_tag","embeddable":true,"href":"https:\/\/miradordeatarfe.es\/index.php?rest_route=%2Fwp%2Fv2%2Ftags&post=62918"}],"curies":[{"name":"wp","href":"https:\/\/api.w.org\/{rel}","templated":true}]}}