{"id":62984,"date":"2023-09-07T14:34:42","date_gmt":"2023-09-07T12:34:42","guid":{"rendered":"https:\/\/miradordeatarfe.es\/?p=62984"},"modified":"2023-09-07T14:34:42","modified_gmt":"2023-09-07T12:34:42","slug":"atarfe-informacion-municipal-24","status":"publish","type":"post","link":"https:\/\/miradordeatarfe.es\/?p=62984","title":{"rendered":"ATARFE: INFORMACI\u00d3N MUNICIPAL"},"content":{"rendered":"<div class=\"xdj266r x11i5rnm xat24cr x1mh8g0r x1vvkbs x126k92a\">\n<h3 dir=\"auto\">RELACI\u00d3N DEFINITIVA DE SOLICITUDES DE AYUDAS PARA MATERIAL ESCOLAR<\/h3>\n<div dir=\"auto\">\u00a1Importante Anuncio!\u00a0<\/div>\n<\/div>\n<div class=\"x11i5rnm xat24cr x1mh8g0r x1vvkbs xtlvy1s x126k92a\">\n<div dir=\"auto\">Se ha publicado la Relaci\u00f3n Definitiva de Solicitantes Admitidos y Excluidos de las Ayudas Municipales para la Adquisici\u00f3n de Material Escolar del Curso Acad\u00e9mico 2023\/2024.<\/div>\n<\/div>\n<div class=\"x11i5rnm xat24cr x1mh8g0r x1vvkbs xtlvy1s x126k92a\">\n<div dir=\"auto\">\u00a0\u00a1Consulta la lista para conocer el estado de tu solicitud!<\/div>\n<\/div>\n<div class=\"x11i5rnm xat24cr x1mh8g0r x1vvkbs xtlvy1s x126k92a\">\n<div dir=\"auto\"><a class=\"x1i10hfl xjbqb8w x6umtig x1b1mbwd xaqea5y xav7gou x9f619 x1ypdohk xt0psk2 xe8uvvx xdj266r x11i5rnm xat24cr x1mh8g0r xexx8yu x4uap5 x18d9i69 xkhd6sd x16tdsg8 x1hl2dhg xggy1nq x1a2a7pz xt0b8zv x1fey0fg\" tabindex=\"0\" role=\"link\" href=\"http:\/\/www.atarfe.es\/pdf\/admitidos-excluidos-definitiva-material-escolar-23-24.pdf?fbclid=IwAR2xewddknIRDlvGlnLwx1GmcQtO0dxRytVS8FFcBmNgzTOUER2kFIrSoPI\" target=\"_blank\" rel=\"nofollow noopener noreferrer\">http:\/\/www.atarfe.es\/&#8230;\/admitidos-excluidos-definitiva&#8230;<\/a><\/p>\n<div>\n<div id=\"0DE9E47C-871A-4F90-8440-B190C216800A_2\" class=\"mcafee_green\" tabindex=\"0\">\u00a0<\/div>\n<\/div>\n<\/div>\n<\/div>\n<div class=\"x11i5rnm xat24cr x1mh8g0r x1vvkbs xtlvy1s x126k92a\">\n<div dir=\"auto\">Los cheques se entregar\u00e1n en las dependencias de Servicios Sociales lo<strong>s d\u00edas 11, 12 y 13 de Septiembre de 10:00 a 13:00 horas<\/strong>.<\/div>\n<\/div>\n<div class=\"x11i5rnm xat24cr x1mh8g0r x1vvkbs xtlvy1s x126k92a\">\n<div dir=\"auto\">Para recoger el cheque se deber\u00e1 <strong>presentar DNI, NIE, etc<\/strong>.<\/div>\n<div dir=\"auto\">\u00a0<\/div>\n<div dir=\"auto\"><a href=\"https:\/\/i0.wp.com\/miradordeatarfe.es\/wp-content\/uploads\/2023\/09\/375733567_679503417560510_8066228351952389871_n.jpg?ssl=1\"><img data-recalc-dims=\"1\" loading=\"lazy\" decoding=\"async\" class=\"alignnone wp-image-62985 size-full\" src=\"https:\/\/i0.wp.com\/miradordeatarfe.es\/wp-content\/uploads\/2023\/09\/375733567_679503417560510_8066228351952389871_n.jpg?resize=640%2C430&#038;ssl=1\" alt=\"\" width=\"640\" height=\"430\" srcset=\"https:\/\/i0.wp.com\/miradordeatarfe.es\/wp-content\/uploads\/2023\/09\/375733567_679503417560510_8066228351952389871_n.jpg?w=803&amp;ssl=1 803w, https:\/\/i0.wp.com\/miradordeatarfe.es\/wp-content\/uploads\/2023\/09\/375733567_679503417560510_8066228351952389871_n.jpg?resize=300%2C202&amp;ssl=1 300w, https:\/\/i0.wp.com\/miradordeatarfe.es\/wp-content\/uploads\/2023\/09\/375733567_679503417560510_8066228351952389871_n.jpg?resize=768%2C516&amp;ssl=1 768w\" sizes=\"auto, (max-width: 640px) 100vw, 640px\" \/><\/a><\/div>\n<\/div>\n<div dir=\"auto\">\u00a0<\/div>\n<div dir=\"auto\">\u00a0<\/div>\n<h2 dir=\"auto\"><span class=\"x193iq5w xeuugli x13faqbe x1vvkbs x1xmvt09 x1lliihq x1s928wv xhkezso x1gmr53x x1cpjm7i x1fgarty x1943h6x xudqn12 x3x7a5m x6prxxf xvq8zen xo1l8bm xzsf02u x1yc453h\" dir=\"auto\">\u00bfQuieres trabajar en las Instalaciones Deportivas de Atarfe?<\/span><\/h2>\n<div class=\"x11i5rnm xat24cr x1mh8g0r x1vvkbs xtlvy1s x126k92a\">\n<div dir=\"auto\">Te gustar\u00eda formar parte del equipo de las Instalaciones Deportivas de Atarfe? \u00a1Esta es tu oportunidad!<\/div>\n<\/div>\n<div class=\"x11i5rnm xat24cr x1mh8g0r x1vvkbs xtlvy1s x126k92a\">\n<div dir=\"auto\">Acidesa ha publicado las <strong><em>\u00abBases del concurso para la creaci\u00f3n de una bolsa de empleo en r\u00e9gimen de interinidad\u00bb<\/em><\/strong>. Se buscan profesionales en las categor\u00edas de monitor\/a de sala, recepcionista, mantenimiento y socorrista.<\/div>\n<\/div>\n<div class=\"x11i5rnm xat24cr x1mh8g0r x1vvkbs xtlvy1s x126k92a\">\n<div dir=\"auto\">\u00bfTienes lo que se necesita para unirte a nuestro equipo? \u00a1Consulta las bases en la Sede Electr\u00f3nica del Ayuntamiento de Atarfe!\u00a0<\/div>\n<div dir=\"auto\">\u00a0<\/div>\n<\/div>\n<div class=\"x11i5rnm xat24cr x1mh8g0r x1vvkbs xtlvy1s x126k92a\">\n<div dir=\"auto\"><span class=\"x3nfvp2 x1j61x8r x1fcty0u xdj266r xhhsvwb xat24cr xgzva0m xxymvpz xlup9mm x1kky2od\"><img loading=\"lazy\" decoding=\"async\" src=\"https:\/\/static.xx.fbcdn.net\/images\/emoji.php\/v9\/t51\/1\/16\/1f449.png\" alt=\"\" width=\"16\" height=\"16\" \/><\/span> <a class=\"x1i10hfl xjbqb8w x6umtig x1b1mbwd xaqea5y xav7gou x9f619 x1ypdohk xt0psk2 xe8uvvx xdj266r x11i5rnm xat24cr x1mh8g0r xexx8yu x4uap5 x18d9i69 xkhd6sd x16tdsg8 x1hl2dhg xggy1nq x1a2a7pz xt0b8zv x1fey0fg\" tabindex=\"0\" role=\"link\" href=\"https:\/\/atarfe.sedelectronica.es\/?fbclid=IwAR3t8nnYYnMib2tyeZ37NETH_YNI9SBc9IhWIj458hAMK-mwRzsULYpUx9U\" target=\"_blank\" rel=\"nofollow noopener noreferrer\">https:\/\/atarfe.sedelectronica.es\/<\/a><\/p>\n<div>\n<div id=\"0DE9E47C-871A-4F90-8440-B190C216800A_3\" class=\"mcafee_green\" tabindex=\"0\">\u00a0<\/div>\n<\/div>\n<\/div>\n<\/div>\n<div class=\"x11i5rnm xat24cr x1mh8g0r x1vvkbs xtlvy1s x126k92a\">\n<div dir=\"auto\">No pierdas esta oportunidad de trabajar en un entorno deportivo din\u00e1mico y enriquecedor.<\/div>\n<\/div>\n<div class=\"x11i5rnm xat24cr x1mh8g0r x1vvkbs xtlvy1s x126k92a\">\n<div dir=\"auto\">\u00a1Esperamos tu solicitud!<\/div>\n<\/div>\n<div class=\"x11i5rnm xat24cr x1mh8g0r x1vvkbs xtlvy1s x126k92a\">\n<div dir=\"auto\">Acidesa<\/div>\n<div dir=\"auto\"><span class=\"x3nfvp2 x1j61x8r x1fcty0u xdj266r xhhsvwb xat24cr xgzva0m xxymvpz xlup9mm x1kky2od\"><img loading=\"lazy\" decoding=\"async\" src=\"https:\/\/static.xx.fbcdn.net\/images\/emoji.php\/v9\/taa\/1\/16\/1f310.png\" alt=\"\" width=\"16\" height=\"16\" \/><\/span> <a class=\"x1i10hfl xjbqb8w x6umtig x1b1mbwd xaqea5y xav7gou x9f619 x1ypdohk xt0psk2 xe8uvvx xdj266r x11i5rnm xat24cr x1mh8g0r xexx8yu x4uap5 x18d9i69 xkhd6sd x16tdsg8 x1hl2dhg xggy1nq x1a2a7pz xt0b8zv x1fey0fg\" tabindex=\"0\" role=\"link\" href=\"https:\/\/l.facebook.com\/l.php?u=https%3A%2F%2Fwww.acidesa.es%2F%3Ffbclid%3DIwAR1XXBLCFWmjYJRb6fQU14JyL9emz7fI6a0q6444hHoNBQZK5eRKIYwFZM0&amp;h=AT2OJAIVC20byUJqil_5wP9ObX5rf3cJEDEY9C_oQnK1ZM6vuNEaOFlmG7xymRtQLWA2CIOD1pPgviK4xzSrE3XPPweIpbYBznlXsukeFVDy1ZSm3K3yJjjzth0U9bTxjQ&amp;__tn__=-UK-R&amp;c[0]=AT1EMIF3twx-hISgieQ5yMb3kQGI_GulkmP568F9yPrvRnW8fMLexlNqLBTmLiqHpCVY8mFwBUnhaoRDIhsB6wOqGk49RQsCqrWe8uQeOK2Kt-DgJbhKR0iywH2kqe3Zr9MTltih6ESdWzGzfLV7pxe4z8IrpvsYY4pmIKyWRNbjCnkDG1ginI9nIJL_0tzhI2LUhfltf5kX\" target=\"_blank\" rel=\"nofollow noopener noreferrer\">https:\/\/www.acidesa.es<\/a><\/p>\n<div>\n<div id=\"0DE9E47C-871A-4F90-8440-B190C216800A_4\" class=\"mcafee_green\" tabindex=\"0\">\u00a0<\/div>\n<\/div>\n<\/div>\n<\/div>\n<div class=\"x11i5rnm xat24cr x1mh8g0r x1vvkbs xtlvy1s x126k92a\">\n<div dir=\"auto\">Concejal\u00eda de Deportes<\/div>\n<div dir=\"auto\">Ayuntamiento de Atarfe<\/div>\n<div dir=\"auto\">\u00a0<\/div>\n<\/div>\n<div dir=\"auto\"><a href=\"https:\/\/i0.wp.com\/miradordeatarfe.es\/wp-content\/uploads\/2023\/09\/375763647_679467687564083_2595036510606680132_n.jpg?ssl=1\"><img data-recalc-dims=\"1\" loading=\"lazy\" decoding=\"async\" class=\"alignnone wp-image-62986 size-full\" src=\"https:\/\/i0.wp.com\/miradordeatarfe.es\/wp-content\/uploads\/2023\/09\/375763647_679467687564083_2595036510606680132_n.jpg?resize=640%2C427&#038;ssl=1\" alt=\"\" width=\"640\" height=\"427\" srcset=\"https:\/\/i0.wp.com\/miradordeatarfe.es\/wp-content\/uploads\/2023\/09\/375763647_679467687564083_2595036510606680132_n.jpg?w=810&amp;ssl=1 810w, https:\/\/i0.wp.com\/miradordeatarfe.es\/wp-content\/uploads\/2023\/09\/375763647_679467687564083_2595036510606680132_n.jpg?resize=300%2C200&amp;ssl=1 300w, https:\/\/i0.wp.com\/miradordeatarfe.es\/wp-content\/uploads\/2023\/09\/375763647_679467687564083_2595036510606680132_n.jpg?resize=768%2C512&amp;ssl=1 768w\" sizes=\"auto, (max-width: 640px) 100vw, 640px\" \/><\/a><\/div>\n<div dir=\"auto\">\u00a0<\/div>\n<h2 dir=\"auto\">TALLER GRATUITO : CONVI\u00c9RTETE EN STEAMER<\/h2>\n<div dir=\"auto\">\u00a0<\/div>\n<div dir=\"auto\">\n<div class=\"xdj266r x11i5rnm xat24cr x1mh8g0r x1vvkbs x126k92a\">\n<div dir=\"auto\">\u00a1Atenci\u00f3n J\u00f3venes de Atarfe!<\/div>\n<\/div>\n<div class=\"x11i5rnm xat24cr x1mh8g0r x1vvkbs xtlvy1s x126k92a\">\n<div dir=\"auto\">La Concejal\u00eda de Juventud colabora con la Diputaci\u00f3n de Granada en el emocionante Proyecto \u00abGeneraci\u00f3n G\u00bb. Te invitamos al Taller gratuito \u00abConvi\u00e9rtete en Streamer\u00bb, una oportunidad \u00fanica para aprender sobre el mundo del streaming.\u00a0<\/div>\n<\/div>\n<div class=\"x11i5rnm xat24cr x1mh8g0r x1vvkbs xtlvy1s x126k92a\">\n<div dir=\"auto\">\u00a0<\/div>\n<div dir=\"auto\">\u00a0<strong>Fecha: 15 de Septiembre<\/strong><\/div>\n<div dir=\"auto\"><strong>\u00a0Hora: 17:00<\/strong><\/div>\n<div dir=\"auto\"><strong>\u00a0Lugar: Espacio Joven de Atarfe<\/strong><\/div>\n<\/div>\n<div class=\"x11i5rnm xat24cr x1mh8g0r x1vvkbs xtlvy1s x126k92a\">\n<div dir=\"auto\">\u00a0<\/div>\n<div dir=\"auto\">En este taller, descubrir\u00e1s los secretos para convertirte en un aut\u00e9ntico streamer y compartir tu pasi\u00f3n por los contenidos en l\u00ednea. \u00a1Prep\u00e1rate para sumergirte en el emocionante mundo de la transmisi\u00f3n en vivo!<\/div>\n<\/div>\n<div class=\"x11i5rnm xat24cr x1mh8g0r x1vvkbs xtlvy1s x126k92a\">\n<div dir=\"auto\">\u00a1Las plazas son limitadas! Asegura tu participaci\u00f3n inscribi\u00e9ndote antes del 14 de septiembre a las 13:00. Cont\u00e1ctanos al <span class=\"x3nfvp2 x1j61x8r x1fcty0u xdj266r xhhsvwb xat24cr xgzva0m xxymvpz xlup9mm x1kky2od\"><img loading=\"lazy\" decoding=\"async\" src=\"https:\/\/static.xx.fbcdn.net\/images\/emoji.php\/v9\/t4d\/1\/16\/1f4de.png\" alt=\"\" width=\"16\" height=\"16\" \/><\/span> <strong>676484703<\/strong> para reservar tu lugar. No dejes pasar esta oportunidad de aprender y divertirte.\u00a0<\/div>\n<\/div>\n<div dir=\"auto\"><a href=\"https:\/\/i0.wp.com\/miradordeatarfe.es\/wp-content\/uploads\/2023\/09\/375770094_679442497566602_4788818038372006529_n.jpg?ssl=1\"><img data-recalc-dims=\"1\" loading=\"lazy\" decoding=\"async\" class=\"alignnone wp-image-62987 size-full\" src=\"https:\/\/i0.wp.com\/miradordeatarfe.es\/wp-content\/uploads\/2023\/09\/375770094_679442497566602_4788818038372006529_n.jpg?resize=526%2C526&#038;ssl=1\" alt=\"\" width=\"526\" height=\"526\" srcset=\"https:\/\/i0.wp.com\/miradordeatarfe.es\/wp-content\/uploads\/2023\/09\/375770094_679442497566602_4788818038372006529_n.jpg?w=526&amp;ssl=1 526w, https:\/\/i0.wp.com\/miradordeatarfe.es\/wp-content\/uploads\/2023\/09\/375770094_679442497566602_4788818038372006529_n.jpg?resize=300%2C300&amp;ssl=1 300w, https:\/\/i0.wp.com\/miradordeatarfe.es\/wp-content\/uploads\/2023\/09\/375770094_679442497566602_4788818038372006529_n.jpg?resize=150%2C150&amp;ssl=1 150w\" sizes=\"auto, (max-width: 526px) 100vw, 526px\" \/><\/a><\/div>\n<\/div>\n","protected":false},"excerpt":{"rendered":"<p>RELACI\u00d3N DEFINITIVA DE SOLICITUDES DE AYUDAS PARA MATERIAL ESCOLAR \u00a1Importante Anuncio!\u00a0 Se ha publicado la&#8230;<\/p>\n","protected":false},"author":1,"featured_media":62769,"comment_status":"closed","ping_status":"closed","sticky":false,"template":"","format":"standard","meta":{"_coblocks_attr":"","_coblocks_dimensions":"","_coblocks_responsive_height":"","_coblocks_accordion_ie_support":"","jetpack_post_was_ever_published":false,"_jetpack_newsletter_access":"","_jetpack_dont_email_post_to_subs":false,"_jetpack_newsletter_tier_id":0,"_jetpack_memberships_contains_paywalled_content":false,"_jetpack_memberships_contains_paid_content":false,"footnotes":"","jetpack_publicize_message":"","jetpack_publicize_feature_enabled":true,"jetpack_social_post_already_shared":false,"jetpack_social_options":{"image_generator_settings":{"template":"highway","default_image_id":0,"enabled":false},"version":2}},"categories":[2,6916,1161,186,44,15],"tags":[81,4293],"class_list":["post-62984","post","type-post","status-publish","format-standard","has-post-thumbnail","hentry","category-atarfe","category-ayuntamiento-de-atarfe","category-ciudadania","category-instituciones","category-noticias-de-hoy","category-ultimas-noticias","tag-atarfe","tag-ayuntamiento-de-atarfe"],"jetpack_publicize_connections":[],"jetpack_featured_media_url":"https:\/\/i0.wp.com\/miradordeatarfe.es\/wp-content\/uploads\/2023\/07\/Sin-titulo-6.jpg?fit=320%2C158&ssl=1","jetpack_likes_enabled":true,"jetpack_sharing_enabled":true,"_links":{"self":[{"href":"https:\/\/miradordeatarfe.es\/index.php?rest_route=\/wp\/v2\/posts\/62984","targetHints":{"allow":["GET"]}}],"collection":[{"href":"https:\/\/miradordeatarfe.es\/index.php?rest_route=\/wp\/v2\/posts"}],"about":[{"href":"https:\/\/miradordeatarfe.es\/index.php?rest_route=\/wp\/v2\/types\/post"}],"author":[{"embeddable":true,"href":"https:\/\/miradordeatarfe.es\/index.php?rest_route=\/wp\/v2\/users\/1"}],"replies":[{"embeddable":true,"href":"https:\/\/miradordeatarfe.es\/index.php?rest_route=%2Fwp%2Fv2%2Fcomments&post=62984"}],"version-history":[{"count":1,"href":"https:\/\/miradordeatarfe.es\/index.php?rest_route=\/wp\/v2\/posts\/62984\/revisions"}],"predecessor-version":[{"id":62988,"href":"https:\/\/miradordeatarfe.es\/index.php?rest_route=\/wp\/v2\/posts\/62984\/revisions\/62988"}],"wp:featuredmedia":[{"embeddable":true,"href":"https:\/\/miradordeatarfe.es\/index.php?rest_route=\/wp\/v2\/media\/62769"}],"wp:attachment":[{"href":"https:\/\/miradordeatarfe.es\/index.php?rest_route=%2Fwp%2Fv2%2Fmedia&parent=62984"}],"wp:term":[{"taxonomy":"category","embeddable":true,"href":"https:\/\/miradordeatarfe.es\/index.php?rest_route=%2Fwp%2Fv2%2Fcategories&post=62984"},{"taxonomy":"post_tag","embeddable":true,"href":"https:\/\/miradordeatarfe.es\/index.php?rest_route=%2Fwp%2Fv2%2Ftags&post=62984"}],"curies":[{"name":"wp","href":"https:\/\/api.w.org\/{rel}","templated":true}]}}