{"id":63022,"date":"2023-09-08T10:53:17","date_gmt":"2023-09-08T08:53:17","guid":{"rendered":"https:\/\/miradordeatarfe.es\/?p=63022"},"modified":"2023-10-23T13:46:07","modified_gmt":"2023-10-23T11:46:07","slug":"publican-las-declaraciones-de-bienes-de-los-diputados-y-senadores-de-granada","status":"publish","type":"post","link":"https:\/\/miradordeatarfe.es\/?p=63022","title":{"rendered":"Publican las declaraciones de bienes de los diputados y senadores de Granada"},"content":{"rendered":"<article class=\"v-a v-a--d v-a--d-bs v-a--p-b\">\n<div class=\"v-a-info-c \">\n<h2 class=\"v-a-sub-t\" style=\"text-align: justify;\">Entre los representantes p\u00fablicos de la provincia se cuentan desde casi millonarios hasta algunos que no tienen vivienda o coche; la mitad tiene sus cuentas saneadas<\/h2>\n<\/div>\n<\/article>\n<div class=\"v-d v-d--ab-c v-d--bs\">\n<p class=\"v-p\" style=\"text-align: justify;\">Como parte del proceso habitual de inicio de legislatura tras las elecciones generales, los diputados y senadores espa\u00f1oles, para cumplir con sus obligaciones de transparencia, han presentado sus declaraciones de bienes, actividades e intereses econ\u00f3micos. El dibujo de situaci\u00f3n es dispar en el caso de la provincia granadina, y abarca desde representantes a los que les queda poco para ser millonarios a otros que no tienen vivienda o coche. Las declaraciones tambi\u00e9n est\u00e1n trufadas de acciones, participaciones empresariales y propiedades inmobiliarias, entre otros.<\/p>\n<div class=\"v-c-cmp v-n-mrg\" style=\"text-align: justify;\">\n<h1 class=\"v-d-cmp-sub-hl\">Los siete diputados<\/h1>\n<\/div>\n<div class=\"v-c-cmp \" style=\"text-align: justify;\">\n<div class=\"v-d-cmp-chp\">\n<header class=\"v-d-cmp-chp__h\">\n<div class=\"v-d-cmp-chp__image\"><img data-recalc-dims=\"1\" decoding=\"async\" class=\"v-d-cmp-chp__img\" src=\"https:\/\/i0.wp.com\/s2.ppllstatics.com\/ideal\/www\/multimedia\/2023\/09\/07\/carmen_calvo-kXIC--208x112%40Ideal.jpg?w=640&#038;ssl=1\" alt=\"Ahorros y planes de pensiones\" data-src=\"https:\/\/s2.ppllstatics.com\/ideal\/www\/multimedia\/2023\/09\/07\/carmen_calvo-kXIC--208x112@Ideal.jpg\" \/><\/div>\n<div class=\"v-d-cmp-chp__c\">\n<p class=\"v-d-cmp-chp__pre-t\">Carmen Calvo\u00a0<span class=\"v-d-cmp-chp__nd-pre-t\">PSOE<\/span><\/p>\n<\/div>\n<h3 class=\"v-d-cmp-chp__t\">Ahorros y planes de pensiones<\/h3>\n<\/header>\n<\/div>\n<\/div>\n<p class=\"v-p\" style=\"text-align: justify;\">La veterana diputada socialista es, seg\u00fan las declaraciones de bienes, la segunda de la provincia que m\u00e1s dinero tiene ahorrado en sus cuentas bancarias, con un saldo total que alcanza los 165.869 euros, solo por detr\u00e1s de lo acumulado por el popular Pablo Hisp\u00e1n. Adem\u00e1s, tambi\u00e9n es de las m\u00e1s preocupadas por el futuro, ya que cuenta con dos planes de pensiones en distintas entidades y un seguro de vida aparte que suman 128.066 euros. Ostenta la propiedad de dos inmuebles y un garaje, tiene un Nissan Micra y el a\u00f1o pasado pag\u00f3 25.344,5 euros en su declaraci\u00f3n de la renta.<\/p>\n<div class=\"v-adv  v-adv--ly\" style=\"text-align: justify;\">\n<div class=\"v-adv__item \">\n<div id=\"layer_inpage-id\" data-voc-vam=\"\" data-voc-vam-position=\"layer_inpage\" data-google-query-id=\"CLqe4NSDmYEDFUuIhQodfu0NWg\" data-voc-vam-displayed=\"true\">\n<div id=\"google_ads_iframe_\/4900\/vocento.ideal\/granada_6__container__\">\u00a0<\/div>\n<\/div>\n<\/div>\n<\/div>\n<div class=\"v-c-cmp \" style=\"text-align: justify;\">\n<div class=\"v-d-cmp-chp\">\n<header class=\"v-d-cmp-chp__h\">\n<div class=\"v-d-cmp-chp__image\"><img data-recalc-dims=\"1\" decoding=\"async\" class=\"v-d-cmp-chp__img\" src=\"https:\/\/i0.wp.com\/s1.ppllstatics.com\/ideal\/www\/multimedia\/2023\/09\/07\/jacobo_robatto-kXIC--208x112%40Ideal.jpg?w=640&#038;ssl=1\" alt=\"El m\u00e1s aficionado a los veh\u00edculos a motor\" data-src=\"https:\/\/s1.ppllstatics.com\/ideal\/www\/multimedia\/2023\/09\/07\/jacobo_robatto-kXIC--208x112@Ideal.jpg\" \/><\/div>\n<div class=\"v-d-cmp-chp__c\">\n<p class=\"v-d-cmp-chp__pre-t\">Jacobo Gonz\u00e1lez-Robatto\u00a0<span class=\"v-d-cmp-chp__nd-pre-t\">Vox<\/span><\/p>\n<\/div>\n<h3 class=\"v-d-cmp-chp__t\">El m\u00e1s aficionado a los veh\u00edculos a motor<\/h3>\n<\/header>\n<\/div>\n<\/div>\n<p class=\"v-p\" style=\"text-align: justify;\">El parlamentario de Vox resulta ser el que m\u00e1s veh\u00edculos en propiedad tiene, con hasta cuatro. En concreto, se cuentan dos coches y dos motos. Los primeros, un Land Rover y un Jeep; las segundas, una BMW y una Harley Davidson. Gonz\u00e1lez-Robatto tiene ahorrados 124.588 euros en sus cuentas bancarias y tuvo que pagar a Hacienda un total de 12.826,43 euros en el \u00faltimo ejercicio fiscal. Adem\u00e1s, posee 73.277,6 euros en acciones de una sociedad de inversi\u00f3n en la que tambi\u00e9n participan otros miembros de su familia.<\/p>\n<div class=\"v-c-cmp \" style=\"text-align: justify;\">\n<div class=\"v-d-cmp-chp\">\n<header class=\"v-d-cmp-chp__h\">\n<div class=\"v-d-cmp-chp__image\"><img data-recalc-dims=\"1\" decoding=\"async\" class=\"v-d-cmp-chp__img\" src=\"https:\/\/i0.wp.com\/s2.ppllstatics.com\/ideal\/www\/multimedia\/2023\/09\/07\/pablo_hispan-kXIC--208x112%40Ideal.jpg?w=640&#038;ssl=1\" alt=\"El diputado que roza el mill\u00f3n\" data-src=\"https:\/\/s2.ppllstatics.com\/ideal\/www\/multimedia\/2023\/09\/07\/pablo_hispan-kXIC--208x112@Ideal.jpg\" \/><\/div>\n<div class=\"v-d-cmp-chp__c\">\n<p class=\"v-d-cmp-chp__pre-t\">Pablo Hisp\u00e1n\u00a0<span class=\"v-d-cmp-chp__nd-pre-t\">PP<\/span><\/p>\n<\/div>\n<h3 class=\"v-d-cmp-chp__t\">El diputado que roza el mill\u00f3n<\/h3>\n<\/header>\n<\/div>\n<\/div>\n<p class=\"v-p\" style=\"text-align: justify;\">El diputado popular es el que muestra la mejor situaci\u00f3n econ\u00f3mica en foto fija, ya que el saldo de sus cuentas corrientes alcanza los 600.000 euros, a los que hay que sumar otros 300.000 euros que provienen de una tercera parte de la propiedad de una comunidad de bienes. Adem\u00e1s, posee una vivienda y una casa con olivar. Es el segundo de los once diputados y senadores de Granada que m\u00e1s pag\u00f3 en la \u00faltima declaraci\u00f3n de la renta: 40.117,93 euros. Solo Carlos Rojas, tambi\u00e9n diputado popular, asumi\u00f3 una cantidad m\u00e1s elevada.<\/p>\n<div class=\"v-c-cmp \" style=\"text-align: justify;\">\n<div class=\"v-d-cmp-chp\">\n<header class=\"v-d-cmp-chp__h\">\n<div class=\"v-d-cmp-chp__image\"><img data-recalc-dims=\"1\" decoding=\"async\" class=\"v-d-cmp-chp__img\" src=\"https:\/\/i0.wp.com\/s1.ppllstatics.com\/ideal\/www\/multimedia\/2023\/09\/07\/lourdes_grande-kXIC--208x112%40Ideal.jpg?w=640&#038;ssl=1\" alt=\"La \u00fanica que no tiene una vivienda en propiedad\" data-src=\"https:\/\/s1.ppllstatics.com\/ideal\/www\/multimedia\/2023\/09\/07\/lourdes_grande-kXIC--208x112@Ideal.jpg\" \/><\/div>\n<div class=\"v-d-cmp-chp__c\">\n<p class=\"v-d-cmp-chp__pre-t\">Mar\u00eda Lourdes Ram\u00edrez\u00a0<span class=\"v-d-cmp-chp__nd-pre-t\">PP<\/span><\/p>\n<\/div>\n<h3 class=\"v-d-cmp-chp__t\">La \u00fanica que no tiene una vivienda en propiedad<\/h3>\n<\/header>\n<\/div>\n<\/div>\n<p class=\"v-p\" style=\"text-align: justify;\">La diputada popular Mar\u00eda Lourdes Ram\u00edrez es la que presenta la declaraci\u00f3n de bienes m\u00e1s escueta de todo el elenco granadino. Solo declar\u00f3 ss 30.688,42 de salario como concejala, los 6.511,9 euros de su declaraci\u00f3n del IRPF y un saldo positivo de 3.571,87 euros en sus cuentas corrientes. Adem\u00e1s, tiene un BMW Serie 2.<\/p>\n<div class=\"v-c-cmp \" style=\"text-align: justify;\">\n<div class=\"v-d-cmp-chp\">\n<header class=\"v-d-cmp-chp__h\">\n<div class=\"v-d-cmp-chp__image\"><img data-recalc-dims=\"1\" decoding=\"async\" class=\"v-d-cmp-chp__img\" src=\"https:\/\/i0.wp.com\/s1.ppllstatics.com\/ideal\/www\/multimedia\/2023\/09\/07\/jun_baby-kXIC--208x112%40Ideal.jpg?w=640&#038;ssl=1\" alt=\"El que ayud\u00f3 a financiar la campa\u00f1a de su partido\" data-src=\"https:\/\/s1.ppllstatics.com\/ideal\/www\/multimedia\/2023\/09\/07\/jun_baby-kXIC--208x112@Ideal.jpg\" \/><\/div>\n<div class=\"v-d-cmp-chp__c\">\n<p class=\"v-d-cmp-chp__pre-t\">Jos\u00e9 Antonio Rodr\u00edguez Salas\u00a0<span class=\"v-d-cmp-chp__nd-pre-t\">PSOE<\/span><\/p>\n<\/div>\n<h3 class=\"v-d-cmp-chp__t\">El que ayud\u00f3 a financiar la campa\u00f1a de su partido<\/h3>\n<\/header>\n<\/div>\n<\/div>\n<p class=\"v-p\" style=\"text-align: justify;\">El exalcalde de Jun declara poseer, adem\u00e1s de su vivienda habitual y otros dos inmuebles de los que ostenta titularidad parcial, acciones de poco valor en empresas como Atresmedia, Santander o Telef\u00f3nica. Arrastra una hipoteca de la que le quedan por pagar 25.974 euros, mientras se prepara para el futuro con dos planes de pensiones por valor de 37.297 euros. Los dos coches de Rodr\u00edguez Salas son un Tesla Model S y un Volkswagen EOS. En el banco tiene 7.455 euros. Puso 3.000 euros para la campa\u00f1a de los socialistas de cara al 23J.<\/p>\n<div class=\"v-c-cmp \" style=\"text-align: justify;\">\n<div class=\"v-d-cmp-chp\">\n<header class=\"v-d-cmp-chp__h\">\n<div class=\"v-d-cmp-chp__image\"><img data-recalc-dims=\"1\" decoding=\"async\" class=\"v-d-cmp-chp__img\" src=\"https:\/\/i0.wp.com\/s2.ppllstatics.com\/ideal\/www\/multimedia\/2023\/09\/07\/carlos_rojas-kXIC--208x112%40Ideal.JPG?w=640&#038;ssl=1\" alt=\"La declaraci\u00f3n m\u00e1s abultada y los ingresos por alquiler\" data-src=\"https:\/\/s2.ppllstatics.com\/ideal\/www\/multimedia\/2023\/09\/07\/carlos_rojas-kXIC--208x112@Ideal.JPG\" \/><\/div>\n<div class=\"v-d-cmp-chp__c\">\n<p class=\"v-d-cmp-chp__pre-t\">Carlos Rojas\u00a0<span class=\"v-d-cmp-chp__nd-pre-t\">PP<\/span><\/p>\n<\/div>\n<h3 class=\"v-d-cmp-chp__t\">La declaraci\u00f3n m\u00e1s abultada y los ingresos por alquiler<\/h3>\n<\/header>\n<\/div>\n<\/div>\n<p class=\"v-p\" style=\"text-align: justify;\">El veterano parlamentario popular Carlos Rojas es el que presenta la declaraci\u00f3n de bienes m\u00e1s abultada de entre los once diputados y senadores por Granada. Es el que m\u00e1s dinero pag\u00f3 a Hacienda de entre ellos, con 43.418 euros en el \u00faltimo ejercicio. Destaca adem\u00e1s que declar\u00f3 unos ingreses por el cobro de alquileress de bienes inmuebles por valor de 24.390 euros en el a\u00f1o previo, adem\u00e1s de unos ingresos de 258.320 euros por la venta de una finca r\u00fastica y un local comercial que recibi\u00f3 parcialmente tras una herencia. En t\u00e9rminos de propiedad, posee o participa de seis inmuebes urbanos, entre viviendas y cocheras, adem\u00e1s de otros tres de tipo r\u00fastico. Tambi\u00e9n diversifica su cartera con acciones o participaciones en empresas familiares, adem\u00e1s de poseer acciones en m\u00e1s de una decena de compa\u00f1\u00edas por valor de 291.127 euros. Por la parte de las deudas tambi\u00e9n presenta el montante m\u00e1s abultado de entre los once representantes p\u00fablicos granadinos: un total de siete pr\u00e9stamos, entre hipotecarios y personales, de los que restan por pagar hasta 692.810 euros.<\/p>\n<div class=\"v-c-cmp \" style=\"text-align: justify;\">\n<div class=\"v-d-cmp-chp\">\n<header class=\"v-d-cmp-chp__h\">\n<div class=\"v-d-cmp-chp__image\"><img data-recalc-dims=\"1\" decoding=\"async\" class=\"v-d-cmp-chp__img\" src=\"https:\/\/i0.wp.com\/s2.ppllstatics.com\/ideal\/www\/multimedia\/2023\/09\/07\/martina_velar-kXIC--208x112%40Ideal.jpg?w=640&#038;ssl=1\" alt=\"Un piso en la playa y una deuda pendiente\" data-src=\"https:\/\/s2.ppllstatics.com\/ideal\/www\/multimedia\/2023\/09\/07\/martina_velar-kXIC--208x112@Ideal.jpg\" \/><\/div>\n<div class=\"v-d-cmp-chp__c\">\n<p class=\"v-d-cmp-chp__pre-t\">Martina Velarde\u00a0<span class=\"v-d-cmp-chp__nd-pre-t\">Sumar<\/span><\/p>\n<\/div>\n<h3 class=\"v-d-cmp-chp__t\">Un piso en la playa y una deuda pendiente<\/h3>\n<\/header>\n<\/div>\n<\/div>\n<p class=\"v-p\" style=\"text-align: justify;\">La \u00fanica diputada de Sumar por la provincia, Martina Velarde, tambi\u00e9n presenta una escueta declaraci\u00f3n de bienes, en la que solo figura su salario del a\u00f1o previo (57.519,26 euros), un piso en Rota (C\u00e1diz) del que le quedan por pagar 92.650,32 eurosy unRenault M\u00e9gane. Pag\u00f3 m\u00e1s de quince mil euros en la declaraci\u00f3n de la renta del a\u00f1o pasado y sus ahorros alcanzan la cantidad de 40.900 euros.<\/p>\n<div class=\"v-c-cmp v-n-mrg\" style=\"text-align: justify;\">\n<h3 class=\"v-d-cmp-sub-hl\">Los cuatro senadores por Granada<\/h3>\n<\/div>\n<div class=\"v-c-cmp \" style=\"text-align: justify;\">\n<div class=\"v-d-cmp-chp\">\n<header class=\"v-d-cmp-chp__h\">\n<div class=\"v-d-cmp-chp__image\"><img data-recalc-dims=\"1\" decoding=\"async\" class=\"v-d-cmp-chp__img\" src=\"https:\/\/i0.wp.com\/s3.ppllstatics.com\/ideal\/www\/multimedia\/2023\/09\/07\/azpitarte-kXIC--208x112%40Ideal.jpg?w=640&#038;ssl=1\" alt=\"Acciones en empresas, hipoteca y un Smart\" data-src=\"https:\/\/s3.ppllstatics.com\/ideal\/www\/multimedia\/2023\/09\/07\/azpitarte-kXIC--208x112@Ideal.jpg\" \/><\/div>\n<div class=\"v-d-cmp-chp__c\">\n<p class=\"v-d-cmp-chp__pre-t\">Vicente Azpitarte\u00a0<span class=\"v-d-cmp-chp__nd-pre-t\">PP<\/span><\/p>\n<\/div>\n<h3 class=\"v-d-cmp-chp__t\">Acciones en empresas, hipoteca y un Smart<\/h3>\n<\/header>\n<\/div>\n<\/div>\n<p class=\"v-p\" style=\"text-align: justify;\">El que fuera delegado de la Junta de Andaluc\u00eda en Madrid, un trabajo que le report\u00f3 57.516 euros en el \u00faltimo ejercicio, cerr\u00f3 el a\u00f1o fiscal pagando 14.699 euros, seg\u00fan su declaraci\u00f3n de bienes y rentas. Adem\u00e1s de su vivienda familiar y una hipoteca de m\u00e1s de trescientos mil euros, tiene un total de 3.352 acciones repartidas entre seis empresas y debe hacer frente a otros dos pr\u00e9stamos por valor de 28.889 euros. Sus ahorros en el banco ascienden a 10.500 euros. Tiene un Smart el\u00e9ctrico.<\/p>\n<div class=\"v-c-cmp \" style=\"text-align: justify;\">\n<div class=\"v-d-cmp-chp\">\n<header class=\"v-d-cmp-chp__h\">\n<div class=\"v-d-cmp-chp__image\"><img data-recalc-dims=\"1\" decoding=\"async\" class=\"v-d-cmp-chp__img\" src=\"https:\/\/i0.wp.com\/s3.ppllstatics.com\/ideal\/www\/multimedia\/2023\/09\/07\/joaquin_camacho-kXIC--208x112%40Ideal.jpg?w=640&#038;ssl=1\" alt=\"El \u00fanico representante granadino que no tiene coche\" data-src=\"https:\/\/s3.ppllstatics.com\/ideal\/www\/multimedia\/2023\/09\/07\/joaquin_camacho-kXIC--208x112@Ideal.jpg\" \/><\/div>\n<div class=\"v-d-cmp-chp__c\">\n<p class=\"v-d-cmp-chp__pre-t\">Joaqu\u00edn Camacho\u00a0<span class=\"v-d-cmp-chp__nd-pre-t\">PP<\/span><\/p>\n<\/div>\n<h3 class=\"v-d-cmp-chp__t\">El \u00fanico representante granadino que no tiene coche<\/h3>\n<\/header>\n<\/div>\n<\/div>\n<p class=\"v-p\" style=\"text-align: justify;\">Junto a la de Lourdes Ram\u00edrez, la del senador Joaqu\u00edn Camacho es la m\u00e1s escueta de entre todo el elenco de representantes institucionales de la provincia.Es el \u00fanico adem\u00e1s que no posee un veh\u00edculo en propiedad. Sobre su vivienda habitual hizo una obra de reforma para la que pidi\u00f3 un pr\u00e9stamo personal, del que todav\u00eda le quedan por pagar hasta 24.273,53 euros. Su salario hasta ahora era de 49.543,23 euros, y sus ahorros en cuentas corrientes alcanzan la cantidad de 36.468,46 euros.<\/p>\n<div class=\"v-c-cmp \" style=\"text-align: justify;\">\n<div class=\"v-d-cmp-chp\">\n<header class=\"v-d-cmp-chp__h\">\n<div class=\"v-d-cmp-chp__image\"><img data-recalc-dims=\"1\" decoding=\"async\" class=\"v-d-cmp-chp__img\" src=\"https:\/\/i0.wp.com\/s3.ppllstatics.com\/ideal\/www\/multimedia\/2023\/09\/07\/entrena-kXIC--208x112%40Ideal.JPG?w=640&#038;ssl=1\" alt=\"El sueldo m\u00e1s alto y una cartera de inmuebles\" data-src=\"https:\/\/s3.ppllstatics.com\/ideal\/www\/multimedia\/2023\/09\/07\/entrena-kXIC--208x112@Ideal.JPG\" \/><\/div>\n<div class=\"v-d-cmp-chp__c\">\n<p class=\"v-d-cmp-chp__pre-t\">Jos\u00e9 Entrena\u00a0<span class=\"v-d-cmp-chp__nd-pre-t\">PSOE<\/span><\/p>\n<\/div>\n<h3 class=\"v-d-cmp-chp__t\">El sueldo m\u00e1s alto y una cartera de inmuebles<\/h3>\n<\/header>\n<\/div>\n<\/div>\n<p class=\"v-p\" style=\"text-align: justify;\">El expresidente de la Diputaci\u00f3n de Granada declar\u00f3 los rendimientos del trabajo m\u00e1s elevados de la provincia, de 73.203,88 euros. Tiene propiedad en cuatro viviendas, un trastero, una plaza de aparcamiento y un olivar. En su cuenta corriente hay 130.000 euros, y guarda para el futuro con un plan de jubilaci\u00f3n por valor de 50.000 euros.<\/p>\n<div class=\"v-c-cmp \" style=\"text-align: justify;\">\n<div class=\"v-d-cmp-chp\">\n<header class=\"v-d-cmp-chp__h\">\n<div class=\"v-d-cmp-chp__image\"><img data-recalc-dims=\"1\" decoding=\"async\" class=\"v-d-cmp-chp__img\" src=\"https:\/\/i0.wp.com\/s1.ppllstatics.com\/ideal\/www\/multimedia\/2023\/09\/07\/eva_martin-kXIC--208x112%40Ideal.jpg?w=640&#038;ssl=1\" alt=\"La que concentra mayor n\u00famero de propiedades\" data-src=\"https:\/\/s1.ppllstatics.com\/ideal\/www\/multimedia\/2023\/09\/07\/eva_martin-kXIC--208x112@Ideal.jpg\" \/><\/div>\n<div class=\"v-d-cmp-chp__c\">\n<p class=\"v-d-cmp-chp__pre-t\">Eva Mart\u00edn\u00a0<span class=\"v-d-cmp-chp__nd-pre-t\">PP<\/span><\/p>\n<\/div>\n<h3 class=\"v-d-cmp-chp__t\">La que concentra mayor n\u00famero de propiedades<\/h3>\n<\/header>\n<\/div>\n<\/div>\n<p class=\"v-p\" style=\"text-align: justify;\">La ahora senadora y antes concejala en el Ayuntamiento de la capital, Eva Mart\u00edn P\u00e9rez, es de lejos la representante granadina que participa de mayor n\u00famero de propiedades inmobiliarias. Hasta diecis\u00e9is distintas se pueden contar en su declaraci\u00f3n de bienes e intereses, aunque de muchas de ellas solo posee una titularidad parcial. Entre ellas hay tres pisos, cinco plazas de aparcamiento, dos trasteros, cinco locales comerciales y hasta una nave industrial. El saldo de sus cuentas corrientes es de 67.043,1 euros, mientras que arrastra una hipoteca de la que todav\u00eda tendr\u00e1 que pagar 134.655,16 euros.<\/p>\n<div class=\"v-c-cmp v-n-mrg\" style=\"text-align: justify;\">\n<h3 class=\"v-d-cmp-sub-hl\">Senadores auton\u00f3micos<\/h3>\n<\/div>\n<div class=\"v-c-cmp \" style=\"text-align: justify;\">\n<div class=\"v-d-cmp-chp\">\n<header class=\"v-d-cmp-chp__h\">\n<div class=\"v-d-cmp-chp__image\"><img data-recalc-dims=\"1\" decoding=\"async\" class=\"v-d-cmp-chp__img\" src=\"https:\/\/i0.wp.com\/s3.ppllstatics.com\/ideal\/www\/multimedia\/2023\/09\/07\/pp1.jpg?w=640&#038;ssl=1\" alt=\"Herencias, ahorros y una hipoteca por pagar\" data-src=\"https:\/\/s3.ppllstatics.com\/ideal\/www\/multimedia\/2023\/09\/07\/pp1.jpg\" \/><\/div>\n<div class=\"v-d-cmp-chp__c\">\n<p class=\"v-d-cmp-chp__pre-t\">Inmaculada Hern\u00e1ndez\u00a0<span class=\"v-d-cmp-chp__nd-pre-t\">PP<\/span><\/p>\n<\/div>\n<h3 class=\"v-d-cmp-chp__t\">Herencias, ahorros y una hipoteca por pagar<\/h3>\n<\/header>\n<\/div>\n<\/div>\n<p class=\"v-p\" style=\"text-align: justify;\">La que fuera alcaldesa de La Zubia y delegada de Justicia, incluye en su declaraci\u00f3n de bienes en el Senado seis bienes inmuebles \u2013cinco de ellos procedentes de herencias\u2013. Cuenta tambi\u00e9n con la propiedad de dos coches, de los a\u00f1os 2015 y 2016. Y cuenta con un cr\u00e9dito hipotecario del a\u00f1o 2003, que solicit\u00f3 por importe de 140.000 euros. Sus percepciones salariales declaradas son de 52.848 euros. Y en su cuenta declara 101.043 euros.<\/p>\n<div class=\"v-c-cmp \" style=\"text-align: justify;\">\n<div class=\"v-d-cmp-chp\">\n<header class=\"v-d-cmp-chp__h\">\n<div class=\"v-d-cmp-chp__image\"><img data-recalc-dims=\"1\" decoding=\"async\" class=\"v-d-cmp-chp__img\" src=\"https:\/\/i0.wp.com\/s3.ppllstatics.com\/ideal\/www\/multimedia\/2023\/09\/07\/vox.jpg?w=640&#038;ssl=1\" alt=\"Ahorros y un coche de segunda mano\" data-src=\"https:\/\/s3.ppllstatics.com\/ideal\/www\/multimedia\/2023\/09\/07\/vox.jpg\" \/><\/div>\n<div class=\"v-d-cmp-chp__c\">\n<p class=\"v-d-cmp-chp__pre-t\">Paloma G\u00f3mez\u00a0<span class=\"v-d-cmp-chp__nd-pre-t\">Vox<\/span><\/p>\n<\/div>\n<h3 class=\"v-d-cmp-chp__t\">Ahorros y un coche de segunda mano<\/h3>\n<\/header>\n<\/div>\n<\/div>\n<p class=\"v-p\" style=\"text-align: justify;\">La ahora senadora fue concejala durante un breve periodo de tiempo en el Ayuntamiento de Granada. Iba en la lista al Congreso, pero no result\u00f3 elegida como diputada. Paloma G\u00f3mez es abogada especializada en Derecho de Extranjer\u00eda y asesora jur\u00eddica en Italia. En su declaraci\u00f3n de bienes declara haber pagado 1939,25 en concepto de IRPF este a\u00f1o. En su cuenta corriente tiene 33.500 euros y declara la posesi\u00f3n de un Fiat 500 de segunda mano que adquiri\u00f3 en diciembre de 2022.<\/p>\n<p style=\"text-align: justify;\"><strong><a href=\"https:\/\/www.ideal.es\/autor\/juanjo-cerero-1525.html\">Juanjo Cerero<\/a><\/strong><\/p>\n<\/div>\n<p><span class=\"v-fc__text\">FOTO: <\/span><span class=\"v-fc__text\">Sesi\u00f3n del Congreso de los Diputados, en una imagen de archivo.<\/span>\u00a0<span class=\"v-fc__ath\">IDEAL<\/span><\/p>\n<p><a href=\"https:\/\/www.ideal.es\/granada\/publican-declaraciones-bienes-diputados-senadores-granada-20230907170728-nt.html\">Publican las declaraciones de bienes de los diputados y senadores de Granada | Ideal<\/a><\/p>\n","protected":false},"excerpt":{"rendered":"<p>Entre los representantes p\u00fablicos de la provincia se cuentan desde casi millonarios hasta algunos que&#8230;<\/p>\n","protected":false},"author":1,"featured_media":63023,"comment_status":"closed","ping_status":"closed","sticky":false,"template":"","format":"standard","meta":{"_coblocks_attr":"","_coblocks_dimensions":"","_coblocks_responsive_height":"","_coblocks_accordion_ie_support":"","jetpack_post_was_ever_published":false,"_jetpack_newsletter_access":"","_jetpack_dont_email_post_to_subs":false,"_jetpack_newsletter_tier_id":0,"_jetpack_memberships_contains_paywalled_content":false,"_jetpack_memberships_contains_paid_content":false,"footnotes":"","jetpack_publicize_message":"","jetpack_publicize_feature_enabled":true,"jetpack_social_post_already_shared":false,"jetpack_social_options":{"image_generator_settings":{"template":"highway","default_image_id":0,"enabled":false},"version":2}},"categories":[1161,10781,7671],"tags":[10605,129,10604],"class_list":["post-63022","post","type-post","status-publish","format-standard","has-post-thumbnail","hentry","category-ciudadania","category-granada","category-politica","tag-declaracion-de-bienes","tag-granada","tag-ley-de-transparencia"],"jetpack_publicize_connections":[],"jetpack_featured_media_url":"https:\/\/i0.wp.com\/miradordeatarfe.es\/wp-content\/uploads\/2023\/09\/congreso_ideal-kXIC-U210102645886czC-758x531%40Ideal.jpg?fit=758%2C531&ssl=1","jetpack_likes_enabled":true,"jetpack_sharing_enabled":true,"_links":{"self":[{"href":"https:\/\/miradordeatarfe.es\/index.php?rest_route=\/wp\/v2\/posts\/63022","targetHints":{"allow":["GET"]}}],"collection":[{"href":"https:\/\/miradordeatarfe.es\/index.php?rest_route=\/wp\/v2\/posts"}],"about":[{"href":"https:\/\/miradordeatarfe.es\/index.php?rest_route=\/wp\/v2\/types\/post"}],"author":[{"embeddable":true,"href":"https:\/\/miradordeatarfe.es\/index.php?rest_route=\/wp\/v2\/users\/1"}],"replies":[{"embeddable":true,"href":"https:\/\/miradordeatarfe.es\/index.php?rest_route=%2Fwp%2Fv2%2Fcomments&post=63022"}],"version-history":[{"count":1,"href":"https:\/\/miradordeatarfe.es\/index.php?rest_route=\/wp\/v2\/posts\/63022\/revisions"}],"predecessor-version":[{"id":63024,"href":"https:\/\/miradordeatarfe.es\/index.php?rest_route=\/wp\/v2\/posts\/63022\/revisions\/63024"}],"wp:featuredmedia":[{"embeddable":true,"href":"https:\/\/miradordeatarfe.es\/index.php?rest_route=\/wp\/v2\/media\/63023"}],"wp:attachment":[{"href":"https:\/\/miradordeatarfe.es\/index.php?rest_route=%2Fwp%2Fv2%2Fmedia&parent=63022"}],"wp:term":[{"taxonomy":"category","embeddable":true,"href":"https:\/\/miradordeatarfe.es\/index.php?rest_route=%2Fwp%2Fv2%2Fcategories&post=63022"},{"taxonomy":"post_tag","embeddable":true,"href":"https:\/\/miradordeatarfe.es\/index.php?rest_route=%2Fwp%2Fv2%2Ftags&post=63022"}],"curies":[{"name":"wp","href":"https:\/\/api.w.org\/{rel}","templated":true}]}}