{"id":63098,"date":"2023-09-25T09:38:21","date_gmt":"2023-09-25T07:38:21","guid":{"rendered":"https:\/\/miradordeatarfe.es\/?p=63098"},"modified":"2023-09-12T17:36:14","modified_gmt":"2023-09-12T15:36:14","slug":"carlos-saura-frente-al-espejo-las-memorias-inacabadas-del-gran-director","status":"publish","type":"post","link":"https:\/\/miradordeatarfe.es\/?p=63098","title":{"rendered":"Carlos Saura frente al espejo: las memorias inacabadas del gran director"},"content":{"rendered":"<h3 class=\"a_st\" style=\"text-align: justify;\">Aunque Carlos Saura siempre sostuvo que no perder\u00eda el tiempo redactando sus memorias, al final lo hizo. \u2018De im\u00e1genes tambi\u00e9n se vive\u2019 es el relato, en texto e im\u00e1genes (procedentes del archivo personal del cineasta), de una vida de pasi\u00f3n por el cine, por la fotograf\u00eda la pintura y la m\u00fasica&#8230;<\/h3>\n<div class=\"a_c clearfix\" data-dtm-region=\"articulo_cuerpo\">\n<p class=\"\" style=\"text-align: justify;\">Aunque en alguna ocasi\u00f3n asegur\u00f3 que no perder\u00eda el tiempo escribiendo sus memorias, Carlos Saura se acab\u00f3 traicionando a s\u00ed mismo y tres a\u00f1os antes de su muerte (<a href=\"https:\/\/elpais.com\/cultura\/2023-02-10\/muere-carlos-saura-a-los-91-anos-el-ultimo-director-clasico-del-cine-espanol.html\" target=\"_blank\" rel=\"noopener\" data-link-track-dtm=\"\" data-mrf-link=\"https:\/\/elpais.com\/cultura\/2023-02-10\/muere-carlos-saura-a-los-91-anos-el-ultimo-director-clasico-del-cine-espanol.html\">falleci\u00f3 el 10 de febrero de 2023, a los 91 a\u00f1os<\/a>) empez\u00f3 a redactarlas. En su descargo hay que decir que seguramente no lo hubiese hecho sin el insospechado desaf\u00edo de una pandemia. La <a href=\"https:\/\/elpais.com\/ideas\/2020-03-30\/estar-confinado-y-solo-lo-que-esta-crisis-revela-del-gran-mal-oculto-de-nuestra-epoca.html\" target=\"_blank\" rel=\"noopener\" data-link-track-dtm=\"\" data-mrf-link=\"https:\/\/elpais.com\/ideas\/2020-03-30\/estar-confinado-y-solo-lo-que-esta-crisis-revela-del-gran-mal-oculto-de-nuestra-epoca.html\">soledad impuesta<\/a>, especialmente cruenta con los ancianos, coloc\u00f3 al cineasta ante su propio espejo. Saura titul\u00f3 esas memorias, que ahora se publican, <i>De im\u00e1genes tambi\u00e9n se vive<\/i> (Taurus). Trabaj\u00f3 en ellas hasta sus \u00faltimos d\u00edas, aunque no las acab\u00f3. Su estilo fragmentado responde al propio car\u00e1cter de su autor, a su vida entre sue\u00f1os, y a que, como su hermano, el pintor Antonio Saura, ten\u00eda \u201cla man\u00eda de llenar tableros de corcho de una iconograf\u00eda particular\u201d.<\/p>\n<figure class=\"a_m a_m-h \" style=\"text-align: justify;\"><span class=\"_db a_m_w _pr lb_btn\"><img data-recalc-dims=\"1\" loading=\"lazy\" decoding=\"async\" class=\"_re lazyload a_m-h\" src=\"https:\/\/i0.wp.com\/imagenes.elpais.com\/resizer\/0mzSdUk7tjhIWJpUvLqoEiYC9kY%3D\/414x0\/cloudfront-eu-central-1.images.arcpublishing.com\/prisa\/OOV6XYCDVNCRDD53777IFYV5BM.jpg?resize=414%2C286&#038;ssl=1\" srcset=\"https:\/\/imagenes.elpais.com\/resizer\/0mzSdUk7tjhIWJpUvLqoEiYC9kY=\/414x0\/cloudfront-eu-central-1.images.arcpublishing.com\/prisa\/OOV6XYCDVNCRDD53777IFYV5BM.jpg 414w,https:\/\/imagenes.elpais.com\/resizer\/zYt_UjqYZaREC2MSKwEJ2A-s4LU=\/828x0\/cloudfront-eu-central-1.images.arcpublishing.com\/prisa\/OOV6XYCDVNCRDD53777IFYV5BM.jpg 640w,https:\/\/imagenes.elpais.com\/resizer\/gKe5tkJc8g6wEb8DrTloSVAMVrI=\/980x0\/cloudfront-eu-central-1.images.arcpublishing.com\/prisa\/OOV6XYCDVNCRDD53777IFYV5BM.jpg 1000w,https:\/\/imagenes.elpais.com\/resizer\/7ax8PWbn17pxv4hd1H83Uw5dfjA=\/1960x0\/cloudfront-eu-central-1.images.arcpublishing.com\/prisa\/OOV6XYCDVNCRDD53777IFYV5BM.jpg 1960w\" alt=\"En compa\u00f1\u00eda del productor El\u00edas Querejeta (centro) y del director V\u00edctor Erice, en una fotograf\u00eda sin datar. \" width=\"414\" height=\"286\" \/><\/span><figcaption class=\"a_m_p\">En compa\u00f1\u00eda del productor El\u00edas Querejeta (centro) y del director V\u00edctor Erice, en una fotograf\u00eda sin datar. <span class=\"a_m_m\">Archivo personal de Carlos Saura<\/span><\/figcaption><\/figure>\n<p class=\"\" style=\"text-align: justify;\">Creador incansable que <a href=\"https:\/\/elpais.com\/cultura\/2023-02-14\/la-piel-de-fotografo-de-carlos-saura.html\" target=\"_blank\" rel=\"noopener\" data-link-track-dtm=\"\" data-mrf-link=\"https:\/\/elpais.com\/cultura\/2023-02-14\/la-piel-de-fotografo-de-carlos-saura.html\">se implic\u00f3 en proyectos esc\u00e9nicos y documentales hasta el final de su vida<\/a>, a Saura le gustaba bajar a Madrid desde su casa de Collado Mediano en el tren de Cercan\u00edas, pero con las alas cortadas por la alarma sanitaria global solo le qued\u00f3 volar por la memoria, repasando \u00e1lbumes y textos en el ordenador de su abigarrado estudio, un lugar repleto de c\u00e1maras, apuntes, postales, dibujos y fotograf\u00edas. Una habitaci\u00f3n con vistas que era el coraz\u00f3n de una casa y ese tablero visual de una vida: \u201cEse tablero se renueva de vez en cuando\u201d, escribe Saura en su libro, \u201cno solo cuando una convulsi\u00f3n sentimental da al traste con a\u00f1os de vida en com\u00fan y por lo tanto de recuerdos fotogr\u00e1ficos, sino porque de vez en cuando surge la imperiosa necesidad de renovar la iconograf\u00eda y ponerla al d\u00eda\u201d.<\/p>\n<figure class=\"a_m a_m-h \" style=\"text-align: justify;\"><span class=\"_db a_m_w _pr lb_btn\"><img data-recalc-dims=\"1\" loading=\"lazy\" decoding=\"async\" class=\"_re lazyload a_m-h\" src=\"https:\/\/i0.wp.com\/imagenes.elpais.com\/resizer\/TrEbFdDylDOkjpwZapgVYVgLR7I%3D\/414x0\/cloudfront-eu-central-1.images.arcpublishing.com\/prisa\/WMMJGRPDWJD4NFIOVG3VZCYRYU.jpg?resize=414%2C254&#038;ssl=1\" srcset=\"https:\/\/imagenes.elpais.com\/resizer\/TrEbFdDylDOkjpwZapgVYVgLR7I=\/414x0\/cloudfront-eu-central-1.images.arcpublishing.com\/prisa\/WMMJGRPDWJD4NFIOVG3VZCYRYU.jpg 414w,https:\/\/imagenes.elpais.com\/resizer\/yPq8aXL8k0PXYZHiPhHvaXS5JVE=\/828x0\/cloudfront-eu-central-1.images.arcpublishing.com\/prisa\/WMMJGRPDWJD4NFIOVG3VZCYRYU.jpg 640w,https:\/\/imagenes.elpais.com\/resizer\/KvGN7Gy-sFpAHM0dGZC3iwTO1iw=\/980x0\/cloudfront-eu-central-1.images.arcpublishing.com\/prisa\/WMMJGRPDWJD4NFIOVG3VZCYRYU.jpg 1000w,https:\/\/imagenes.elpais.com\/resizer\/MvtW-KqrpVlgVElv2thYhSldVBE=\/1960x0\/cloudfront-eu-central-1.images.arcpublishing.com\/prisa\/WMMJGRPDWJD4NFIOVG3VZCYRYU.jpg 1960w\" alt=\"Saura, cantando en una azotea junto con sus hermanas \u00c1ngeles (a la guitarra) y Pilar, en una imagen de 1962.  \" width=\"414\" height=\"254\" \/><\/span><figcaption class=\"a_m_p\">Saura, cantando en una azotea junto con sus hermanas \u00c1ngeles (a la guitarra) y Pilar, en una imagen de 1962. <span class=\"a_m_m\">Archivo personal de Carlos Saura<\/span><\/figcaption><\/figure>\n<p class=\"\" style=\"text-align: justify;\">En ese lugar, donde nunca faltaron animales y ni\u00f1os, el cineasta empez\u00f3 a desempolvar rincones de su infancia y primera juventud, m\u00e9dula de una existencia plena marcada por la sombra de la Guerra Civil, pero iluminada por los recuerdos de un hogar que sorte\u00f3 con m\u00fasica y juegos las terribles circunstancias. Saura recuerda c\u00f3mo su padre, vinculado al Gobierno de la II Rep\u00fablica, cuando el sitio de Madrid ya no daba tregua, improvis\u00f3 una hoguera en el sal\u00f3n con la madera de las puertas de la casa. Creci\u00f3 asustado por las bombas, pero bajo el amoroso amparo de sus padres, Fermina y Antonio; la complicidad y camarader\u00eda con su hermano mayor, Antonio, enfermo y postrado en la cama durante casi toda su adolescencia, y el afecto de sus hermanas, Mar\u00eda Pilar y \u00c1ngeles.<\/p>\n<p class=\"\" style=\"text-align: justify;\">En uno de los mejores pasajes de su libro, resume as\u00ed su paso por el mundo: \u201cCon el estado de \u00e1nimo de quien reconoce que la vida ha sido amable, y que ser\u00eda un desagradecido si no reconociera que hasta ahora los momentos placenteros han superado con creces aquellos otros dominados por la amargura y la desesperaci\u00f3n, ahora me encuentro, con 90 a\u00f1os en las espaldas y en otro siglo del que nac\u00ed, en condiciones de reflexionar sobre la persistencia de ciertas im\u00e1genes en la retina. Esas im\u00e1genes me han acompa\u00f1ado para recordarme que s\u00ed hay una respuesta a las grandes preguntas: \u00bfde d\u00f3nde vienes y ad\u00f3nde vas? Vengo de all\u00ed, de la guerra. Voy all\u00e1, hacia la muerte, y entre medias la vida de cada d\u00eda\u201d.<\/p>\n<figure class=\"a_m a_m-h \" style=\"text-align: justify;\"><span class=\"_db a_m_w _pr lb_btn\"><img data-recalc-dims=\"1\" loading=\"lazy\" decoding=\"async\" class=\"_re lazyload a_m-h\" src=\"https:\/\/i0.wp.com\/imagenes.elpais.com\/resizer\/5y4NENaNCe3It5TmVBQrLudc1bU%3D\/414x0\/cloudfront-eu-central-1.images.arcpublishing.com\/prisa\/7HKJW5QH7FBBPIJW6L5JBUEH5Q.jpg?resize=414%2C294&#038;ssl=1\" srcset=\"https:\/\/imagenes.elpais.com\/resizer\/5y4NENaNCe3It5TmVBQrLudc1bU=\/414x0\/cloudfront-eu-central-1.images.arcpublishing.com\/prisa\/7HKJW5QH7FBBPIJW6L5JBUEH5Q.jpg 414w,https:\/\/imagenes.elpais.com\/resizer\/5WH3aLdNeDoi7ehRGan-tluLE08=\/828x0\/cloudfront-eu-central-1.images.arcpublishing.com\/prisa\/7HKJW5QH7FBBPIJW6L5JBUEH5Q.jpg 640w,https:\/\/imagenes.elpais.com\/resizer\/tKiMYjYrpZjwy-wpPlnbWw2XEQo=\/980x0\/cloudfront-eu-central-1.images.arcpublishing.com\/prisa\/7HKJW5QH7FBBPIJW6L5JBUEH5Q.jpg 1000w,https:\/\/imagenes.elpais.com\/resizer\/WV4cDaQQbeqM_dEXrCnkA6LOPvU=\/1960x0\/cloudfront-eu-central-1.images.arcpublishing.com\/prisa\/7HKJW5QH7FBBPIJW6L5JBUEH5Q.jpg 1960w\" alt=\"Juego de espejos junto a Geraldine Chaplin, su pareja de entonces, en un hotel de Suiza en 1974. \" width=\"414\" height=\"294\" \/><\/span><figcaption class=\"a_m_p\">Juego de espejos junto a Geraldine Chaplin, su pareja de entonces, en un hotel de Suiza en 1974. <span class=\"a_m_m\">Archivo personal de Carlos Saura<\/span><\/figcaption><\/figure>\n<p class=\"\" style=\"text-align: justify;\">Desde muy joven, Saura mostr\u00f3 su inter\u00e9s por diferentes disciplinas art\u00edsticas. La fotograf\u00eda, la pintura y la m\u00fasica formaban parte del calor familiar. Pero <a href=\"https:\/\/elpais.com\/cultura\/2023-08-08\/sequia-sudor-y-calor-infernal-20-grandes-peliculas-con-temperaturas-del-averno.html\" target=\"_blank\" rel=\"noopener\" data-link-track-dtm=\"\" data-mrf-link=\"https:\/\/elpais.com\/cultura\/2023-08-08\/sequia-sudor-y-calor-infernal-20-grandes-peliculas-con-temperaturas-del-averno.html\">la pasi\u00f3n por el cine naci\u00f3 en la calle<\/a>, cuando en el Madrid pobre y apaleado de la posguerra el peque\u00f1o se escapaba a las sesiones de los cines de barrio cercanos a su casa familiar de la avenida de Men\u00e9ndez Pelayo para ver una y otra vez la versi\u00f3n de los a\u00f1os treinta de <i>El prisionero de Zenda<\/i>.<\/p>\n<p class=\"\" style=\"text-align: justify;\"><a href=\"https:\/\/elpais.com\/cultura\/2023-02-14\/memoria-de-guerra-y-dictadura-en-el-cine-de-saura.html\" target=\"_blank\" rel=\"noopener\" data-link-track-dtm=\"\" data-mrf-link=\"https:\/\/elpais.com\/cultura\/2023-02-14\/memoria-de-guerra-y-dictadura-en-el-cine-de-saura.html\">Saura evoca con precisi\u00f3n los primeros d\u00edas de la guerra<\/a>: los desfiles de milicianos con el pu\u00f1o en alto, las canciones, las ventanas de la ciudad cerradas y los juegos inocentes en un descampado contiguo a su edificio. Tambi\u00e9n el hambre y los muertos. Una experiencia traum\u00e1tica que acabar\u00e1 reflejada de forma aleg\u00f3rica en pel\u00edculas tempranas como<i> La caza<\/i> (1966), <i>El jard\u00edn de las delicias<\/i> (1970), o <i>La prima Ang\u00e9lica<\/i>, filme de 1974 seleccionado para el Festival de Cannes que hablaba de la contienda desde la memoria de los vencidos y que se convirti\u00f3 en diana medi\u00e1tica para la olla a presi\u00f3n de la ag\u00f3nica dictadura. La pel\u00edcula provoc\u00f3 tal revuelo que acab\u00f3 con el cese de dos ministros y algunos altercados ultras, incluida una bomba en la entrada del cine Balmes de Barcelona y un intento de robo de varios rollos de la pel\u00edcula en otro cine, el Amaya de Madrid. Seg\u00fan Saura, que escribi\u00f3 el guion con Rafael Azcona, fue una conocida frase de Valle-Incl\u00e1n la que le dio la clave narrativa que persegu\u00eda: \u201cLas cosas no son como las vemos, sino como las recordamos\u201d.<\/p>\n<p class=\"\" style=\"text-align: justify;\">Mucho antes de aquel suceso clave en la historia del cine espa\u00f1ol, la fotograf\u00eda le permiti\u00f3 ganarse la vida muy pronto y configur\u00f3 su manera de documentar la realidad y, por tanto, de filmar. Es imposible trazar el multifac\u00e9tico legado cinematogr\u00e1fico de Saura sin el eje de su ojo fotogr\u00e1fico. Su filmograf\u00eda, m\u00e1s de medio centenar de largometrajes y mediometrajes, responde a \u00e9pocas y tentativas muy dispares, con aciertos y tropiezos, \u00e9xitos internacionales incontestables y un homenaje final un d\u00eda despu\u00e9s de su muerte, <a href=\"https:\/\/elpais.com\/cultura\/2022-10-06\/carlos-saura-goya-de-honor-2023.html\" target=\"_blank\" rel=\"noopener\" data-link-track-dtm=\"\" data-mrf-link=\"https:\/\/elpais.com\/cultura\/2022-10-06\/carlos-saura-goya-de-honor-2023.html\">el Goya de Honor<\/a>, que sirvi\u00f3 de colof\u00f3n para catalizar la admiraci\u00f3n e influencia de su obra en las nuevas generaciones de cineastas.<\/p>\n<p class=\"\" style=\"text-align: justify;\">Fue vanguardista por vocaci\u00f3n, con un o\u00eddo desprejuiciado que conectaba con las ra\u00edces y modas populares y un instinto que le permit\u00eda avanzar sin miedo a cambiar y equivocarse. Entre sus pr\u00e1cticas para el Instituto de Investigaciones y Experiencias Cinematogr\u00e1ficas, embri\u00f3n de la Escuela Oficial de Cine, destaca el cortometraje que le vali\u00f3 el t\u00edtulo de fin de carrera, <i>La tarde del domingo<\/i>. Como en <i>Los golfos<\/i> (1960) o en <i>Deprisa, deprisa<\/i> (1981), a Saura le atra\u00eda el desasosiego y frustraci\u00f3n juvenil, su inmediatez emocional. Rodada en 1956, la pel\u00edcula se deten\u00eda en una criada, interpretada por Isana Medel, que combate su insignificancia dentro de una sociedad gris con el sue\u00f1o de cada domingo, salir con sus amigas e ir a uno de los locales de baile que entonces hab\u00eda en Madrid, concretamente, a uno de los m\u00e1s concurridos, situado en los bajos del cine Salamanca. <a href=\"https:\/\/elpais.com\/videos\/2023-02-10\/video-la-ultima-entrevista-en-video-de-carlos-saura-para-el-pais.html\" target=\"_blank\" rel=\"noopener\" data-link-track-dtm=\"\" data-mrf-link=\"https:\/\/elpais.com\/videos\/2023-02-10\/video-la-ultima-entrevista-en-video-de-carlos-saura-para-el-pais.html\">Saura sac\u00f3 a la calle una c\u00e1mara de 35 mil\u00edmetros<\/a>, algo excepcional en la Espa\u00f1a de entonces, y archiv\u00f3 la realidad de aquel lugar, como dos a\u00f1os despu\u00e9s har\u00eda con los documentales <i>Cuenca<\/i> o con su participaci\u00f3n en el malogrado <i>Carta de Sanabria<\/i>.<\/p>\n<p class=\"\" style=\"text-align: justify;\">Su obra est\u00e1 adem\u00e1s ligada a la colaboraci\u00f3n con las mujeres de su vida. Su primera esposa fue la profesora, escritora y directora Adela Medrano, madre de sus hijos mayores, Carlos y Antonio; la actriz Geraldine Chaplin, madre de su tercer hijo, Shane, trabaj\u00f3 estrechamente en una etapa crucial de su cine, aport\u00e1ndole un importante bagaje intelectual y cultural; con Mercedes P\u00e9rez tuvo a sus hijos Manuel, Adri\u00e1n y Diego, y con su compa\u00f1era en las \u00faltimas d\u00e9cadas, la actriz Eulalia Ram\u00f3n, a Anna, su \u00fanica hija y el ojo derecho de su padre hasta el final.<\/p>\n<p class=\"\" style=\"text-align: justify;\">Aunque en su trayectoria hay de todos los g\u00e9neros, \u00e9l picoteaba entre los hitos de su filmograf\u00eda sin demasiado inter\u00e9s en mirar atr\u00e1s. Ese sabio desapego, como su curiosidad de aprendiz con lo nuevo y desconocido, le dotaban de una generosa naturaleza, algo que apreciaban muchos de los actores y colaboradores que trabajaron con \u00e9l. La preparaci\u00f3n de sus memorias no fue una excepci\u00f3n. Durante los \u00faltimos meses de su vida, Saura compagin\u00f3 pasado y futuro mientras terminaba el documental <i>Las paredes hablan<\/i> y <a href=\"https:\/\/elpais.com\/television\/2023-02-20\/la-serie-de-carlos-saura-sobre-lorca-a-la-que-dedico-sus-dos-ultimos-anos-de-vida-se-rodara-en-otono.html\" target=\"_blank\" rel=\"noopener\" data-link-track-dtm=\"\" data-mrf-link=\"https:\/\/elpais.com\/television\/2023-02-20\/la-serie-de-carlos-saura-sobre-lorca-a-la-que-dedico-sus-dos-ultimos-anos-de-vida-se-rodara-en-otono.html\">los ensayos de <i>Lorca por Saura<\/i><\/a> con los recuerdos de casi un siglo recogidos ahora en <i>De im\u00e1genes tambi\u00e9n se vive<\/i>.<\/p>\n<figure class=\"a_m a_m-v \" style=\"text-align: justify;\"><span class=\"_db a_m_w _pr lb_btn\"><img data-recalc-dims=\"1\" loading=\"lazy\" decoding=\"async\" class=\"_re lazyload a_m-v\" src=\"https:\/\/i0.wp.com\/imagenes.elpais.com\/resizer\/zf7Gtf9NPZj9dfno9L3EebB7dEk%3D\/414x0\/cloudfront-eu-central-1.images.arcpublishing.com\/prisa\/TBD4QSNW4BHFVKIFMPHA6F3I4A.jpg?resize=414%2C428&#038;ssl=1\" srcset=\"https:\/\/imagenes.elpais.com\/resizer\/zf7Gtf9NPZj9dfno9L3EebB7dEk=\/414x0\/cloudfront-eu-central-1.images.arcpublishing.com\/prisa\/TBD4QSNW4BHFVKIFMPHA6F3I4A.jpg 414w,https:\/\/imagenes.elpais.com\/resizer\/FlivXRgxHxaDncokO4IHBUbNc_4=\/828x0\/cloudfront-eu-central-1.images.arcpublishing.com\/prisa\/TBD4QSNW4BHFVKIFMPHA6F3I4A.jpg 640w,https:\/\/imagenes.elpais.com\/resizer\/qrGF5mBRqp1Vs0WecCQxs-SGoe0=\/980x0\/cloudfront-eu-central-1.images.arcpublishing.com\/prisa\/TBD4QSNW4BHFVKIFMPHA6F3I4A.jpg 1000w,https:\/\/imagenes.elpais.com\/resizer\/c1MgUAwkUOD1V_EXiKJp0Dn75l4=\/1960x0\/cloudfront-eu-central-1.images.arcpublishing.com\/prisa\/TBD4QSNW4BHFVKIFMPHA6F3I4A.jpg 1960w\" alt=\"\u00c1ngeles, hermana del cineasta, retratada por el propio Carlos Saura en 1953.\" width=\"414\" height=\"428\" \/><\/span><figcaption class=\"a_m_p\">\u00c1ngeles, hermana del cineasta, retratada por el propio Carlos Saura en 1953.<span class=\"a_m_m\">Archivo personal de Carlos Saura<\/span><\/figcaption><\/figure>\n<figure class=\"a_m a_m-v \" style=\"text-align: justify;\"><span class=\"_db a_m_w _pr lb_btn\"><img data-recalc-dims=\"1\" loading=\"lazy\" decoding=\"async\" class=\"_re lazyload a_m-v\" src=\"https:\/\/i0.wp.com\/imagenes.elpais.com\/resizer\/hFw_bc3EdWGUb43vDveVKN4rzsE%3D\/414x0\/cloudfront-eu-central-1.images.arcpublishing.com\/prisa\/MAJI3GL4TFCODKGBOMBBIQIWMU.jpg?resize=414%2C557&#038;ssl=1\" srcset=\"https:\/\/imagenes.elpais.com\/resizer\/hFw_bc3EdWGUb43vDveVKN4rzsE=\/414x0\/cloudfront-eu-central-1.images.arcpublishing.com\/prisa\/MAJI3GL4TFCODKGBOMBBIQIWMU.jpg 414w,https:\/\/imagenes.elpais.com\/resizer\/LqoZMpXAla9rFNOufUzULfiSI54=\/828x0\/cloudfront-eu-central-1.images.arcpublishing.com\/prisa\/MAJI3GL4TFCODKGBOMBBIQIWMU.jpg 640w,https:\/\/imagenes.elpais.com\/resizer\/fQy_UJ8RjldR7mQM_Zc0wnlYt9k=\/980x0\/cloudfront-eu-central-1.images.arcpublishing.com\/prisa\/MAJI3GL4TFCODKGBOMBBIQIWMU.jpg 1000w,https:\/\/imagenes.elpais.com\/resizer\/RfeKAaaQVmI0D2Fm9Ku7zXYUSHg=\/1960x0\/cloudfront-eu-central-1.images.arcpublishing.com\/prisa\/MAJI3GL4TFCODKGBOMBBIQIWMU.jpg 1960w\" alt=\"El pintor y el cineasta: Antonio Saura (izquierda) y Carlos Saura, durante una visita de los dos hermanos al Museo de Historia Natural de Londres. \" width=\"414\" height=\"557\" \/><\/span><figcaption class=\"a_m_p\">El pintor y el cineasta: Antonio Saura (izquierda) y Carlos Saura, durante una visita de los dos hermanos al Museo de Historia Natural de Londres. <span class=\"a_m_m\">Archivo personal de Carlos Saura<\/span><\/figcaption><\/figure>\n<figure class=\"a_m a_m-h \" style=\"text-align: justify;\"><span class=\"_db a_m_w _pr lb_btn\"><img data-recalc-dims=\"1\" loading=\"lazy\" decoding=\"async\" class=\"_re lazyload a_m-h\" src=\"https:\/\/i0.wp.com\/imagenes.elpais.com\/resizer\/7gZ96D7m9b1NBP-5H_YK-QXqqyo%3D\/414x0\/cloudfront-eu-central-1.images.arcpublishing.com\/prisa\/OZ7WJBKKFFDFFFOPX6GP3TUG7Q.jpg?resize=414%2C268&#038;ssl=1\" srcset=\"https:\/\/imagenes.elpais.com\/resizer\/7gZ96D7m9b1NBP-5H_YK-QXqqyo=\/414x0\/cloudfront-eu-central-1.images.arcpublishing.com\/prisa\/OZ7WJBKKFFDFFFOPX6GP3TUG7Q.jpg 414w,https:\/\/imagenes.elpais.com\/resizer\/UrHFeA5dwMoLC7hgwzjjtdGtpXU=\/828x0\/cloudfront-eu-central-1.images.arcpublishing.com\/prisa\/OZ7WJBKKFFDFFFOPX6GP3TUG7Q.jpg 640w,https:\/\/imagenes.elpais.com\/resizer\/VTprToIun_HIAQUz5apcrYuWH1A=\/980x0\/cloudfront-eu-central-1.images.arcpublishing.com\/prisa\/OZ7WJBKKFFDFFFOPX6GP3TUG7Q.jpg 1000w,https:\/\/imagenes.elpais.com\/resizer\/QfKAuaVTiJskwqDz30UB9TthvzY=\/1960x0\/cloudfront-eu-central-1.images.arcpublishing.com\/prisa\/OZ7WJBKKFFDFFFOPX6GP3TUG7Q.jpg 1960w\" alt=\"La actriz barcelonesa Eul\u00e0lia Ram\u00f3n, esposa de Saura entre 2006 y 2023, junto a la hija de ambos, Anna Saura Ram\u00f3n, juntas en su casa de Collado (Madrid) en 1999, cuando la ni\u00f1a ten\u00eda cinco a\u00f1os. \" width=\"414\" height=\"268\" \/><\/span><figcaption class=\"a_m_p\">La actriz barcelonesa Eul\u00e0lia Ram\u00f3n, esposa de Saura entre 2006 y 2023, junto a la hija de ambos, Anna Saura Ram\u00f3n, juntas en su casa de Collado (Madrid) en 1999, cuando la ni\u00f1a ten\u00eda cinco a\u00f1os. <span class=\"a_m_m\">Archivo personal de Carlos Saura<\/span><\/figcaption><\/figure>\n<figure class=\"a_m a_m-v \" style=\"text-align: justify;\"><span class=\"_db a_m_w _pr lb_btn\"><img data-recalc-dims=\"1\" loading=\"lazy\" decoding=\"async\" class=\"_re lazyload a_m-v\" src=\"https:\/\/i0.wp.com\/imagenes.elpais.com\/resizer\/hbftJKNkO7j0fbO_6si_hQr60fE%3D\/414x0\/cloudfront-eu-central-1.images.arcpublishing.com\/prisa\/NIP5QCNEQRCJLFI56RCMWTYFOQ.jpg?resize=414%2C605&#038;ssl=1\" srcset=\"https:\/\/imagenes.elpais.com\/resizer\/hbftJKNkO7j0fbO_6si_hQr60fE=\/414x0\/cloudfront-eu-central-1.images.arcpublishing.com\/prisa\/NIP5QCNEQRCJLFI56RCMWTYFOQ.jpg 414w,https:\/\/imagenes.elpais.com\/resizer\/CdM5fgqbX_q8Peg_S1WbPERWe_w=\/828x0\/cloudfront-eu-central-1.images.arcpublishing.com\/prisa\/NIP5QCNEQRCJLFI56RCMWTYFOQ.jpg 640w,https:\/\/imagenes.elpais.com\/resizer\/wcBxgH9t_0QPmTFIS23KOWe1jpc=\/980x0\/cloudfront-eu-central-1.images.arcpublishing.com\/prisa\/NIP5QCNEQRCJLFI56RCMWTYFOQ.jpg 1000w,https:\/\/imagenes.elpais.com\/resizer\/vLWlXbIiJV8WLubxRT1ouiSWHtA=\/1960x0\/cloudfront-eu-central-1.images.arcpublishing.com\/prisa\/NIP5QCNEQRCJLFI56RCMWTYFOQ.jpg 1960w\" alt=\"Carlos Saura, durante el rodaje de 'La tarde del domingo', el trabajo de pr\u00e1cticas con el que termin\u00f3 sus estudios de cine en la Escuela de Cine de Madrid en 1957. \" width=\"414\" height=\"605\" \/><\/span><figcaption class=\"a_m_p\">Carlos Saura, durante el rodaje de &#8216;La tarde del domingo&#8217;, el trabajo de pr\u00e1cticas con el que termin\u00f3 sus estudios de cine en la Escuela de Cine de Madrid en 1957. <span class=\"a_m_m\">Archivo personal de Carlos Saura<\/span><\/figcaption><\/figure>\n<figure class=\"a_m a_m-v \" style=\"text-align: justify;\"><span class=\"_db a_m_w _pr lb_btn\"><img data-recalc-dims=\"1\" loading=\"lazy\" decoding=\"async\" class=\"_re lazyload a_m-v\" src=\"https:\/\/i0.wp.com\/imagenes.elpais.com\/resizer\/rc83dJ8jnQD_NXeRfhJCmOPnrK8%3D\/414x0\/cloudfront-eu-central-1.images.arcpublishing.com\/prisa\/AU3M4OAQBJC25HUCVZPWH4UZ6E.jpg?resize=414%2C424&#038;ssl=1\" srcset=\"https:\/\/imagenes.elpais.com\/resizer\/rc83dJ8jnQD_NXeRfhJCmOPnrK8=\/414x0\/cloudfront-eu-central-1.images.arcpublishing.com\/prisa\/AU3M4OAQBJC25HUCVZPWH4UZ6E.jpg 414w,https:\/\/imagenes.elpais.com\/resizer\/NXCrIa73t1P9wYskL99QU6tgN2c=\/828x0\/cloudfront-eu-central-1.images.arcpublishing.com\/prisa\/AU3M4OAQBJC25HUCVZPWH4UZ6E.jpg 640w,https:\/\/imagenes.elpais.com\/resizer\/4LFJqWYGGFu_F2a5Hq-06MLhDDw=\/980x0\/cloudfront-eu-central-1.images.arcpublishing.com\/prisa\/AU3M4OAQBJC25HUCVZPWH4UZ6E.jpg 1000w,https:\/\/imagenes.elpais.com\/resizer\/Gr7oeb5IOPP41jQAu6Ox2q96rds=\/1960x0\/cloudfront-eu-central-1.images.arcpublishing.com\/prisa\/AU3M4OAQBJC25HUCVZPWH4UZ6E.jpg 1960w\" alt=\"Carlos Saura y Luis Bu\u00f1uel en 1982 en M\u00e9xico, donde Saura rodaba su pel\u00edcula 'Antonieta'. \" width=\"414\" height=\"424\" \/><\/span><figcaption class=\"a_m_p\">Carlos Saura y Luis Bu\u00f1uel en 1982 en M\u00e9xico, donde Saura rodaba su pel\u00edcula &#8216;Antonieta&#8217;. <span class=\"a_m_m\">Archivo personal de Carlos Saura<\/span><\/figcaption><\/figure>\n<figure class=\"a_m a_m-h \" style=\"text-align: justify;\"><span class=\"_db a_m_w _pr lb_btn\"><img data-recalc-dims=\"1\" loading=\"lazy\" decoding=\"async\" class=\"_re lazyload a_m-h\" src=\"https:\/\/i0.wp.com\/imagenes.elpais.com\/resizer\/DLCzS6U7eyEDBdsmo5ugIcq3e4A%3D\/414x0\/cloudfront-eu-central-1.images.arcpublishing.com\/prisa\/RNNEH7GHKZEI5PQE7V7LTAKAJU.jpg?resize=414%2C314&#038;ssl=1\" srcset=\"https:\/\/imagenes.elpais.com\/resizer\/DLCzS6U7eyEDBdsmo5ugIcq3e4A=\/414x0\/cloudfront-eu-central-1.images.arcpublishing.com\/prisa\/RNNEH7GHKZEI5PQE7V7LTAKAJU.jpg 414w,https:\/\/imagenes.elpais.com\/resizer\/gExHNcbejgC4QFxkTU_Fjq8725A=\/828x0\/cloudfront-eu-central-1.images.arcpublishing.com\/prisa\/RNNEH7GHKZEI5PQE7V7LTAKAJU.jpg 640w,https:\/\/imagenes.elpais.com\/resizer\/Kd8-8rHKFlIjXbnUdk8bGhD9FwE=\/980x0\/cloudfront-eu-central-1.images.arcpublishing.com\/prisa\/RNNEH7GHKZEI5PQE7V7LTAKAJU.jpg 1000w,https:\/\/imagenes.elpais.com\/resizer\/FXibc8vHvAieME5O2otbQv1prw0=\/1960x0\/cloudfront-eu-central-1.images.arcpublishing.com\/prisa\/RNNEH7GHKZEI5PQE7V7LTAKAJU.jpg 1960w\" alt=\"Saura, en una silla de ruedas, junto al gran Jos\u00e9 Luis L\u00f3pez V\u00e1zquez, en un descanso del rodaje de 'El jard\u00edn de las delicias', en 1970. \" width=\"414\" height=\"314\" \/><\/span><figcaption class=\"a_m_p\">Saura, en una silla de ruedas, junto al gran Jos\u00e9 Luis L\u00f3pez V\u00e1zquez, en un descanso del rodaje de &#8216;El jard\u00edn de las delicias&#8217;, en 1970. <span class=\"a_m_m\">Archivo personal de Carlos Saura<\/span><\/figcaption><\/figure>\n<figure class=\"a_m a_m-h \" style=\"text-align: justify;\"><span class=\"_db a_m_w _pr lb_btn\"><img data-recalc-dims=\"1\" loading=\"lazy\" decoding=\"async\" class=\"_re lazyload a_m-h\" src=\"https:\/\/i0.wp.com\/imagenes.elpais.com\/resizer\/0FRofWJm3bmt_k1qMXhnNpJLbeY%3D\/414x0\/cloudfront-eu-central-1.images.arcpublishing.com\/prisa\/SQ3UIEA4FVDVNB4QSLOKWN7URE.jpg?resize=414%2C334&#038;ssl=1\" srcset=\"https:\/\/imagenes.elpais.com\/resizer\/0FRofWJm3bmt_k1qMXhnNpJLbeY=\/414x0\/cloudfront-eu-central-1.images.arcpublishing.com\/prisa\/SQ3UIEA4FVDVNB4QSLOKWN7URE.jpg 414w,https:\/\/imagenes.elpais.com\/resizer\/_f0-1ShJufze90prmXhgD8Ma8sI=\/828x0\/cloudfront-eu-central-1.images.arcpublishing.com\/prisa\/SQ3UIEA4FVDVNB4QSLOKWN7URE.jpg 640w,https:\/\/imagenes.elpais.com\/resizer\/4Mj0fRLo4M-IRiNG8p1Kts2g-Eo=\/980x0\/cloudfront-eu-central-1.images.arcpublishing.com\/prisa\/SQ3UIEA4FVDVNB4QSLOKWN7URE.jpg 1000w,https:\/\/imagenes.elpais.com\/resizer\/xxnsaRN4-67H_YcdAYCOsjf6JY8=\/1960x0\/cloudfront-eu-central-1.images.arcpublishing.com\/prisa\/SQ3UIEA4FVDVNB4QSLOKWN7URE.jpg 1960w\" alt=\"Con Sara Montiel en 1966, en la cena de celebraci\u00f3n del Oso de Plata en Berl\u00edn por 'La caza'.             \" width=\"414\" height=\"334\" \/><\/span><figcaption class=\"a_m_p\">Con Sara Montiel en 1966, en la cena de celebraci\u00f3n del Oso de Plata en Berl\u00edn por &#8216;La caza&#8217;. <span class=\"a_m_m\">Archivo personal de Carlos Saura<\/span><\/figcaption><\/figure>\n<section class=\"w w-cr\">\n<h3 class=\"w_t\" style=\"text-align: justify;\">Cr\u00e9ditos<\/h3>\n<div class=\"w_b\">\n<div class=\"w-cr_a\">Las fotograf\u00edas \u00a0de este reportaje pertenecen al libro &#8216;De im\u00e1genes tambi\u00e9n se vive. Casi unas memorias&#8217;, de Carlos Saura, publicado por la editorial Taurus y cuya edici\u00f3n ha estado a cargo de Elsa Fern\u00e1ndez-Santos.<\/div>\n<\/div>\n<\/section>\n<\/div>\n<p>&nbsp;<\/p>\n<p><a class=\"a_md_a_n\" title=\"Ver todas las noticias de Elsa Fern\u00e1ndez-Santos\" href=\"https:\/\/elpais.com\/autor\/elsa-fernandez-santos\/#?rel=author_top\" data-mrf-link=\"https:\/\/elpais.com\/autor\/elsa-fernandez-santos\/\"><strong>Elsa Fern\u00e1ndez-Santos<\/strong><\/a><\/p>\n<header class=\"a_e _g _g-xs\">\n<div class=\"a_e_m\">\n<figure class=\"a_m a_m-h \"><figcaption class=\"a_m_p\">FOTO: director en una de las localizaciones del documental &#8216;Cuenca&#8217;, que rod\u00f3 entre 1956 y 1957.<span class=\"a_m_m\">Archivo personal de Carlos Saura<\/span><\/figcaption><\/figure>\n<\/div>\n<\/header>\n<div class=\"a_md _g _g-xs \">\n<figure class=\"a_md_i a_m-h c_m--nf\"><span class=\"a_m_w _db\">https:\/\/elpais.com\/eps\/2023-09-06\/las-memorias-visuales-de-carlos-saura.html<\/span><\/figure>\n<div class=\"a_md_txt\">\n<div class=\"a_md_a\" data-dtm-region=\"articulo_firma\">\u00a0<\/div>\n<\/div>\n<\/div>\n","protected":false},"excerpt":{"rendered":"<p>Aunque Carlos Saura siempre sostuvo que no perder\u00eda el tiempo redactando sus memorias, al final&#8230;<\/p>\n","protected":false},"author":1,"featured_media":63099,"comment_status":"closed","ping_status":"closed","sticky":false,"template":"","format":"standard","meta":{"_coblocks_attr":"","_coblocks_dimensions":"","_coblocks_responsive_height":"","_coblocks_accordion_ie_support":"","jetpack_post_was_ever_published":false,"_jetpack_newsletter_access":"","_jetpack_dont_email_post_to_subs":false,"_jetpack_newsletter_tier_id":0,"_jetpack_memberships_contains_paywalled_content":false,"_jetpack_memberships_contains_paid_content":false,"footnotes":"","jetpack_publicize_message":"","jetpack_publicize_feature_enabled":true,"jetpack_social_post_already_shared":false,"jetpack_social_options":{"image_generator_settings":{"template":"highway","default_image_id":0,"enabled":false},"version":2}},"categories":[1161,44,6937,15],"tags":[10618],"class_list":["post-63098","post","type-post","status-publish","format-standard","has-post-thumbnail","hentry","category-ciudadania","category-noticias-de-hoy","category-sociedad","category-ultimas-noticias","tag-calos-saura"],"jetpack_publicize_connections":[],"jetpack_featured_media_url":"https:\/\/i0.wp.com\/miradordeatarfe.es\/wp-content\/uploads\/2023\/09\/Screenshot-2023-09-08-at-16-39-03-Carlos-Saura-frente-al-espejo-las-memorias-inacabadas-del-gran-director.png?fit=770%2C394&ssl=1","jetpack_likes_enabled":true,"jetpack_sharing_enabled":true,"_links":{"self":[{"href":"https:\/\/miradordeatarfe.es\/index.php?rest_route=\/wp\/v2\/posts\/63098","targetHints":{"allow":["GET"]}}],"collection":[{"href":"https:\/\/miradordeatarfe.es\/index.php?rest_route=\/wp\/v2\/posts"}],"about":[{"href":"https:\/\/miradordeatarfe.es\/index.php?rest_route=\/wp\/v2\/types\/post"}],"author":[{"embeddable":true,"href":"https:\/\/miradordeatarfe.es\/index.php?rest_route=\/wp\/v2\/users\/1"}],"replies":[{"embeddable":true,"href":"https:\/\/miradordeatarfe.es\/index.php?rest_route=%2Fwp%2Fv2%2Fcomments&post=63098"}],"version-history":[{"count":1,"href":"https:\/\/miradordeatarfe.es\/index.php?rest_route=\/wp\/v2\/posts\/63098\/revisions"}],"predecessor-version":[{"id":63100,"href":"https:\/\/miradordeatarfe.es\/index.php?rest_route=\/wp\/v2\/posts\/63098\/revisions\/63100"}],"wp:featuredmedia":[{"embeddable":true,"href":"https:\/\/miradordeatarfe.es\/index.php?rest_route=\/wp\/v2\/media\/63099"}],"wp:attachment":[{"href":"https:\/\/miradordeatarfe.es\/index.php?rest_route=%2Fwp%2Fv2%2Fmedia&parent=63098"}],"wp:term":[{"taxonomy":"category","embeddable":true,"href":"https:\/\/miradordeatarfe.es\/index.php?rest_route=%2Fwp%2Fv2%2Fcategories&post=63098"},{"taxonomy":"post_tag","embeddable":true,"href":"https:\/\/miradordeatarfe.es\/index.php?rest_route=%2Fwp%2Fv2%2Ftags&post=63098"}],"curies":[{"name":"wp","href":"https:\/\/api.w.org\/{rel}","templated":true}]}}