{"id":63102,"date":"2023-09-23T09:16:15","date_gmt":"2023-09-23T07:16:15","guid":{"rendered":"https:\/\/miradordeatarfe.es\/?p=63102"},"modified":"2023-09-08T18:13:39","modified_gmt":"2023-09-08T16:13:39","slug":"si-visitas-esta-ciudad-europea-en-2024-tendras-que-pagar-entrada","status":"publish","type":"post","link":"https:\/\/miradordeatarfe.es\/?p=63102","title":{"rendered":"Si visitas esta ciudad europea en 2024, tendr\u00e1s que pagar entrada"},"content":{"rendered":"<div class=\"article-content-wrapper\">\n<div class=\"article-content-inner\">\n<div class=\"article-content\">\n<div class=\"blob js-post-images-container\">\n<h3 style=\"text-align: justify;\">Cu\u00e1ntas veces hemos comentado que algunas ciudades se est\u00e1n convirtiendo en <strong>parques tem\u00e1ticos<\/strong>, sin apenas habitantes y con todos los negocios enfocados a satisfacer a los viajeros, que llegan cada d\u00eda en masa.<\/h3>\n<p style=\"text-align: justify;\">Solo faltaba un detalle para sentirnos de verdad dentro de una aut\u00e9ntica atracci\u00f3n tur\u00edstica: <strong>que nos cobren por entrar<\/strong>. Algo que ya se ha hecho realidad y se aplicar\u00e1 a partir de enero de 2024.<\/p>\n<div class=\"article-asset article-asset-normal article-asset-center\" style=\"text-align: justify;\">\n<div class=\"desvio-container\">\n<div class=\"desvio\">\n<div class=\"desvio-figure js-desvio-figure\"><a href=\"https:\/\/www.diariodelviajero.com\/consejos\/estafadores-basilica-san-marcos-que-importante-viajar-ojos-bien-abiertos\">\u00a0<\/a>\u00bfD\u00f3nde? Seguro que ya te lo est\u00e1s imaginando. En un destino en el que solo quedan <a href=\"https:\/\/www.venessia.com\/\"><u>49.498 habitantes<\/u><\/a>, pero recibe <strong>80.000 turistas al d\u00eda<\/strong>. El mismo que la Unesco <a href=\"https:\/\/www.semana.com\/mundo\/articulo\/venecia-en-peligro-unesco-recomienda-anadir-la-turistica-ciudad-a-la-lista-de-patrimonio-en-peligro\/202300\/\"><u>recomienda incluir<\/u><\/a> en la lista del patrimonio mundial en peligro por el riesgo que tiene de hundirse.<\/div>\n<\/div>\n<\/div>\n<\/div>\n<p style=\"text-align: justify;\">Hablamos de <strong>Venecia<\/strong>, por supuesto, la ciudad que ya no puede m\u00e1s y que quiz\u00e1 <a href=\"https:\/\/www.diariodelviajero.com\/europa\/dos-razones-para-no-visitar-venecia-este-2023\"><u>deber\u00edamos dejar de visitar<\/u><\/a> por un tiempo.<\/p>\n<h2 style=\"text-align: justify;\">Una tarifa de 5 euros para las visitas de un d\u00eda<\/h2>\n<p style=\"text-align: justify;\">Llevaban <a href=\"https:\/\/forbes.es\/lifestyle\/235903\/tienes-que-pagar-para-visitar-venecia-esto-es-lo-que-debes-saber-sobre-la-tarifa-de-entrada\/\"><u>meses avisando<\/u><\/a>, pero ayer el Consejo Municipal de Venecia <a href=\"https:\/\/live.comune.venezia.it\/node\/59917\"><u>dio luz verde<\/u><\/a> al \u00abReglamento para el establecimiento y regulaci\u00f3n del canon de acceso, con o sin transportista, a la antigua ciudad del municipio de Venecia y a las islas m\u00e1s peque\u00f1as de la laguna\u00bb. En otras palabras, autoriz\u00f3 el cobro de una <strong>entrada de<\/strong> <strong>5 euros para todos los visitantes diarios<\/strong> que no se queden a dormir.<\/p>\n<p style=\"text-align: justify;\">El plan <strong>se implementar\u00e1 en 2024<\/strong>, y comenzar\u00e1 con una experimentaci\u00f3n de 30 d\u00edas que todav\u00eda no se ha concretado en el calendario. Sin embargo, s\u00ed confirman que la medida se centrar\u00e1 en los puentes de primavera y los fines de semana de verano.<\/p>\n<h2 style=\"text-align: justify;\">\u00bfQui\u00e9n se librar\u00e1 de pagar?<\/h2>\n<div class=\"article-asset-image article-asset-normal article-asset-center\" style=\"text-align: justify;\">\n<div class=\"asset-content\">\n<div class=\"caption-img \">\n<div class=\"base-wrapper-image\"><img data-recalc-dims=\"1\" decoding=\"async\" class=\"centro_sinmarco\" src=\"https:\/\/i0.wp.com\/img.remediosdigitales.com\/ce2c53\/excursion-a-venecia\/450_1000.jpeg?w=640&#038;ssl=1\" srcset=\"https:\/\/img.remediosdigitales.com\/ce2c53\/excursion-a-venecia\/450_1000.jpeg 450w, https:\/\/img.remediosdigitales.com\/ce2c53\/excursion-a-venecia\/650_1200.jpeg 681w,https:\/\/img.remediosdigitales.com\/ce2c53\/excursion-a-venecia\/1024_2000.jpeg 1024w, https:\/\/img.remediosdigitales.com\/ce2c53\/excursion-a-venecia\/1366_2000.jpeg 1366w,\" alt=\"Excursion A Venecia\" data-sf-srcset=\"https:\/\/img.remediosdigitales.com\/ce2c53\/excursion-a-venecia\/450_1000.jpeg 450w, https:\/\/img.remediosdigitales.com\/ce2c53\/excursion-a-venecia\/650_1200.jpeg 681w,https:\/\/img.remediosdigitales.com\/ce2c53\/excursion-a-venecia\/1024_2000.jpeg 1024w, https:\/\/img.remediosdigitales.com\/ce2c53\/excursion-a-venecia\/1366_2000.jpeg 1366w,\" data-sf-src=\"https:\/\/img.remediosdigitales.com\/ce2c53\/excursion-a-venecia\/450_1000.jpeg\" \/><\/div>\n<p>Sterlinglanier Lanier &#8211; Unsplash<\/p><\/div>\n<\/div>\n<\/div>\n<p style=\"text-align: justify;\">Como es l\u00f3gico, no tendr\u00e1n que abonar esta tasa los <strong>residentes de la regi\u00f3n del V\u00e9neto<\/strong>, ni tampoco sus familiares (c\u00f3nyuge, pareja, o parientes hasta el 3\u00ba grado), aunque s\u00ed que tendr\u00e1n que reservar la visita igualmente. Tambi\u00e9n quedan exentos los trabajadores, participantes de competiciones deportivas, polic\u00edas de servicio, y estudiantes de escuelas y universidades ubicadas en la ciudad antigua o en las islas.<\/p>\n<p style=\"text-align: justify;\">Respecto a los turistas, podr\u00e1n <strong>acceder gratis a Venecia<\/strong> los ni\u00f1os menores de 14 a\u00f1os, personas necesitadas de cuidados, y aquellos que pernocten en establecimientos de alojamiento situados dentro del territorio municipal.<\/p>\n<p style=\"text-align: justify;\">Los m\u00e9todos de reserva obligatorios y detalles del portal donde deber\u00e1n comprarse las entradas se definir\u00e1n a partir del pr\u00f3ximo 12 de septiembre, que es cuando la resoluci\u00f3n pasar\u00e1 al ayuntamiento para su aprobaci\u00f3n definitiva y puesta en marcha.<\/p>\n<h2 style=\"text-align: justify;\">\u00bfUna medida disuasoria o recaudatoria?<\/h2>\n<div class=\"article-asset-image article-asset-normal article-asset-center\" style=\"text-align: justify;\">\n<div class=\"asset-content\">\n<div class=\"caption-img \">\n<div class=\"base-wrapper-image\"><img data-recalc-dims=\"1\" decoding=\"async\" class=\"centro_sinmarco\" src=\"https:\/\/i0.wp.com\/img.remediosdigitales.com\/fc6337\/venecia\/450_1000.jpeg?w=640&#038;ssl=1\" srcset=\"https:\/\/img.remediosdigitales.com\/fc6337\/venecia\/450_1000.jpeg 450w, https:\/\/img.remediosdigitales.com\/fc6337\/venecia\/650_1200.jpeg 681w,https:\/\/img.remediosdigitales.com\/fc6337\/venecia\/1024_2000.jpeg 1024w, https:\/\/img.remediosdigitales.com\/fc6337\/venecia\/1366_2000.jpeg 1366w,\" alt=\"Venecia\" data-sf-srcset=\"https:\/\/img.remediosdigitales.com\/fc6337\/venecia\/450_1000.jpeg 450w, https:\/\/img.remediosdigitales.com\/fc6337\/venecia\/650_1200.jpeg 681w,https:\/\/img.remediosdigitales.com\/fc6337\/venecia\/1024_2000.jpeg 1024w, https:\/\/img.remediosdigitales.com\/fc6337\/venecia\/1366_2000.jpeg 1366w,\" data-sf-src=\"https:\/\/img.remediosdigitales.com\/fc6337\/venecia\/450_1000.jpeg\" \/><\/div>\n<p>Floris Christiaans &#8211; Unsplash<\/p><\/div>\n<\/div>\n<\/div>\n<p style=\"text-align: justify;\">El objetivo del consejo municipal, tal como han informado, es <strong>desalentar el turismo cotidiano<\/strong> en determinadas \u00e9pocas, en consonancia con la delicadeza y singularidad de la ciudad.<\/p>\n<p style=\"text-align: justify;\">En palabras textuales del Consejero de Presupuesto <a href=\"https:\/\/www.comune.venezia.it\/it\/content\/assessore-michele-zuin\"><u>Michele Zuin<\/u><\/a>:<\/p>\n<p style=\"text-align: justify;\">\u00abEl mensaje que queremos dar es que Venecia es accesible y abierta, pero los visitantes, tanto nacionales como internacionales, deben comprender que <strong>se necesita planificaci\u00f3n<\/strong> para gestionar mejor el equilibrio entre residencialidad y turismo.\u00bb<\/p>\n<p style=\"text-align: justify;\">Las intenciones parecen buenas, pero \u00bfdejar\u00e1n de acudir los turistas por tener que pagar 5 euros diarios? En Barcelona, el Ayuntamiento ya implement\u00f3 una medida similar, cobrando <strong>10 euros por la entrada al Park G\u00fcell,<\/strong> y no ha conseguido que vayan menos turistas por eso, solo que <a href=\"https:\/\/www.diariodelviajero.com\/espana\/monumento-espanol-que-decepciona-recibe-4-5-millones-visitantes-al-ano\"><u>se sientan m\u00e1s decepcionados<\/u><\/a>.<\/p>\n<p style=\"text-align: justify;\">En Grecia <a href=\"https:\/\/www.diariodelviajero.com\/europa\/este-iconico-monumento-europeo-limitara-visitas-a-20-000-personas-dia\"><u>anunciaron este verano<\/u><\/a> que van a reducir el n\u00famero de visitantes de <strong>la Acr\u00f3polis<\/strong> para intentar evitar las aglomeraciones, a pesar de que el pase en temporada alta vale 20 \u20ac.<\/p>\n<p style=\"text-align: justify;\">Tal vez los 5 \u20ac que se van a cobrar en Venecia ayuden al ayuntamiento a compensar las consecuencias de tanta <strong>masificaci\u00f3n tur\u00edstica<\/strong>, pero se hace dif\u00edcil creer que conseguir\u00e1n disuadir a los viajeros. Tomar el aperitivo en el Caff\u00e8 Florian de la plaza San Marcos <a href=\"https:\/\/www.diariodelviajero.com\/europa\/tomar-aperitivo-plaza-san-marcos-venecia-puede-salirte-muy-caro-precio-justo\"><u>cuesta 49,50 \u20ac<\/u><\/a> y est\u00e1 lleno a rebosar todas las tardes<\/p>\n<p style=\"text-align: justify;\"><strong> <a class=\"article-author-link\" href=\"https:\/\/www.diariodelviajero.com\/autor\/teresa\" rel=\"author\">Teresa Morales<\/a> <\/strong><a class=\"article-author-twitter\" href=\"http:\/\/www.twitter.com\/florestador\"><strong>@florestador<\/strong><\/a><\/p>\n<p>Portada | Camilo Jimenez &#8211; Unsplash<\/p>\n<p>https:\/\/www.diariodelviajero.com\/noticias\/visitas-esta-ciudad-europea-2024-tendras-que-pagar-entrada?utm_source=pocket-newtab-es-es<\/p>\n<\/div>\n<\/div>\n<\/div>\n<\/div>\n","protected":false},"excerpt":{"rendered":"<p>Cu\u00e1ntas veces hemos comentado que algunas ciudades se est\u00e1n convirtiendo en parques tem\u00e1ticos, sin apenas&#8230;<\/p>\n","protected":false},"author":1,"featured_media":0,"comment_status":"closed","ping_status":"closed","sticky":false,"template":"","format":"standard","meta":{"_coblocks_attr":"","_coblocks_dimensions":"","_coblocks_responsive_height":"","_coblocks_accordion_ie_support":"","jetpack_post_was_ever_published":false,"_jetpack_newsletter_access":"","_jetpack_dont_email_post_to_subs":false,"_jetpack_newsletter_tier_id":0,"_jetpack_memberships_contains_paywalled_content":false,"_jetpack_memberships_contains_paid_content":false,"footnotes":"","jetpack_publicize_message":"","jetpack_publicize_feature_enabled":true,"jetpack_social_post_already_shared":false,"jetpack_social_options":{"image_generator_settings":{"template":"highway","default_image_id":0,"enabled":false},"version":2}},"categories":[1161,44,7671,6937,15,10],"tags":[1053,10621],"class_list":["post-63102","post","type-post","status-publish","format-standard","hentry","category-ciudadania","category-noticias-de-hoy","category-politica","category-sociedad","category-ultimas-noticias","category-salud","tag-europa","tag-venecia"],"jetpack_publicize_connections":[],"jetpack_featured_media_url":"","jetpack_likes_enabled":true,"jetpack_sharing_enabled":true,"_links":{"self":[{"href":"https:\/\/miradordeatarfe.es\/index.php?rest_route=\/wp\/v2\/posts\/63102","targetHints":{"allow":["GET"]}}],"collection":[{"href":"https:\/\/miradordeatarfe.es\/index.php?rest_route=\/wp\/v2\/posts"}],"about":[{"href":"https:\/\/miradordeatarfe.es\/index.php?rest_route=\/wp\/v2\/types\/post"}],"author":[{"embeddable":true,"href":"https:\/\/miradordeatarfe.es\/index.php?rest_route=\/wp\/v2\/users\/1"}],"replies":[{"embeddable":true,"href":"https:\/\/miradordeatarfe.es\/index.php?rest_route=%2Fwp%2Fv2%2Fcomments&post=63102"}],"version-history":[{"count":1,"href":"https:\/\/miradordeatarfe.es\/index.php?rest_route=\/wp\/v2\/posts\/63102\/revisions"}],"predecessor-version":[{"id":63103,"href":"https:\/\/miradordeatarfe.es\/index.php?rest_route=\/wp\/v2\/posts\/63102\/revisions\/63103"}],"wp:attachment":[{"href":"https:\/\/miradordeatarfe.es\/index.php?rest_route=%2Fwp%2Fv2%2Fmedia&parent=63102"}],"wp:term":[{"taxonomy":"category","embeddable":true,"href":"https:\/\/miradordeatarfe.es\/index.php?rest_route=%2Fwp%2Fv2%2Fcategories&post=63102"},{"taxonomy":"post_tag","embeddable":true,"href":"https:\/\/miradordeatarfe.es\/index.php?rest_route=%2Fwp%2Fv2%2Ftags&post=63102"}],"curies":[{"name":"wp","href":"https:\/\/api.w.org\/{rel}","templated":true}]}}