{"id":63131,"date":"2023-09-23T10:00:25","date_gmt":"2023-09-23T08:00:25","guid":{"rendered":"https:\/\/miradordeatarfe.es\/?p=63131"},"modified":"2023-10-23T13:44:11","modified_gmt":"2023-10-23T11:44:11","slug":"la-alhambra-cerrara-al-publico-los-dias-4-5-y-6-de-octubre-por-las-cumbres-europeas-que-acoge-granada","status":"publish","type":"post","link":"https:\/\/miradordeatarfe.es\/?p=63131","title":{"rendered":"La Alhambra cerrar\u00e1 al p\u00fablico los d\u00edas 4, 5 y 6 de octubre por las cumbres europeas que acoge Granada"},"content":{"rendered":"<h3 style=\"text-align: justify;\">La foto oficial de la Cumbre Europa se har\u00e1 en el monumento, que ser\u00e1 visitado por los mandatarios de la UE.<\/h3>\n<div id=\"main\">\n<div class=\"item\">\n<div class=\"cols2-2\">\n<div class=\"colA\">\n<div class=\"cuerpo\">\n<p style=\"text-align: justify;\">La Alhambra permanecer\u00e1 cerrada a la visita p\u00fablica los pr\u00f3ximos 4, 5 y 6 de octubre con motivo los dos eventos que Granada acoger\u00e1 en el marco de la presidencia espa\u00f1ola del Consejo de la Uni\u00f3n Europea, seg\u00fan han se\u00f1alado a Europa Press fuentes del monumento nazar\u00ed, que se prepara para ser el escenario de la foto oficial de la cumbre.<\/p>\n<p style=\"text-align: justify;\">El 5 de octubre tendr\u00e1 lugar en Granada la III Cumbre de la Comunidad Pol\u00edtica Europea, en la que est\u00e1 previsto que se encuentren bajo este formato unos 50 mandatarios del continente &#8211;los de la UE m\u00e1s otros pa\u00edses europeos como Ucrania, Turqu\u00eda o Reino Unido&#8211;, despu\u00e9s de las citas anteriores en Rep\u00fablica Checa y Moldavia<\/p>\n<p style=\"text-align: justify;\">Al d\u00eda siguiente los 27 l\u00edderes de la UE continuar\u00e1n en Granada para celebrar una cumbre informal de Jefes de Estado o de Gobierno; se prev\u00e9 que sea el punto de partida del debate sobre la agenda estrat\u00e9gica de los pr\u00f3ximos a\u00f1os, incluidos asuntos clave como la ampliaci\u00f3n, el presupuesto comunitario, la transici\u00f3n ecol\u00f3gica y las decisiones geopol\u00edticas.<\/p>\n<p style=\"text-align: justify;\">La Alhambra tendr\u00e1 un papel destacado y, seg\u00fan ha confirmado a Europa Press el jefe de Servicio de Visita P\u00fablica del monumento, Gonzalo Moch\u00f3n, permanecer\u00e1 cerrada el 4,5 y 6 tanto por los actos preparatorios como por la visita de los mandatarios que est\u00e9n en Granada. La medida se ha tomado \u00abcon mucha antelaci\u00f3n\u00bb retirando de todos los canales de venta las entradas para esos d\u00edas, de modo que \u00abha habido mucha previsi\u00f3n\u00bb y no se han producido casos de turistas que pudieran verse afectados por esta circunstancia.<\/p>\n<h4 style=\"text-align: justify;\">Sede principal en el Palacio de Congresos<\/h4>\n<p style=\"text-align: justify;\">Aunque la sede principal donde se desarrollar\u00e1n los encuentros es el Palacio de Exposiciones y Congresos de Granada, est\u00e1 previsto que la foto oficial de la Cumbre Europea sea en la Alhambra, por lo que desde hace meses se han mantenido reuniones e impulsado acciones para planificar cada detalle, incluidos los dispositivos de seguridad.<\/p>\n<p style=\"text-align: justify;\">El director del Patronato de la Alhambra y Generalife, Rodrigo Ruiz-Jim\u00e9nez, explic\u00f3 recientemente en una entrevista con Europa Press que se est\u00e1 trabajando para que la organizaci\u00f3n sea un \u00ab\u00e9xito\u00bb tanto para Granada como para Espa\u00f1a en su conjunto e incidi\u00f3 en la repercusi\u00f3n tur\u00edstica que para Granada tendr\u00e1 la foto oficial con los jefes de Estado o de Gobierno. No en vano, con la acreditaci\u00f3n de m\u00e1s de 3.000 periodistas, deja ya pr\u00e1cticamente sin posibilidad de reservas a los hoteles de cinco y cuatro estrellas de la ciudad de la Alhambra, como informaron a mediados de agosto desde la patronal de hosteler\u00eda y turismo de la provincia.<\/p>\n<p style=\"text-align: justify;\">Por su parte, el Aeropuerto Federico Garc\u00eda Lorca Granada-Ja\u00e9n cerrar\u00e1 la operativa del tr\u00e1fico a\u00e9reo comercial entre las 22,45 horas del 4 de octubre y las 19,00 horas del d\u00eda 6 por el mismo motivo. Ambas citas europeas propiciar\u00e1n la llegada de m\u00e1s de 40 jefes de Estado y de Gobierno, lo que requerir\u00e1 el dise\u00f1o de \u00abuna ambiciosa operativa no s\u00f3lo para atender los vuelos oficiales, sino tambi\u00e9n para hacerlo con las m\u00e1ximas garant\u00edas de seguridad\u00bb.<\/p>\n<p style=\"text-align: justify;\"><strong> <span class=\"autor\"> Europa Press<\/span><\/strong><\/p>\n<p style=\"text-align: justify;\">FOTO: Vista de la Alhambra y el Albaic\u00edn.Patronato de la AlhambraeE.P<\/p>\n<p style=\"text-align: justify;\">http:\/\/www.elindependientedegranada.es\/politica\/alhambra-cerrara-publico-dias-4-5-6-octubre-cumbres-europeas-que-acoge-granada<\/p>\n<\/div>\n<\/div>\n<\/div>\n<\/div>\n<\/div>\n<div id=\"sidebar\">\n<section class=\"region region-sidebar-second column sidebar\">\n<div class=\"sb-banners\">\n<div class=\"sb-banner\">\u00a0<\/div>\n<\/div>\n<\/section>\n<\/div>\n","protected":false},"excerpt":{"rendered":"<p>La foto oficial de la Cumbre Europa se har\u00e1 en el monumento, que ser\u00e1 visitado&#8230;<\/p>\n","protected":false},"author":1,"featured_media":63132,"comment_status":"closed","ping_status":"closed","sticky":false,"template":"","format":"standard","meta":{"_coblocks_attr":"","_coblocks_dimensions":"","_coblocks_responsive_height":"","_coblocks_accordion_ie_support":"","jetpack_post_was_ever_published":false,"_jetpack_newsletter_access":"","_jetpack_dont_email_post_to_subs":false,"_jetpack_newsletter_tier_id":0,"_jetpack_memberships_contains_paywalled_content":false,"_jetpack_memberships_contains_paid_content":false,"footnotes":"","jetpack_publicize_message":"","jetpack_publicize_feature_enabled":true,"jetpack_social_post_already_shared":false,"jetpack_social_options":{"image_generator_settings":{"template":"highway","default_image_id":0,"enabled":false},"version":2}},"categories":[1161,10781,7671,15],"tags":[10623,10624],"class_list":["post-63131","post","type-post","status-publish","format-standard","has-post-thumbnail","hentry","category-ciudadania","category-granada","category-politica","category-ultimas-noticias","tag-cumbre-europea","tag-fotografia-oficial"],"jetpack_publicize_connections":[],"jetpack_featured_media_url":"https:\/\/i0.wp.com\/miradordeatarfe.es\/wp-content\/uploads\/2023\/09\/fotonoticia_20230906150923_1920.jpg?fit=672%2C495&ssl=1","jetpack_likes_enabled":true,"jetpack_sharing_enabled":true,"_links":{"self":[{"href":"https:\/\/miradordeatarfe.es\/index.php?rest_route=\/wp\/v2\/posts\/63131","targetHints":{"allow":["GET"]}}],"collection":[{"href":"https:\/\/miradordeatarfe.es\/index.php?rest_route=\/wp\/v2\/posts"}],"about":[{"href":"https:\/\/miradordeatarfe.es\/index.php?rest_route=\/wp\/v2\/types\/post"}],"author":[{"embeddable":true,"href":"https:\/\/miradordeatarfe.es\/index.php?rest_route=\/wp\/v2\/users\/1"}],"replies":[{"embeddable":true,"href":"https:\/\/miradordeatarfe.es\/index.php?rest_route=%2Fwp%2Fv2%2Fcomments&post=63131"}],"version-history":[{"count":1,"href":"https:\/\/miradordeatarfe.es\/index.php?rest_route=\/wp\/v2\/posts\/63131\/revisions"}],"predecessor-version":[{"id":63133,"href":"https:\/\/miradordeatarfe.es\/index.php?rest_route=\/wp\/v2\/posts\/63131\/revisions\/63133"}],"wp:featuredmedia":[{"embeddable":true,"href":"https:\/\/miradordeatarfe.es\/index.php?rest_route=\/wp\/v2\/media\/63132"}],"wp:attachment":[{"href":"https:\/\/miradordeatarfe.es\/index.php?rest_route=%2Fwp%2Fv2%2Fmedia&parent=63131"}],"wp:term":[{"taxonomy":"category","embeddable":true,"href":"https:\/\/miradordeatarfe.es\/index.php?rest_route=%2Fwp%2Fv2%2Fcategories&post=63131"},{"taxonomy":"post_tag","embeddable":true,"href":"https:\/\/miradordeatarfe.es\/index.php?rest_route=%2Fwp%2Fv2%2Ftags&post=63131"}],"curies":[{"name":"wp","href":"https:\/\/api.w.org\/{rel}","templated":true}]}}