{"id":63141,"date":"2023-09-17T10:00:50","date_gmt":"2023-09-17T08:00:50","guid":{"rendered":"https:\/\/miradordeatarfe.es\/?p=63141"},"modified":"2023-10-23T13:44:56","modified_gmt":"2023-10-23T11:44:56","slug":"juan-antonio-diaz-un-artista-comprometido-con-la-granada-de-las-culturas","status":"publish","type":"post","link":"https:\/\/miradordeatarfe.es\/?p=63141","title":{"rendered":"Juan Antonio D\u00edaz, un artista comprometido con la Granada de las culturas"},"content":{"rendered":"<h3 style=\"text-align: justify;\">Paco Vigueras, periodista y coordinador de Granada Abierta, firma esta semblanza de Juan Antonio D\u00edaz, cuya muerte este martes deja un inmenso vac\u00edo en el mundo de la cultura y priva a Granada de un luchador comprometido con la solidaridad y el di\u00e1logo intercultural. Descanse en paz<\/h3>\n<p style=\"text-align: justify;\">Granada Abierta ha perdido a Juan Antonio D\u00edaz L\u00f3pez, uno de sus fundadores. Nos conocimos hace tres d\u00e9cadas y nuestras barbas crecieron y encanecieron juntas. En este tiempo, llegamos a compartir muchas inquietudes sociales, pol\u00edticas y vitales\u2026 Juan Antonio trabajaba con la pintura, era un poeta del color que nos conmovi\u00f3 con exposiciones como Siempre igual, siempre diferente, o Del color y otras soledades. Su \u00faltima serie de collage, que enviaba diariamente a sus amigos, fue formidable. Y cuando se pon\u00eda a escribir, no ten\u00eda pelos en la lengua. Siempre he admirado su iron\u00eda mordaz y su enorme capacidad para la s\u00e1tira, ali\u00f1ada con una pizca de malafoll\u00e1 grana\u00edna: \u201cHay que acabar con esta Granada carca y cateta -dec\u00eda- y trabajar por una ciudad abierta hacia el futuro\u201d. Este grana\u00edno nazar\u00ed, nacido como Alhamar en la vecina tierra de Ja\u00e9n (en Cabra de Santo Cristo para m\u00e1s se\u00f1as) describi\u00f3 as\u00ed la Granada cosmopolita con la que so\u00f1aba: \u201cuna ciudad en la que nadie se sienta extra\u00f1o, en la que el color de la piel o la religi\u00f3n no sean un problema por el que debas ser mirado de forma diferente\u201d.\u00a0 \u00a0<\/p>\n<p class=\"sumari\" style=\"text-align: justify;\">\u00abMientras otros se asustaban y retroced\u00edan, Juan Antonio estuvo ah\u00ed, desde el principio, y mantuvo un compromiso firme, demostrando sus fuertes convicciones. No era militante de partido, pero s\u00ed de conciencia\u00bb<\/p>\n<p style=\"text-align: justify;\">Y con este objetivo, estuvimos trabajando, codo con codo, primero en el Manifiesto 2 de Enero contra la Toma y, despu\u00e9s, en la Granada Abierta de las Culturas, dos proyectos muy pol\u00e9micos que pueden complicarte la vida en esta ciudad tan cerrada, tan dada a las camarillas y a los vetos. Y a pesar de todo, mientras otros se asustaban y retroced\u00edan, Juan Antonio estuvo ah\u00ed, desde el principio, y mantuvo un compromiso firme, demostrando sus fuertes convicciones. No era militante de partido, pero s\u00ed de conciencia.<\/p>\n<p style=\"text-align: justify;\">Conocedor profundo de la Universidad de Granada, Juan Antonio abri\u00f3 las puertas del Palacio de la Madraza al colectivo de escritores y artistas, conocido como Manifiesto 2 de Enero, que desarroll\u00f3 innumerables actividades en el hist\u00f3rico edificio. Recuerdo que llegamos a movilizar a un centenar de artistas y creadores, algunos tan destacados como Jes\u00fas Conde, Juan Vida, Paco Fern\u00e1ndez, Santi Id\u00e1\u00f1ez o Emilio Zurita, y a numerosos estudiantes de la Facultad de Bellas Artes, para poner en marcha las exposiciones colectivas Artistas por la Tolerancia, que tanto contribuyeron a impulsar el debate ciudadano sobre la Granada de las Culturas.<\/p>\n<h4 style=\"text-align: justify;\">La Granada Abierta de Carlos Cano<\/h4>\n<p style=\"text-align: justify;\">Entre los dos, tambi\u00e9n pusimos en marcha la Granada Abierta de Carlos Cano, un premio para fomentar el di\u00e1logo intercultural y la solidaridad entre los pueblos. Recuerdo que Juan Antonio fue el encargado de entregar el primer galard\u00f3n a los Padres Escolapios, en el ya lejano 1996, por haber restaurado un Cor\u00e1n que se salv\u00f3 de la hoguera de Cisneros en la Plaza de Bib-Rambla. Precisamente, Juan Antonio hizo entrega de aquel premio en un acto solemne, celebrado en el Palacio de la Madraza, primera Universidad de Granada, fundada por Yusuf I en 1349.<\/p>\n<h4 class=\"sumari\" style=\"text-align: justify;\">\u00abReconocido en 2018 por la Diputaci\u00f3n de Granada con la medalla de oro de la provincia, Juan Antonio fue un aut\u00e9ntico gentleman andaluz\u00bb<\/h4>\n<p style=\"text-align: justify;\">Reconocido en 2018 por la Diputaci\u00f3n de Granada con la medalla de oro de la provincia, Juan Antonio fue un aut\u00e9ntico gentleman andaluz. Profesor de Literatura Inglesa de la UGR, fue autor de la primera tesis doctoral sobre Gerald Brenan. Su compromiso con la memoria de Federico Garc\u00eda Lorca le llev\u00f3 a tener una estrecha amistad con el bi\u00f3grafo lorquiano Ian Gibson y con el poeta Juan de Loxa, primer director de la Casa-Museo de Garc\u00eda Lorca en Fuente Vaqueros.<\/p>\n<p style=\"text-align: justify;\">Pero de todas las aventuras y desventuras que hemos pasado juntos, no puedo olvidar nuestro viaje solidario a los campamentos de refugiados saharauis en Tinduf, al sur de Argelia. All\u00ed descubr\u00ed una nueva faceta de Juan Antonio, como reportero gr\u00e1fico. A trav\u00e9s de sus fotos, conoc\u00ed un S\u00e1hara diferente.<\/p>\n<p style=\"text-align: justify;\">Juan Antonio era un amigo leal a quien consultaba, antes de tomar una decisi\u00f3n importante. De esos amigos que est\u00e1n a tu lado en los momentos dificiles. Descansa en paz compa\u00f1ero.<\/p>\n<h3>Paco Vigueras es periodista y coordinador de Granada Abierta<\/h3>\n<div class=\"divdest\">\n<div class=\"media media-element-container media-default\">\n<div id=\"file-94830\" class=\"file file-image file-image-jpeg\">\n<p class=\"element-invisible\">FOTO: <strong>Juan Antonio D\u00edaz.EL INDEPENDIENTE DE GRANADA<br \/>\n<\/strong><\/p>\n<p>http:\/\/www.elindependientedegranada.es\/cultura\/juan-antonio-diaz-artista-comprometido-con-granada-culturas<\/p>\n<\/div>\n<\/div>\n<\/div>\n","protected":false},"excerpt":{"rendered":"<p>Paco Vigueras, periodista y coordinador de Granada Abierta, firma esta semblanza de Juan Antonio D\u00edaz,&#8230;<\/p>\n","protected":false},"author":1,"featured_media":63142,"comment_status":"closed","ping_status":"closed","sticky":false,"template":"","format":"standard","meta":{"_coblocks_attr":"","_coblocks_dimensions":"","_coblocks_responsive_height":"","_coblocks_accordion_ie_support":"","jetpack_post_was_ever_published":false,"_jetpack_newsletter_access":"","_jetpack_dont_email_post_to_subs":false,"_jetpack_newsletter_tier_id":0,"_jetpack_memberships_contains_paywalled_content":false,"_jetpack_memberships_contains_paid_content":false,"footnotes":"","jetpack_publicize_message":"","jetpack_publicize_feature_enabled":true,"jetpack_social_post_already_shared":false,"jetpack_social_options":{"image_generator_settings":{"template":"highway","default_image_id":0,"enabled":false},"version":2}},"categories":[10781,44,6937,15],"tags":[10627],"class_list":["post-63141","post","type-post","status-publish","format-standard","has-post-thumbnail","hentry","category-granada","category-noticias-de-hoy","category-sociedad","category-ultimas-noticias","tag-juan-antonio-diaz"],"jetpack_publicize_connections":[],"jetpack_featured_media_url":"https:\/\/i0.wp.com\/miradordeatarfe.es\/wp-content\/uploads\/2023\/09\/juan_antonio_diaz_0.jpg?fit=650%2C487&ssl=1","jetpack_likes_enabled":true,"jetpack_sharing_enabled":true,"_links":{"self":[{"href":"https:\/\/miradordeatarfe.es\/index.php?rest_route=\/wp\/v2\/posts\/63141","targetHints":{"allow":["GET"]}}],"collection":[{"href":"https:\/\/miradordeatarfe.es\/index.php?rest_route=\/wp\/v2\/posts"}],"about":[{"href":"https:\/\/miradordeatarfe.es\/index.php?rest_route=\/wp\/v2\/types\/post"}],"author":[{"embeddable":true,"href":"https:\/\/miradordeatarfe.es\/index.php?rest_route=\/wp\/v2\/users\/1"}],"replies":[{"embeddable":true,"href":"https:\/\/miradordeatarfe.es\/index.php?rest_route=%2Fwp%2Fv2%2Fcomments&post=63141"}],"version-history":[{"count":1,"href":"https:\/\/miradordeatarfe.es\/index.php?rest_route=\/wp\/v2\/posts\/63141\/revisions"}],"predecessor-version":[{"id":63143,"href":"https:\/\/miradordeatarfe.es\/index.php?rest_route=\/wp\/v2\/posts\/63141\/revisions\/63143"}],"wp:featuredmedia":[{"embeddable":true,"href":"https:\/\/miradordeatarfe.es\/index.php?rest_route=\/wp\/v2\/media\/63142"}],"wp:attachment":[{"href":"https:\/\/miradordeatarfe.es\/index.php?rest_route=%2Fwp%2Fv2%2Fmedia&parent=63141"}],"wp:term":[{"taxonomy":"category","embeddable":true,"href":"https:\/\/miradordeatarfe.es\/index.php?rest_route=%2Fwp%2Fv2%2Fcategories&post=63141"},{"taxonomy":"post_tag","embeddable":true,"href":"https:\/\/miradordeatarfe.es\/index.php?rest_route=%2Fwp%2Fv2%2Ftags&post=63141"}],"curies":[{"name":"wp","href":"https:\/\/api.w.org\/{rel}","templated":true}]}}