{"id":63146,"date":"2023-09-20T10:00:26","date_gmt":"2023-09-20T08:00:26","guid":{"rendered":"https:\/\/miradordeatarfe.es\/?p=63146"},"modified":"2023-09-09T13:27:50","modified_gmt":"2023-09-09T11:27:50","slug":"stop-suicidios-denuncia-que-la-lista-de-espera-para-un-psiquiatra-llega-hasta-los-ocho-meses","status":"publish","type":"post","link":"https:\/\/miradordeatarfe.es\/?p=63146","title":{"rendered":"Stop Suicidios denuncia que la lista de espera para un psiquiatra llega hasta los ocho meses"},"content":{"rendered":"<header class=\"pg-head\">\n<h3>Un total de 4.097 personas se quitaron la vida en 2022, casi cuatro veces m\u00e1s que los fallecidos en accidentes de tr\u00e1fico <\/h3>\n<\/header>\n<div class=\"gd\">\n<div class=\"gdu u16 u-first\">\n<div class=\"pg-body\">\n<div class=\"mce-body \">\n<p class=\"mce\" style=\"text-align: justify;\">La tendencia de los <a class=\"mce\" href=\"https:\/\/www.granadahoy.com\/tag\/suicidio\/\" rel=\"dofollow\">suicidios<\/a> sigue al alza desde hace tres a\u00f1os y los planes de prevenci\u00f3n no llegan, seg\u00fan denuncia la plataforma Stop Suicidios que reivindica el acceso a la terapia e informa de listas de espera de hasta ocho meses para acceder a un psiquiatra o a un psic\u00f3logo de la sanidad p\u00fablica.<\/p>\n<p class=\"mce\" style=\"text-align: justify;\">\u00abUna persona con ideas autol\u00edticas no puede esperar meses a ser atendido por un profesional\u00bb, explica a Efe el portavoz de la plataforma, Rom\u00e1n Reyes, que insiste en que el suicido \u00abtoca a todos\u00bb y \u00ab<strong class=\"mce\">la salud mental no se puede convertir en un lujo<\/strong>, con consultas de 60-70 euros por una hora de terapia en la sanidad privada\u00bb.<\/p>\n<p class=\"mce\" style=\"text-align: justify;\">Con motivo este domingo del d\u00eda mundial de prevenci\u00f3n del suicidio, el portavoz de la plataforma tambi\u00e9n denuncia que en los ingresos psiqui\u00e1tricos se den las altas muy r\u00e1pidas sin que el paciente haya resuelto su problema, y advierte de que \u00ab<strong class=\"mce\">los tres meses posteriores a una tentativa son cr\u00edticos<\/strong> por la repetici\u00f3n del intento\u00bb.<\/p>\n<p class=\"mce\" style=\"text-align: justify;\">Tambi\u00e9n echa en falta m\u00e1s campa\u00f1as de prevenci\u00f3n y recuerda que la <a class=\"mce\" href=\"https:\/\/www.granadahoy.com\/tag\/dgt\/\" rel=\"dofollow\">Direcci\u00f3n General de Tr\u00e1fico (DGT)<\/a> gracias a estas estrategias consigui\u00f3 una significativa reducci\u00f3n de los accidentes mortales: \u00ab\u00bfPor qu\u00e9 no pasa eso con el suicidio?\u00bb.<\/p>\n<p class=\"mce\" style=\"text-align: justify;\">Y subraya que hoy los suicidios consumados <strong class=\"mce\">multiplican por cuatro los muertos en accidentes de tr\u00e1fico<\/strong>.<\/p>\n<p class=\"mce\" style=\"text-align: justify;\">Reyes asegura que en los pa\u00edses con planes de prevenci\u00f3n las cifras de suicidio bajan y lamenta que en Espa\u00f1a se haya hecho \u00abun maquillaje\u00bb de este problema de salud p\u00fablica.<\/p>\n<p class=\"mce\" style=\"text-align: justify;\">En su opini\u00f3n, la puesta en marcha por parte de Sanidad del tel\u00e9fono 024 de atenci\u00f3n a la conducta suicida, en mayo de 2022, \u00abno es suficiente\u00bb ya que de ah\u00ed derivan las urgencias al 112, \u00abdonde no hay formaci\u00f3n espec\u00edfica de los sanitarios\u00bb.<\/p>\n<p class=\"mce\" style=\"text-align: justify;\">Con motivo del d\u00eda mundial, Stop Suicidios sale a la calle este domingo en Madrid bajo el lema \u00abPor un plan de prevenci\u00f3n\u00bb.<\/p>\n<p class=\"mce\" style=\"text-align: justify;\">Al t\u00e9rmino de la marcha, la plataforma leer\u00e1 un manifiesto, firmado por una treintena de entidades, en el que se pide <strong class=\"mce\">sensibilizar y formar a la poblaci\u00f3n<\/strong>, potenciar la Atenci\u00f3n Primaria en salud mental, crear protocolos en las comunidades, un observatorio de la conducta suicidio e introducir la tem\u00e1tica del suicidio en los estudios de grado.<\/p>\n<h2 class=\"mce\" style=\"text-align: justify;\">Los chavales no piden ayuda<\/h2>\n<p class=\"mce\" style=\"text-align: justify;\">Javier Jim\u00e9nez nunca pens\u00f3 que el suicidio le iba a tocar de cerca, pero un d\u00eda son\u00f3 el tel\u00e9fono y le comunicaron que su hija, de 20 a\u00f1os, se hab\u00eda quitado la vida.<\/p>\n<p class=\"mce\" style=\"text-align: justify;\">Tres a\u00f1os despu\u00e9s ha creado, en homenaje a su hija, la Asociaci\u00f3n Sara Jim\u00e9nez a fin de trabajar por la prevenci\u00f3n, e impartir charlas en colegios de Primaria y Secundaria porque \u00ablos chavales hablan entre ellos de suicidio, todos conocen a alguno que lo est\u00e1 pasando muy mal, pero les cuesta mucho pedir ayuda\u00bb.<\/p>\n<p class=\"mce\" style=\"text-align: justify;\">En esta labor de prevenci\u00f3n, la asociaci\u00f3n, que cuenta con un equipo de tres psic\u00f3logos y un psiquiatra, tambi\u00e9n se desplaza a centros culturales o municipales, \u00aby a todos aquellos sitios donde pueda ser de utilidad\u00bb.<\/p>\n<p class=\"mce\" style=\"text-align: justify;\">Jim\u00e9nez afirma que pr\u00e1cticamente<strong class=\"mce\"> en el 100% de los colegios a los que acude se detectan problemas<\/strong> de tentativa suicidio, y en ocasiones, si la direcci\u00f3n del colegio lo considera, se extiende la formaci\u00f3n a profesores porque hay que erradicar la idea de que \u00abesto son cosas de chavales\u00bb.<\/p>\n<h2 class=\"mce\" style=\"text-align: justify;\">Sin prevenci\u00f3n<\/h2>\n<p class=\"mce\" style=\"text-align: justify;\">Desde la asociaci\u00f3n La Barandilla, su director Jos\u00e9 Manuel Dolader, percibe <a class=\"mce\" href=\"https:\/\/www.granadahoy.com\/andalucia\/suicidios-Andalucia-siguen-aumentando-personas_0_1749425433.html\" rel=\"dofollow\">una tendencia al alza<\/a> en los suicidios en lo que va de 2023 y advierte de que s\u00f3lo se doblegar\u00e1 la curva con un plan nacional de prevenci\u00f3n, que permitir\u00e1 mejorar las cifras en 2024.<\/p>\n<p class=\"mce\" style=\"text-align: justify;\">Dolader lamenta que con <strong class=\"mce\">4.097 muertes consumadas en 2022<\/strong> por suicidio, un 2,3% m\u00e1s que un a\u00f1o antes, \u00abnadie en el Ministerio de Sanidad trabaje por la prevenci\u00f3n\u00bb y, ante esta laguna, sean las comunidades las que elaboren programas espec\u00edficos.<\/p>\n<p class=\"mce\" style=\"text-align: justify;\">Para este experto la creaci\u00f3n de \u00abuna direcci\u00f3n general ayudar\u00eda a analizar por qu\u00e9 la gente se suicida\u00bb.<\/p>\n<p class=\"mce\" style=\"text-align: justify;\">El director de La Barandilla vincula el aumento de los suicidios al malestar y a la crispaci\u00f3n general de la sociedad. Una tensi\u00f3n, dice, que se traslada a todos los \u00e1mbitos, en especial a las redes sociales y al colectivo de los m\u00e1s j\u00f3venes. De hecho <a class=\"mce\" href=\"https:\/\/www.granadahoy.com\/sociedad\/conducta-suicida-principal-peticion-menores_0_1791721573.html\" rel=\"dofollow\">los suicidios en menores<\/a> de 20 a\u00f1os (84 en 2022) supusieron un 12% m\u00e1s respecto a un a\u00f1o antes.<\/p>\n<p class=\"mce\" style=\"text-align: justify;\">La Barandilla, que lleva desde 2015 reclamando un plan nacional, cre\u00f3 en 2018 un tel\u00e9fono de ayuda a personas con ideaci\u00f3n suicida (911 385 385) p\u00fablico, gratuito y atendido por profesionales, desde el que prestan ayuda psicol\u00f3gica con un m\u00ednimo de tres meses.<\/p>\n<h3><strong><small><\/small><small class=\"author\">Bego\u00f1a Fern\u00e1ndez (Efe)<\/small><\/strong><\/h3>\n<div class=\"pg-media\">\n<figure id=\"media-holder_1923097804\" class=\"image-holder\"><figcaption>\n<div class=\"footnote\">\n<p class=\"text\">FOTO: Unidad de psiquiatr\u00eda. <wbr \/> \/ <span class=\"source\">Javier Alonso<\/span><\/p>\n<p>https:\/\/www.granadahoy.com\/sociedad\/Stop-Suicidios-denuncia-espera-psiquiatra_0_1828018410.html<\/p>\n<\/div>\n<\/figcaption><\/figure>\n<\/div>\n<div class=\"pg-body\">\n<section class=\"nws-data\">\n<p class=\"byline\"><strong><small> <br \/>\n<\/small><\/strong><\/p>\n<div class=\"md-lite-share\">\n<p>&nbsp;<\/p>\n<\/div>\n<\/section>\n<\/div>\n<\/div>\n<\/div>\n<\/div>\n<\/div>\n","protected":false},"excerpt":{"rendered":"<p>Un total de 4.097 personas se quitaron la vida en 2022, casi cuatro veces m\u00e1s&#8230;<\/p>\n","protected":false},"author":1,"featured_media":63147,"comment_status":"closed","ping_status":"closed","sticky":false,"template":"","format":"standard","meta":{"_coblocks_attr":"","_coblocks_dimensions":"","_coblocks_responsive_height":"","_coblocks_accordion_ie_support":"","jetpack_post_was_ever_published":false,"_jetpack_newsletter_access":"","_jetpack_dont_email_post_to_subs":false,"_jetpack_newsletter_tier_id":0,"_jetpack_memberships_contains_paywalled_content":false,"_jetpack_memberships_contains_paid_content":false,"footnotes":"","jetpack_publicize_message":"","jetpack_publicize_feature_enabled":true,"jetpack_social_post_already_shared":false,"jetpack_social_options":{"image_generator_settings":{"template":"highway","default_image_id":0,"enabled":false},"version":2}},"categories":[1161,44,7671,15,10],"tags":[5446],"class_list":["post-63146","post","type-post","status-publish","format-standard","has-post-thumbnail","hentry","category-ciudadania","category-noticias-de-hoy","category-politica","category-ultimas-noticias","category-salud","tag-suicidios"],"jetpack_publicize_connections":[],"jetpack_featured_media_url":"https:\/\/i0.wp.com\/miradordeatarfe.es\/wp-content\/uploads\/2023\/09\/Unidad-psiquiatria_1828028282_192122982_667x375.jpg?fit=667%2C375&ssl=1","jetpack_likes_enabled":true,"jetpack_sharing_enabled":true,"_links":{"self":[{"href":"https:\/\/miradordeatarfe.es\/index.php?rest_route=\/wp\/v2\/posts\/63146","targetHints":{"allow":["GET"]}}],"collection":[{"href":"https:\/\/miradordeatarfe.es\/index.php?rest_route=\/wp\/v2\/posts"}],"about":[{"href":"https:\/\/miradordeatarfe.es\/index.php?rest_route=\/wp\/v2\/types\/post"}],"author":[{"embeddable":true,"href":"https:\/\/miradordeatarfe.es\/index.php?rest_route=\/wp\/v2\/users\/1"}],"replies":[{"embeddable":true,"href":"https:\/\/miradordeatarfe.es\/index.php?rest_route=%2Fwp%2Fv2%2Fcomments&post=63146"}],"version-history":[{"count":1,"href":"https:\/\/miradordeatarfe.es\/index.php?rest_route=\/wp\/v2\/posts\/63146\/revisions"}],"predecessor-version":[{"id":63148,"href":"https:\/\/miradordeatarfe.es\/index.php?rest_route=\/wp\/v2\/posts\/63146\/revisions\/63148"}],"wp:featuredmedia":[{"embeddable":true,"href":"https:\/\/miradordeatarfe.es\/index.php?rest_route=\/wp\/v2\/media\/63147"}],"wp:attachment":[{"href":"https:\/\/miradordeatarfe.es\/index.php?rest_route=%2Fwp%2Fv2%2Fmedia&parent=63146"}],"wp:term":[{"taxonomy":"category","embeddable":true,"href":"https:\/\/miradordeatarfe.es\/index.php?rest_route=%2Fwp%2Fv2%2Fcategories&post=63146"},{"taxonomy":"post_tag","embeddable":true,"href":"https:\/\/miradordeatarfe.es\/index.php?rest_route=%2Fwp%2Fv2%2Ftags&post=63146"}],"curies":[{"name":"wp","href":"https:\/\/api.w.org\/{rel}","templated":true}]}}