{"id":63149,"date":"2023-09-10T10:31:12","date_gmt":"2023-09-10T08:31:12","guid":{"rendered":"https:\/\/miradordeatarfe.es\/?p=63149"},"modified":"2023-10-23T13:45:48","modified_gmt":"2023-10-23T11:45:48","slug":"el-crimen-fue-en-granada","status":"publish","type":"post","link":"https:\/\/miradordeatarfe.es\/?p=63149","title":{"rendered":"El crimen fue en Granada"},"content":{"rendered":"<h3>Yo creo que acabaron con \u00e9l por envidia, por no soportar su brillantez, su ingenio y su enorme lucidez<\/h3>\n<p class=\"mce capitalize-first-letter\" style=\"text-align: justify;\">Ochenta y siete a\u00f1os se han cumplido desde aquella madrugada, o quiz\u00e1s fuera en la madrugada del d\u00eda siguiente \u2013ni eso sabemos con certeza\u2013, del asesinato de uno de los mayores genios que ha dado esta ciudad y este pa\u00eds. 38 a\u00f1os ten\u00eda cuando las balas del odio, la envidia y la mediocridad segaron la vida de quien fuera capaz de deslumbrar a genios como Dal\u00ed, Bu\u00f1uel, Manuel \u00c1ngeles Ortiz, Rafael Alberti, Manuel de Falla o Antonio Machado. Solo 38 a\u00f1os y ya hab\u00eda firmado obras capitales de las letras espa\u00f1olas, como <i>Mariana Pineda<\/i>,<i> Yerma<\/i>, <i>Bodas de Sangre<\/i>, <i>La Casa de Bernarda Alba<\/i>, <i>Romancero Gitano<\/i>, <i>el Maleficio de la Mariposa<\/i> o <i>Poeta en Nueva York<\/i>.<\/p>\n<p class=\"mce\" style=\"text-align: justify;\">Pero Granada, \u201csu\u201d Granada, no le perdon\u00f3 su brillantez y la mediocridad imperante en esta ciudad, junto a la envidia tan propia de esta tierra, prefirieron segar su vida a seguir \u201csoportando\u201d su \u00e9xito. Dicen que le mataron por rencillas familiares, por rojo, por mas\u00f3n y por maric\u00f3n. Yo creo que acabaron con \u00e9l por envidia, por no soportar su brillantez, su ingenio y su enorme lucidez.<\/p>\n<p class=\"mce\" style=\"text-align: justify;\">87 a\u00f1os despu\u00e9s de aquella fat\u00eddica noche, seguimos sin conocer el lugar donde los ojos de Federico se cerraron para siempre y sobre todo continuamos ignorando los porqu\u00e9s, los qui\u00e9nes y los c\u00f3mo, m\u00e1s all\u00e1 de los centenares de teor\u00edas y decenas de bulos que circulan entorno a la madrugada m\u00e1s tr\u00e1gica de Granada&#8230; Y es que, mientras esas interrogantes no se cierren, tampoco lo har\u00e1n las heridas abiertas en aquella negra madrugada que siguen supurando cada mes de agosto.<\/p>\n<p class=\"mce\" style=\"text-align: justify;\">A pesar de que la \u201cbuena sociedad\u201d de esta tierra no perdona salirse del reba\u00f1o, la herencia de Federico sigue recogi\u00e9ndose en Granada en los poemas de Javier Egea y Garc\u00eda Montero, las novelas de Mu\u00f1oz Molina, las pinturas de Juan Vida y Jes\u00fas Conde, los cantes de Enrique Morente y Juan Pinilla, los bailes de Eva \u2018Yerbabuena\u2019 y Blanca Li, el rock de Miguel R\u00edos, las canciones de los 091, Lagartija Nick, Ni\u00f1os Mutantes, Lori Meyers o La Guardia, las vi\u00f1etas de Paco Mart\u00edn Morales, los reportajes period\u00edsticos de Antonio Ramos. Talento, puro talento en un desierto de envidias y mediocridad. As\u00ed nos va.<\/p>\n<p class=\"mce\" style=\"text-align: justify;\">\u00bfY saben ustedes lo peor? Pues que no tengo nada claro que en esta ciudad y en este pa\u00eds no haya quienes no dudar\u00edan en repetir aquella barbarie. Para empezar ya hay quienes matan a golpes a j\u00f3venes por \u201cmaricones\u201d. Lo mismo que a Federico, pero grabado y difundido por smartphone.<\/p>\n<p><a class=\"lnk \" title=\"Agust\u00edn Mart\u00ednez\" href=\"https:\/\/www.granadahoy.com\/agustin_martinez\/\"><strong>Agust\u00edn Mart\u00ednez<\/strong><\/a><\/p>\n<p>&nbsp;<\/p>\n","protected":false},"excerpt":{"rendered":"<p>Yo creo que acabaron con \u00e9l por envidia, por no soportar su brillantez, su ingenio&#8230;<\/p>\n","protected":false},"author":1,"featured_media":63150,"comment_status":"closed","ping_status":"closed","sticky":false,"template":"","format":"standard","meta":{"_coblocks_attr":"","_coblocks_dimensions":"","_coblocks_responsive_height":"","_coblocks_accordion_ie_support":"","jetpack_post_was_ever_published":false,"_jetpack_newsletter_access":"","_jetpack_dont_email_post_to_subs":false,"_jetpack_newsletter_tier_id":0,"_jetpack_memberships_contains_paywalled_content":false,"_jetpack_memberships_contains_paid_content":false,"footnotes":"","jetpack_publicize_message":"","jetpack_publicize_feature_enabled":true,"jetpack_social_post_already_shared":false,"jetpack_social_options":{"image_generator_settings":{"template":"highway","default_image_id":0,"enabled":false},"version":2}},"categories":[10781],"tags":[10629],"class_list":["post-63149","post","type-post","status-publish","format-standard","has-post-thumbnail","hentry","category-granada","tag-muerte-e-federico"],"jetpack_publicize_connections":[],"jetpack_featured_media_url":"https:\/\/i0.wp.com\/miradordeatarfe.es\/wp-content\/uploads\/2023\/09\/poeta-federico.jpeg?fit=990%2C556&ssl=1","jetpack_likes_enabled":true,"jetpack_sharing_enabled":true,"_links":{"self":[{"href":"https:\/\/miradordeatarfe.es\/index.php?rest_route=\/wp\/v2\/posts\/63149","targetHints":{"allow":["GET"]}}],"collection":[{"href":"https:\/\/miradordeatarfe.es\/index.php?rest_route=\/wp\/v2\/posts"}],"about":[{"href":"https:\/\/miradordeatarfe.es\/index.php?rest_route=\/wp\/v2\/types\/post"}],"author":[{"embeddable":true,"href":"https:\/\/miradordeatarfe.es\/index.php?rest_route=\/wp\/v2\/users\/1"}],"replies":[{"embeddable":true,"href":"https:\/\/miradordeatarfe.es\/index.php?rest_route=%2Fwp%2Fv2%2Fcomments&post=63149"}],"version-history":[{"count":1,"href":"https:\/\/miradordeatarfe.es\/index.php?rest_route=\/wp\/v2\/posts\/63149\/revisions"}],"predecessor-version":[{"id":63151,"href":"https:\/\/miradordeatarfe.es\/index.php?rest_route=\/wp\/v2\/posts\/63149\/revisions\/63151"}],"wp:featuredmedia":[{"embeddable":true,"href":"https:\/\/miradordeatarfe.es\/index.php?rest_route=\/wp\/v2\/media\/63150"}],"wp:attachment":[{"href":"https:\/\/miradordeatarfe.es\/index.php?rest_route=%2Fwp%2Fv2%2Fmedia&parent=63149"}],"wp:term":[{"taxonomy":"category","embeddable":true,"href":"https:\/\/miradordeatarfe.es\/index.php?rest_route=%2Fwp%2Fv2%2Fcategories&post=63149"},{"taxonomy":"post_tag","embeddable":true,"href":"https:\/\/miradordeatarfe.es\/index.php?rest_route=%2Fwp%2Fv2%2Ftags&post=63149"}],"curies":[{"name":"wp","href":"https:\/\/api.w.org\/{rel}","templated":true}]}}