{"id":63178,"date":"2023-09-13T11:35:14","date_gmt":"2023-09-13T09:35:14","guid":{"rendered":"https:\/\/miradordeatarfe.es\/?p=63178"},"modified":"2024-01-31T12:49:07","modified_gmt":"2024-01-31T11:49:07","slug":"63178","status":"publish","type":"post","link":"https:\/\/miradordeatarfe.es\/?p=63178","title":{"rendered":"\u00abFERIA DEL COMERCIO EN ATARFE\u00bb por Jos\u00e9 Enrique Granados"},"content":{"rendered":"<div class=\"\" dir=\"auto\">\n<div id=\":rha:\" class=\"x1iorvi4 x1pi30zi x1l90r2v x1swvt13\" data-ad-comet-preview=\"message\" data-ad-preview=\"message\">\n<div class=\"x78zum5 xdt5ytf xz62fqu x16ldp7u\">\n<div class=\"xu06os2 x1ok221b\">\n<div class=\"xdj266r x11i5rnm xat24cr x1mh8g0r x1vvkbs x126k92a\">\n<h3 dir=\"auto\" style=\"text-align: justify;\">\u201cComprend\u00ed entonces que la muerte tambi\u00e9n avanza con los paisajes de la memoria, que habita calles y lugares que jam\u00e1s volver\u00eda a recorrer y que cada vez que nos calzamos los zapatos es para ir por aceras que nada saben de nosotros.\u201d (El secreto del practicante; Andr\u00e9s C\u00e1rdenas)<\/h3>\n<\/div>\n<div class=\"x11i5rnm xat24cr x1mh8g0r x1vvkbs xtlvy1s x126k92a\">\n<div dir=\"auto\" style=\"text-align: justify;\">En octubre del a\u00f1o 2000, IDEAL informaba sobre la Primera feria de la industria y el comercio:<\/div>\n<div dir=\"auto\" style=\"text-align: justify;\">\u00a0<\/div>\n<div dir=\"auto\" style=\"text-align: justify;\">&lt;&lt;<em>La Feria Empresarial de Industria, Artesan\u00eda y Comercio que se celebra en el municipio de Atarfe ha reunido en su primera edici\u00f3n a unas cuarenta empresas locales. Entre los sectores de actividad m\u00e1s representados se encuentra la construcci\u00f3n, aunque es muy variada la presencia de oficios artesanales como la cer\u00e1mica, la extracci\u00f3n de aceite, entre otras. Al acto de inauguraci\u00f3n de esta feria asistieron gran n\u00famero vecinos y empresarios de la comarca de la Vega.<\/em><\/div>\n<div dir=\"auto\" style=\"text-align: justify;\">\u00a0<\/div>\n<div dir=\"auto\" style=\"text-align: justify;\"><em> El alcalde, V\u00edctor S\u00e1nchez (PSOE), afirm\u00f3 durante la presentaci\u00f3n, en la que estuvieron presentes los miembros de la corporaci\u00f3n local, que este evento \u00abviene a ser un impulso importante a la industria y al comercio\u00bb. A pesar de que no se encuentran todos los comercios ni empresas de Atarfe, dada la falta de tiempo con la que se ha organizado, s\u00ed que est\u00e1n la mayor\u00eda de negocios que forman parte de la Asociaci\u00f3n de Empresarios, Comerciantes y Profesionales de la localidad.<\/em><\/div>\n<div dir=\"auto\" style=\"text-align: justify;\">\u00a0<\/div>\n<div dir=\"auto\" style=\"text-align: justify;\"><em> El presidente de la C\u00e1mara de Comercio, Antonio Robles, que tambi\u00e9n asisti\u00f3 a esta inauguraci\u00f3n afirm\u00f3 que este municipio \u00abha dado una vuelta tremenda a su actividad\u00bb, destacando que en \u00e9l se encuentran un gran n\u00famero de empresas consideradas de la de mayor envergadura.<\/em><\/div>\n<div dir=\"auto\" style=\"text-align: justify;\">\u00a0<\/div>\n<div dir=\"auto\" style=\"text-align: justify;\"><em>El Ayuntamiento quiere volver a organizar esta feria en los sucesivos a\u00f1os, intentando que en ella participen un mayor n\u00famero de negocios. Tambi\u00e9n quiere cambiar la fecha de su celebraci\u00f3n, a la primera semana de septiembre, que es cuando se hac\u00eda, hasta hace veinte a\u00f1os, la feria del ganado. Empresas e instituciones La primera feria de la industria y el comercio local estar\u00e1 abierta al p\u00fablico hasta ma\u00f1ana s\u00e1bado, d\u00eda de su clausura. En ella los vecinos pueden contemplar los productos de empresas de construcci\u00f3n, de cer\u00e1mica, de autom\u00f3viles, de mobiliario y decoraci\u00f3n para la casa, etc\u00e9tera. Tambi\u00e9n est\u00e1n representadas entidades como el Consorcio para el Desarrollo de la Vega-Sierra Elvira, as\u00ed como Aguasvira.&gt;<\/em>&gt;<\/div>\n<div dir=\"auto\" style=\"text-align: justify;\">\u00a0<\/div>\n<\/div>\n<div class=\"x11i5rnm xat24cr x1mh8g0r x1vvkbs xtlvy1s x126k92a\">\n<div dir=\"auto\">Una, dos y tres ediciones. Y aquel proyecto, se desvaneci\u00f3\u2026<\/div>\n<\/div>\n<div dir=\"auto\"><a href=\"https:\/\/i0.wp.com\/miradordeatarfe.es\/wp-content\/uploads\/2023\/09\/367449767_753152316818253_8774682624644977323_n.jpg?ssl=1\"><img data-recalc-dims=\"1\" loading=\"lazy\" decoding=\"async\" class=\"alignnone wp-image-63179 size-full\" src=\"https:\/\/i0.wp.com\/miradordeatarfe.es\/wp-content\/uploads\/2023\/09\/367449767_753152316818253_8774682624644977323_n.jpg?resize=640%2C360&#038;ssl=1\" alt=\"\" width=\"640\" height=\"360\" srcset=\"https:\/\/i0.wp.com\/miradordeatarfe.es\/wp-content\/uploads\/2023\/09\/367449767_753152316818253_8774682624644977323_n.jpg?w=1280&amp;ssl=1 1280w, https:\/\/i0.wp.com\/miradordeatarfe.es\/wp-content\/uploads\/2023\/09\/367449767_753152316818253_8774682624644977323_n.jpg?resize=300%2C169&amp;ssl=1 300w, https:\/\/i0.wp.com\/miradordeatarfe.es\/wp-content\/uploads\/2023\/09\/367449767_753152316818253_8774682624644977323_n.jpg?resize=1024%2C576&amp;ssl=1 1024w, https:\/\/i0.wp.com\/miradordeatarfe.es\/wp-content\/uploads\/2023\/09\/367449767_753152316818253_8774682624644977323_n.jpg?resize=768%2C432&amp;ssl=1 768w\" sizes=\"auto, (max-width: 640px) 100vw, 640px\" \/><\/a><\/div>\n<div class=\"x11i5rnm xat24cr x1mh8g0r x1vvkbs xtlvy1s x126k92a\">\n<div dir=\"auto\">\u00a0<\/div>\n<\/div>\n<div class=\"x11i5rnm xat24cr x1mh8g0r x1vvkbs xtlvy1s x126k92a\">\n<div dir=\"auto\">Gacetilla y curiosidades elvirenses<\/div>\n<\/div>\n<\/div>\n<div dir=\"auto\">\u00a0<\/div>\n<div dir=\"auto\">FOTO PORTADA A\u00d1O 2001. MCV<\/div>\n<\/div>\n<\/div>\n<\/div>\n","protected":false},"excerpt":{"rendered":"<p>\u201cComprend\u00ed entonces que la muerte tambi\u00e9n avanza con los paisajes de la memoria, que habita&#8230;<\/p>\n","protected":false},"author":1,"featured_media":63180,"comment_status":"closed","ping_status":"closed","sticky":false,"template":"","format":"standard","meta":{"_coblocks_attr":"","_coblocks_dimensions":"","_coblocks_responsive_height":"","_coblocks_accordion_ie_support":"","jetpack_post_was_ever_published":false,"_jetpack_newsletter_access":"","_jetpack_dont_email_post_to_subs":false,"_jetpack_newsletter_tier_id":0,"_jetpack_memberships_contains_paywalled_content":false,"_jetpack_memberships_contains_paid_content":false,"footnotes":"","jetpack_publicize_message":"","jetpack_publicize_feature_enabled":true,"jetpack_social_post_already_shared":false,"jetpack_social_options":{"image_generator_settings":{"template":"highway","default_image_id":0,"enabled":false},"version":2}},"categories":[2,12,6916,1161,1225,38,15],"tags":[10130,10636],"class_list":["post-63178","post","type-post","status-publish","format-standard","has-post-thumbnail","hentry","category-atarfe","category-cultura","category-ayuntamiento-de-atarfe","category-ciudadania","category-ha-de-atarfe","category-opinion-de-jose-enrique-granados","category-ultimas-noticias","tag-feria-del-comercio","tag-ferias-de-muetras"],"jetpack_publicize_connections":[],"jetpack_featured_media_url":"https:\/\/i0.wp.com\/miradordeatarfe.es\/wp-content\/uploads\/2023\/09\/portada3.jpg?fit=1740%2C1233&ssl=1","jetpack_likes_enabled":true,"jetpack_sharing_enabled":true,"_links":{"self":[{"href":"https:\/\/miradordeatarfe.es\/index.php?rest_route=\/wp\/v2\/posts\/63178","targetHints":{"allow":["GET"]}}],"collection":[{"href":"https:\/\/miradordeatarfe.es\/index.php?rest_route=\/wp\/v2\/posts"}],"about":[{"href":"https:\/\/miradordeatarfe.es\/index.php?rest_route=\/wp\/v2\/types\/post"}],"author":[{"embeddable":true,"href":"https:\/\/miradordeatarfe.es\/index.php?rest_route=\/wp\/v2\/users\/1"}],"replies":[{"embeddable":true,"href":"https:\/\/miradordeatarfe.es\/index.php?rest_route=%2Fwp%2Fv2%2Fcomments&post=63178"}],"version-history":[{"count":2,"href":"https:\/\/miradordeatarfe.es\/index.php?rest_route=\/wp\/v2\/posts\/63178\/revisions"}],"predecessor-version":[{"id":63191,"href":"https:\/\/miradordeatarfe.es\/index.php?rest_route=\/wp\/v2\/posts\/63178\/revisions\/63191"}],"wp:featuredmedia":[{"embeddable":true,"href":"https:\/\/miradordeatarfe.es\/index.php?rest_route=\/wp\/v2\/media\/63180"}],"wp:attachment":[{"href":"https:\/\/miradordeatarfe.es\/index.php?rest_route=%2Fwp%2Fv2%2Fmedia&parent=63178"}],"wp:term":[{"taxonomy":"category","embeddable":true,"href":"https:\/\/miradordeatarfe.es\/index.php?rest_route=%2Fwp%2Fv2%2Fcategories&post=63178"},{"taxonomy":"post_tag","embeddable":true,"href":"https:\/\/miradordeatarfe.es\/index.php?rest_route=%2Fwp%2Fv2%2Ftags&post=63178"}],"curies":[{"name":"wp","href":"https:\/\/api.w.org\/{rel}","templated":true}]}}