{"id":63221,"date":"2023-09-14T10:28:54","date_gmt":"2023-09-14T08:28:54","guid":{"rendered":"https:\/\/miradordeatarfe.es\/?p=63221"},"modified":"2023-10-23T13:45:13","modified_gmt":"2023-10-23T11:45:13","slug":"en-septiembre-mas-poesia-para-granada","status":"publish","type":"post","link":"https:\/\/miradordeatarfe.es\/?p=63221","title":{"rendered":"En septiembre, m\u00e1s poes\u00eda para Granada"},"content":{"rendered":"<h3 class=\"v-p\" style=\"text-align: justify;\">Hace unos d\u00edas IDEAL se hac\u00eda eco de una noticia de esas en las que la gente vota en una encuesta, nada cient\u00edfica, pero suficiente para alegrar el coraz\u00f3n de los granadinos: Granada era proclamada la ciudad m\u00e1s bonita de Espa\u00f1a. Se trataba de una votaci\u00f3n promovida en Twitter por &#8216;Relatando Historia&#8217;, donde casi 80.000 votantes prefirieron Granada frente a Sevilla en la gran final.<\/h3>\n<p class=\"v-p\" style=\"text-align: justify;\">Granada es el orgullo de los granadinos y despierta admiraci\u00f3n en los visitantes. Una ciudad que lo re\u00fane todo, o casi todo, pues no siempre los \u00edndices socioecon\u00f3micos est\u00e1n a la altura de su valor patrimonial y su proyecci\u00f3n cultural. El recordado profesor Nicol\u00e1s L\u00f3pez Calera, en las postrimer\u00edas del siglo XX, nos regal\u00f3 un precioso ensayo: &#8216;El ser granadino&#8217;, pr\u00f3digo en reflexiones sobre los habitantes de una ciudad marcada por la historia. Refiri\u00e9ndose a la praxis granadina y su hacer negativo ven\u00eda a decir: \u00abLa historia del granadino siempre es lenta. Es la parsimonia granadina. El granadino no suele tener prisa\u00bb, ni siquiera cuando puede hacer &#8216;buenas obras&#8217;. A la vuelta del verano iniciamos un nuevo curso escolar, social, pol\u00edtico y cultural. Si el calor antes no nos ha derretido el cerebro, habremos de estar despiertos para que la entrada del oto\u00f1o venga acompa\u00f1ada de aires renovados. Cada vez estoy m\u00e1s convencido de que el a\u00f1o nuevo, cuando emitimos los mejores deseos y hacemos elogiadas promesas de cambio, no empieza en enero, sino en septiembre. Cuando nos desperezamos de la modorra del est\u00edo y hacemos planes para volver a las rutinas aplazadas con \u00e1nimos remozados, y superar pronto ese constructo psicol\u00f3gico que llamamos s\u00edndrome posvacacional. \u00a1Y qu\u00e9 mejor que la cultura como imprescindible aliciente!<\/p>\n<p class=\"v-p\" style=\"text-align: justify;\">Granada, ciudad donde la cultura es eje vertebrador de su vida, suele ofrecer suficientes acicates para afrontar la nueva estaci\u00f3n meteorol\u00f3gica con la ilusi\u00f3n de transformar la tristeza y la melancol\u00eda, achacables al oto\u00f1o, donde la naturaleza se viste de ocres, pardos y rojos, en tiempo de reflexi\u00f3n y mirada interior, capaz de aglutinar tantos est\u00edmulos visuales y emocionales para despertar en nosotros un c\u00famulo de enso\u00f1aciones que calmen nuestra alma. Mucho m\u00e1s, si acaso, que el instante de nostalgia por el amor alejado, en ese \u00abotro oto\u00f1o triste\u00bb que \u00abha llegado sin ti\u00bb, del que hablaba Miguel Hern\u00e1ndez, cuando idos los d\u00edas c\u00e1lidos, tambi\u00e9n se fueron \u00ablos momentos que a tu lado viv\u00ed\u00bb.<\/p>\n<p class=\"v-p\" style=\"text-align: justify;\">El oto\u00f1o en Granada alumbra importantes eventos culturales, algunos con una preciada tradici\u00f3n. La ciudad se llena de jazz, conciertos de m\u00fasica cl\u00e1sica, teatro, feria del libro antiguo, novedades literarias, exposiciones de pintura\u2026 y poes\u00eda. La tradici\u00f3n po\u00e9tica de nuestra ciudad ha marcado tendencia a lo largo del tiempo con enormes poetas: Soto de Rojas, \u00c1ngel Ganivet, Luis Rosales, Federico Garc\u00eda Lorca, Elena Mart\u00edn Vivaldi, Rafael Guill\u00e9n, Javier Egea, Antonio Carvajal\u2026 La \u00faltima gran presencia granadina en la poes\u00eda espa\u00f1ola viene de la mano del movimiento la Otra Sentimentalidad, de tanta influencia en el devenir po\u00e9tico espa\u00f1ol en las \u00faltimas d\u00e9cadas.<\/p>\n<p class=\"v-p\" style=\"text-align: justify;\">Llega septiembre y, cada martes, el Ateneo de Granada ofrecer\u00e1 a la ciudad el mejor evento po\u00e9tico con el ciclo Poes\u00eda en el Jard\u00edn. En colaboraci\u00f3n con el Centro Andaluz de las Letras, esta XIII edici\u00f3n presenta un programa que rendir\u00e1 homenaje, en su 40 aniversario, a la Otra Sentimentalidad: \u00c1ngeles Mora, Luis Garc\u00eda Montero, Teresa G\u00f3mez, Antonio Jim\u00e9nez Mill\u00e1n y \u00c1lvaro Salvador; adem\u00e1s de Benjam\u00edn Prado y Francisco D\u00edaz de Castro. A la poes\u00eda se unir\u00e1 la m\u00fasica, con preciados acompa\u00f1amientos musicales en cada velada.<\/p>\n<p class=\"v-p\" style=\"text-align: justify;\">Poes\u00eda en el Jard\u00edn inaugura desde hace trece a\u00f1os la temporada cultural de Granada. En esta ocasi\u00f3n el espacio elegido para los cuatro recitales es el jard\u00edn del Cuarto Real de Santo Domingo, gracias a la colaboraci\u00f3n del Ayuntamiento de Granada. Hasta ahora la sede hab\u00eda sido el jard\u00edn de la Casa de los Tiros. Poes\u00eda en el Jard\u00edn es la gran apuesta cultural del Ateneo, sin menoscabo de la ingente actividad cultural que despliega esta instituci\u00f3n a lo largo del curso acad\u00e9mico. Este a\u00f1o coincide con la grata noticia de la concesi\u00f3n al ciclo del premio y menci\u00f3n especial de la Federaci\u00f3n de Ateneos de Andaluc\u00eda, en reconocimiento a su encomiable trayectoria en el panorama cultural de Granada y, por extensi\u00f3n, de Andaluc\u00eda.<\/p>\n<p class=\"v-p\" style=\"text-align: justify;\">La cultura en Granada tiene que seguir creciendo en extensi\u00f3n y calidad, donde todos los agentes que intervienen en su promoci\u00f3n remen en favor del inter\u00e9s general de la ciudad. Siendo la cultura uno de sus grandes patrimonios, el m\u00e1s notable dir\u00eda yo, no debemos descuidarla. Sabemos que Granada es la ciudad m\u00e1s bonita de Espa\u00f1a y un referente nacional en cultura, todos los esfuerzos que hagamos ser\u00e1n pocos para seguir fortaleciendo este bien com\u00fan. Si la historia del granadino, como dec\u00eda L\u00f3pez Calera, es lenta y no suele tener prisa, quiz\u00e1 haya que a\u00f1adir algo importante: la uni\u00f3n de fuerzas para que la cultura resplandezca. En esa apuesta est\u00e1 el Ateneo de Granada, su esp\u00edritu de colaboraci\u00f3n con las dem\u00e1s instituciones p\u00fablicas y privadas siempre est\u00e1 presente. Queremos que el oto\u00f1o sea algo m\u00e1s que ese barco que navega \u00abcon abrigos, silencios y paraguas, \/ sobre los parques y las arboledas\u00bb, como lo defin\u00eda Luis Garc\u00eda Montero en su poema &#8216;Oto\u00f1o&#8217;, queremos que el oto\u00f1o haga latir la cultura en Granada, que la melancol\u00eda la impulse en beneficio com\u00fan, no en patrimonio de nadie, y sea el alimento del esp\u00edritu que nos haga m\u00e1s libres.<\/p>\n<div class=\"v-a-img-c \">\n<figure class=\"v-a-fig\"><figcaption class=\"v-fc\"><span class=\"v-fc__text\"><br \/>\n<strong>Antonio Lara Ramos<\/strong><br \/>\nFOTO: Una edici\u00f3n anterior de &#8216;Poes\u00eda en el Jard\u00edn&#8217;.<\/span> <span class=\"v-fc__ath\">Alfredo Aguilar<br \/>\nhttps:\/\/www.ideal.es\/culturas\/antonio-lara-ramos-septiembre-poesia-granada-20230830001248-nt.html<br \/>\n<\/span><\/figcaption><\/figure>\n<\/div>\n<div class=\"v-a-info-c \" data-voc-adbd-layer=\"\">\n<h1 class=\"v-a-t\">\u00a0<\/h1>\n<div class=\"v-mdl-ath\" data-voc-component=\"viewport-not-visible\">\n<div class=\"v-mdl-ath__c v-mdl-ath__c--1\">\n<div class=\"v-mdl-ath__info\">\n<p class=\"v-mdl-ath__p v-mdl-ath__p--name\"><strong>\u00a0<\/strong><\/p>\n<\/div>\n<\/div>\n<\/div>\n<\/div>\n","protected":false},"excerpt":{"rendered":"<p>Hace unos d\u00edas IDEAL se hac\u00eda eco de una noticia de esas en las que&#8230;<\/p>\n","protected":false},"author":1,"featured_media":63225,"comment_status":"closed","ping_status":"closed","sticky":false,"template":"","format":"standard","meta":{"_coblocks_attr":"","_coblocks_dimensions":"","_coblocks_responsive_height":"","_coblocks_accordion_ie_support":"","jetpack_post_was_ever_published":false,"_jetpack_newsletter_access":"","_jetpack_dont_email_post_to_subs":false,"_jetpack_newsletter_tier_id":0,"_jetpack_memberships_contains_paywalled_content":false,"_jetpack_memberships_contains_paid_content":false,"footnotes":"","jetpack_publicize_message":"","jetpack_publicize_feature_enabled":true,"jetpack_social_post_already_shared":false,"jetpack_social_options":{"image_generator_settings":{"template":"highway","default_image_id":0,"enabled":false},"version":2}},"categories":[1161,10781,44],"tags":[224,1188],"class_list":["post-63221","post","type-post","status-publish","format-standard","has-post-thumbnail","hentry","category-ciudadania","category-granada","category-noticias-de-hoy","tag-poesia","tag-septiembre"],"jetpack_publicize_connections":[],"jetpack_featured_media_url":"https:\/\/i0.wp.com\/miradordeatarfe.es\/wp-content\/uploads\/2023\/09\/poesia-758x531-1.jpg?fit=758%2C505&ssl=1","jetpack_likes_enabled":true,"jetpack_sharing_enabled":true,"_links":{"self":[{"href":"https:\/\/miradordeatarfe.es\/index.php?rest_route=\/wp\/v2\/posts\/63221","targetHints":{"allow":["GET"]}}],"collection":[{"href":"https:\/\/miradordeatarfe.es\/index.php?rest_route=\/wp\/v2\/posts"}],"about":[{"href":"https:\/\/miradordeatarfe.es\/index.php?rest_route=\/wp\/v2\/types\/post"}],"author":[{"embeddable":true,"href":"https:\/\/miradordeatarfe.es\/index.php?rest_route=\/wp\/v2\/users\/1"}],"replies":[{"embeddable":true,"href":"https:\/\/miradordeatarfe.es\/index.php?rest_route=%2Fwp%2Fv2%2Fcomments&post=63221"}],"version-history":[{"count":1,"href":"https:\/\/miradordeatarfe.es\/index.php?rest_route=\/wp\/v2\/posts\/63221\/revisions"}],"predecessor-version":[{"id":63226,"href":"https:\/\/miradordeatarfe.es\/index.php?rest_route=\/wp\/v2\/posts\/63221\/revisions\/63226"}],"wp:featuredmedia":[{"embeddable":true,"href":"https:\/\/miradordeatarfe.es\/index.php?rest_route=\/wp\/v2\/media\/63225"}],"wp:attachment":[{"href":"https:\/\/miradordeatarfe.es\/index.php?rest_route=%2Fwp%2Fv2%2Fmedia&parent=63221"}],"wp:term":[{"taxonomy":"category","embeddable":true,"href":"https:\/\/miradordeatarfe.es\/index.php?rest_route=%2Fwp%2Fv2%2Fcategories&post=63221"},{"taxonomy":"post_tag","embeddable":true,"href":"https:\/\/miradordeatarfe.es\/index.php?rest_route=%2Fwp%2Fv2%2Ftags&post=63221"}],"curies":[{"name":"wp","href":"https:\/\/api.w.org\/{rel}","templated":true}]}}