{"id":63227,"date":"2023-09-14T11:04:57","date_gmt":"2023-09-14T09:04:57","guid":{"rendered":"https:\/\/miradordeatarfe.es\/?p=63227"},"modified":"2023-09-10T16:15:18","modified_gmt":"2023-09-10T14:15:18","slug":"la-espana-sanchista","status":"publish","type":"post","link":"https:\/\/miradordeatarfe.es\/?p=63227","title":{"rendered":"\u00abLa Espa\u00f1a sanchista\u00bb por Alberto Granados"},"content":{"rendered":"<h3 style=\"text-align: justify;\">Todo era v\u00e1lido con tal de echar a Pedro S\u00e1nchez y al PSOE de la Moncloa, incluso usar los recursos m\u00e1s indecentes, como la menci\u00f3n a Txapote.<\/h3>\n<div class=\"entry-content\">\n<p>O el sanchismo o Espa\u00f1a\u00bb, ha sido una de las admoniciones que N\u00fa\u00f1ez Feij\u00f3o ha esgrimido durante su acoso al Presidente S\u00e1nchez. Feij\u00f3o y sus adl\u00e1teres (Cuca Gamarra, El\u00edas Bendodo, Carlos Herrera\u2026) han hecho, no una campa\u00f1a electoral, sino una campa\u00f1a de acoso y derribo que casi siempre ha sido marrullera y da\u00f1ina, desde cuestionar la legitimidad de S\u00e1nchez hasta acusarlo de complicidad en el asesinato de Miguel \u00c1ngel Blanco. Todo era v\u00e1lido con tal de echar a Pedro S\u00e1nchez y al PSOE de la Moncloa, incluso usar los recursos m\u00e1s indecentes, como la menci\u00f3n a Txapote.<\/p>\n<p class=\"has-black-color has-text-color has-medium-font-size\" style=\"text-align: justify;\" data-adtags-visited=\"true\">Hemos asistido a una cadena de desverg\u00fcenzas, de indecencias, de p\u00e9rdidas de la dignidad y muy pocas voces han desenmascarado la maniobra (entre estas, la de A. Mu\u00f1oz Molina, en su columna La era de la vileza, del pasado d\u00eda 15 en El Pa\u00eds).<\/p>\n<div class=\"wp-block-image\" style=\"text-align: justify;\">\n<figure class=\"aligncenter size-large is-resized\"><a href=\"https:\/\/albertogranados.files.wordpress.com\/2023\/07\/fotonoticia_20230723224759-3071570259_9999.jpg\"><img data-recalc-dims=\"1\" loading=\"lazy\" decoding=\"async\" class=\"wp-image-8956\" src=\"https:\/\/albertogranados.files.wordpress.com\/2023\/07\/fotonoticia_20230723224759-3071570259_9999.jpg?w=1024&#038;resize=640%2C429\" sizes=\"auto, (max-width: 928px) 100vw, 928px\" srcset=\"https:\/\/albertogranados.files.wordpress.com\/2023\/07\/fotonoticia_20230723224759-3071570259_9999.jpg?w=1024 1024w, https:\/\/albertogranados.files.wordpress.com\/2023\/07\/fotonoticia_20230723224759-3071570259_9999.jpg?w=928 928w, https:\/\/albertogranados.files.wordpress.com\/2023\/07\/fotonoticia_20230723224759-3071570259_9999.jpg?w=1856 1856w, https:\/\/albertogranados.files.wordpress.com\/2023\/07\/fotonoticia_20230723224759-3071570259_9999.jpg?w=150 150w, https:\/\/albertogranados.files.wordpress.com\/2023\/07\/fotonoticia_20230723224759-3071570259_9999.jpg?w=300 300w, https:\/\/albertogranados.files.wordpress.com\/2023\/07\/fotonoticia_20230723224759-3071570259_9999.jpg?w=768 768w\" alt=\"\" width=\"640\" height=\"429\" data-attachment-id=\"8956\" data-permalink=\"https:\/\/albertogranados.wordpress.com\/2023\/07\/24\/la-espana-sanchista\/fotonoticia_20230723224759-3071570259_9999\/\" data-orig-file=\"https:\/\/albertogranados.files.wordpress.com\/2023\/07\/fotonoticia_20230723224759-3071570259_9999.jpg\" data-orig-size=\"2048,1372\" data-comments-opened=\"1\" data-image-meta=\"{&quot;aperture&quot;:&quot;0&quot;,&quot;credit&quot;:&quot;&quot;,&quot;camera&quot;:&quot;&quot;,&quot;caption&quot;:&quot;&quot;,&quot;created_timestamp&quot;:&quot;0&quot;,&quot;copyright&quot;:&quot;&quot;,&quot;focal_length&quot;:&quot;0&quot;,&quot;iso&quot;:&quot;0&quot;,&quot;shutter_speed&quot;:&quot;0&quot;,&quot;title&quot;:&quot;&quot;,&quot;orientation&quot;:&quot;0&quot;}\" data-image-title=\"fotonoticia_20230723224759-3071570259_9999\" data-image-description=\"\" data-image-caption=\"\" data-medium-file=\"https:\/\/albertogranados.files.wordpress.com\/2023\/07\/fotonoticia_20230723224759-3071570259_9999.jpg?w=300\" data-large-file=\"https:\/\/albertogranados.files.wordpress.com\/2023\/07\/fotonoticia_20230723224759-3071570259_9999.jpg?w=560\" \/><\/a><\/figure>\n<\/div>\n<p class=\"has-text-align-center\" style=\"text-align: justify;\" data-adtags-visited=\"true\">Imagen de Infonoticia<\/p>\n<p class=\"has-black-color has-text-color has-medium-font-size\" style=\"text-align: justify;\" data-adtags-visited=\"true\">Tras la jornada electoral del 28 de mayo, en que e PSOE parec\u00eda haber tocado fondo, los populares pensaron que el poder omn\u00edmodo estaba de nevo en las manos de donde nunca debi\u00f3 salir: las suyas. Esta gente lleva inscrito a sangre y fuego que son los depositarios esenciales del poder y cuando manda la izquierda les parece un contradi\u00f3s que hay que arreglar cuanto antes, de ah\u00ed la agresividad que son capaces de destilar, como un veneno social que siembra odios y los abona, si hace falta, con mentiras y bulos.<\/p>\n<p class=\"has-black-color has-text-color has-medium-font-size\" style=\"text-align: justify;\" data-adtags-visited=\"true\">Se consideran tan legitimados para el poder que Feij\u00f3o, que no me parece a m\u00ed un superdotado, se invent\u00f3 el mantra mencionado: \u00abO el sanchismo o Espa\u00f1a\u00bb, con el que miles de personas que simpatizamos con S\u00e1nchez y lo votamos qued\u00e1bamos fuera de esa espa\u00f1olidad que no se quitan jam\u00e1s de la boca.<\/p>\n<p class=\"has-black-color has-text-color has-medium-font-size\" style=\"text-align: justify;\" data-adtags-visited=\"true\">S\u00e1nchez ha sido Perro S\u00e1nchez, lo iba a votar Txapote, era un traidor por haber pactado con Bildu y los separatistas, era filoetarra, su gobierno era comunista bolivariano (nunca he entendido exactamente el concepto, ni ellos tampoco, ya que es solo un insulto). Cualquier lindeza descalificatoria les resultaba v\u00e1lida con tal de echar a S\u00e1nchez y a sus socios de la Moncloa. Hemos tragado quina y casi d\u00e1bamos la batalla por perdida, pero S\u00e1nchez, el supuesto presidente ileg\u00edtimo, el traidor, el ineficaz peor presidente de la Historia reciente, es decir, Pedro S\u00e1nchez les dio anoche un mal rato, otro m\u00e1s, a tanto cretino.<\/p>\n<p class=\"has-black-color has-text-color has-medium-font-size\" style=\"text-align: justify;\" data-adtags-visited=\"true\">Cada vez que he usado las redes para hablar de los m\u00e9ritos (tambi\u00e9n de los dem\u00e9ritos) de S\u00e1nchez y su gobierno, me he llevado el rapapolvo de tres o cuatro paisanos. Ayer mismo, a las 20,00 h. recib\u00ed un puyazo sobre la credibilidad de Tezanos, al que, por cierto yo habr\u00eda cesado hace tiempo. Pero el recuento electoral fue avanzando y aparecieron argumentos de mil colores, lo que no aparec\u00eda era la derrota absoluta, la trituraci\u00f3n de Pedro S\u00e1nchez, el tiro de gracia al gobierno que ha bregado con pandemia, volc\u00e1n, guerra de Ucrania, inflaci\u00f3n, precios abusivos de las fuentes energ\u00e9ticas\u2026 y lo ha gestionado de la forma m\u00e1s digna posible, pese a la interesada propaganda negativa de esa desleal oposici\u00f3n que m\u00e1s que debate usa el denuesto tabernario, m\u00e1s que inteligencia pol\u00edtica, usa el desahogo soez y m\u00e1s que di\u00e1logo el desplante chulesco.<\/p>\n<p class=\"has-black-color has-text-color has-medium-font-size\" style=\"text-align: justify;\" data-adtags-visited=\"true\">Ya hab\u00eda demasiada perplejidad en los resultados del 28 de mayo. Ya hab\u00eda demasiado insulto, demasiado incumplimiento (las alianzas con VOX, despu\u00e9s de descalificar a S\u00e1nchez), demasiada arrogancia. Porque la diferencia de votos no llega a 300.000 y, lo que les estar\u00e1 dando una muy mala noche es que ellos, los mandatarios naturales, los amos del cotarro, no est\u00e1n a tiro del poder ni ali\u00e1ndose con algo tan repugnante como el pensamiento croma\u00f1\u00f3n de VOX. \u00a0<\/p>\n<p class=\"has-black-color has-text-color has-medium-font-size\" style=\"text-align: justify;\" data-adtags-visited=\"true\">Feij\u00f3o hizo mal en no acudir al \u00faltimo debate. Iba tan subido que crey\u00f3 no necesitarlo. Le tem\u00eda a que su alianza con los neonazis le pasar factura, pero esta vez el electorado ha querido enmendar el desaguisado de mayo, la desafecci\u00f3n de la izquierda y ha habido una verdadera movilizaci\u00f3n. Y los salvadores de la patria, los paladines del neoliberalismo, los amiguetes del sector financiero-empresarial, han obtenido una victoria p\u00edrrica por insuficiente. Yo, que pertenezco a la Espa\u00f1a sanchista, me alegro mucho. Y los que no se alegran se lo han buscado.<\/p>\n<p class=\"has-black-color has-text-color has-medium-font-size\" style=\"text-align: justify;\" data-adtags-visited=\"true\"><a href=\"https:\/\/albertogranados.wordpress.com\/2023\/07\/24\/la-espana-sanchista\/\">Alberto Granados<\/a><\/p>\n<p data-adtags-visited=\"true\">FOTO: La cara de Bendodo\u2026 (Imagen de Atl\u00e1ntico.net)<\/p>\n<p data-adtags-visited=\"true\">\u00a0<\/p>\n<\/div>\n","protected":false},"excerpt":{"rendered":"<p>Todo era v\u00e1lido con tal de echar a Pedro S\u00e1nchez y al PSOE de la&#8230;<\/p>\n","protected":false},"author":1,"featured_media":63228,"comment_status":"closed","ping_status":"closed","sticky":false,"template":"","format":"standard","meta":{"_coblocks_attr":"","_coblocks_dimensions":"","_coblocks_responsive_height":"","_coblocks_accordion_ie_support":"","jetpack_post_was_ever_published":false,"_jetpack_newsletter_access":"","_jetpack_dont_email_post_to_subs":false,"_jetpack_newsletter_tier_id":0,"_jetpack_memberships_contains_paywalled_content":false,"_jetpack_memberships_contains_paid_content":false,"footnotes":"","jetpack_publicize_message":"","jetpack_publicize_feature_enabled":true,"jetpack_social_post_already_shared":false,"jetpack_social_options":{"image_generator_settings":{"template":"highway","default_image_id":0,"enabled":false},"version":2}},"categories":[39,1161,44,7671,15],"tags":[9034,42,3146],"class_list":["post-63227","post","type-post","status-publish","format-standard","has-post-thumbnail","hentry","category-opinion-de-alberto-granados","category-ciudadania","category-noticias-de-hoy","category-politica","category-ultimas-noticias","tag-feijoo","tag-politica","tag-sanchez"],"jetpack_publicize_connections":[],"jetpack_featured_media_url":"https:\/\/i0.wp.com\/miradordeatarfe.es\/wp-content\/uploads\/2023\/09\/2023072400424958011.jpg?fit=1080%2C720&ssl=1","jetpack_likes_enabled":true,"jetpack_sharing_enabled":true,"_links":{"self":[{"href":"https:\/\/miradordeatarfe.es\/index.php?rest_route=\/wp\/v2\/posts\/63227","targetHints":{"allow":["GET"]}}],"collection":[{"href":"https:\/\/miradordeatarfe.es\/index.php?rest_route=\/wp\/v2\/posts"}],"about":[{"href":"https:\/\/miradordeatarfe.es\/index.php?rest_route=\/wp\/v2\/types\/post"}],"author":[{"embeddable":true,"href":"https:\/\/miradordeatarfe.es\/index.php?rest_route=\/wp\/v2\/users\/1"}],"replies":[{"embeddable":true,"href":"https:\/\/miradordeatarfe.es\/index.php?rest_route=%2Fwp%2Fv2%2Fcomments&post=63227"}],"version-history":[{"count":3,"href":"https:\/\/miradordeatarfe.es\/index.php?rest_route=\/wp\/v2\/posts\/63227\/revisions"}],"predecessor-version":[{"id":63232,"href":"https:\/\/miradordeatarfe.es\/index.php?rest_route=\/wp\/v2\/posts\/63227\/revisions\/63232"}],"wp:featuredmedia":[{"embeddable":true,"href":"https:\/\/miradordeatarfe.es\/index.php?rest_route=\/wp\/v2\/media\/63228"}],"wp:attachment":[{"href":"https:\/\/miradordeatarfe.es\/index.php?rest_route=%2Fwp%2Fv2%2Fmedia&parent=63227"}],"wp:term":[{"taxonomy":"category","embeddable":true,"href":"https:\/\/miradordeatarfe.es\/index.php?rest_route=%2Fwp%2Fv2%2Fcategories&post=63227"},{"taxonomy":"post_tag","embeddable":true,"href":"https:\/\/miradordeatarfe.es\/index.php?rest_route=%2Fwp%2Fv2%2Ftags&post=63227"}],"curies":[{"name":"wp","href":"https:\/\/api.w.org\/{rel}","templated":true}]}}