{"id":63239,"date":"2023-10-05T11:33:51","date_gmt":"2023-10-05T09:33:51","guid":{"rendered":"https:\/\/miradordeatarfe.es\/?p=63239"},"modified":"2023-10-19T20:17:41","modified_gmt":"2023-10-19T18:17:41","slug":"atarfe-ermita-de-santa-ana","status":"publish","type":"post","link":"https:\/\/miradordeatarfe.es\/?p=63239","title":{"rendered":"ATARFE: Ermita de Santa Ana"},"content":{"rendered":"<h3 style=\"text-align: justify;\">Se encuentra enclavada en una peque\u00f1a colina al noroeste del casco urbano.<\/h3>\n<p style=\"text-align: justify;\">Es un templo de planta rectangular con presbiterio diferenciado por una armadura mud\u00e9jar del siglo XVII de forma cuadrada y que responde al tipo de limas mahomares, con un lazo de ocho puntas en el centro de la cubierta.<\/p>\n<p style=\"text-align: justify;\">La capilla comunica con la casa parroquial y la cripta.<\/p>\n<p style=\"text-align: justify;\">En el interior de la capilla se puede ver un bello retablo de madera dorada (de \u00abcascar\u00f3n dorado\u00bb) con valiosas tallas del siglo XVIII, que forma su altar. Originalmente en la Iglesia de la Encarnaci\u00f3n, fue trasladado a esta Ermita en 1808, pero debido a sus dimensiones tuvo que ser adaptado recort\u00e1ndole los laterales.<\/p>\n<p style=\"text-align: justify;\">En el centro del mismo se aloja la imagen de Santa Ana (patrona de Atarfe) y sobre unas peanas a ambos lados del mismo, est\u00e1n las im\u00e1genes de San Antonio de Padua y San Jos\u00e9 con el ni\u00f1o Jes\u00fas. En su \u00e1tico se encuentra un lienzo de la Presentaci\u00f3n de la Virgen en el Templo.<\/p>\n<p style=\"text-align: justify;\">Tras su remodelaci\u00f3n, hoy se dedica al culto a la Patrona de Atarfe, Santa Ana.<\/p>\n<h3 style=\"text-align: justify;\"><strong>Rese\u00f1a Hist\u00f3rica<\/strong><\/h3>\n<p style=\"text-align: justify;\">La Ermita originariamente era la Capilla del convento de la orden de San Pablo de la Cruz. Tras el abandono del convento la zona pas\u00f3 a ser usada como cementerio municipal, el cual fue trasladado a su ubicaci\u00f3n actual en 1883 y del que todav\u00eda hoy se aprecian restos.<\/p>\n<p style=\"text-align: justify;\">Desde entonces la Ermita se dedica \u00fanicamente al culto de la Patrona Santa Ana.<\/p>\n<p style=\"text-align: justify;\">En 1958 sufri\u00f3 una gran remodelaci\u00f3n bajo el Plan de Regiones Devastadas (RD) con la direcci\u00f3n de D. Juan de Dios Wilhelmy, debido al destrozo que ocasionaron el terremoto acaecido en 1956 en la localidad. A principios del siglo XXI la capilla vivi\u00f3 una peque\u00f1a reforma, quedando configurada tal y como se presenta actualmente (2015).<\/p>\n<p>Bibliograf\u00eda y documentaci\u00f3n<\/p>\n<p>&#8211; L\u00d3PEZ GUZM\u00c1N, Rafael (coord.). Gu\u00eda art\u00edstica de Granada y su provincia. Sevilla. Fundaci\u00f3n Jos\u00e9 Manuel Lara, 14\/02\/2008. 978-84-<br \/>\n96556-72-0.<br \/>\n&#8211; GRANADOS TORRES, Jos\u00e9 Enrique (coord.). Atarfe en papel. Ayuntamiento de Atarfe y Corporaci\u00f3n de Medios de Andaluc\u00eda (IDEAL). 2007<br \/>\n&#8211; GARC\u00cdA DE LOS REYES (2005). Plan General de Ordenaci\u00f3n Urban\u00edstica. Ayuntamiento de Atarfe.<\/p>\n<p><a href=\"https:\/\/i0.wp.com\/miradordeatarfe.es\/wp-content\/uploads\/2023\/09\/Screenshot-2023-09-10-at-16-54-41-PATRIMONIO-DEFINITIVO.pdf.png?ssl=1\"><img data-recalc-dims=\"1\" loading=\"lazy\" decoding=\"async\" class=\"alignnone wp-image-63241 size-full\" src=\"https:\/\/i0.wp.com\/miradordeatarfe.es\/wp-content\/uploads\/2023\/09\/Screenshot-2023-09-10-at-16-54-41-PATRIMONIO-DEFINITIVO.pdf.png?resize=640%2C345&#038;ssl=1\" alt=\"\" width=\"640\" height=\"345\" srcset=\"https:\/\/i0.wp.com\/miradordeatarfe.es\/wp-content\/uploads\/2023\/09\/Screenshot-2023-09-10-at-16-54-41-PATRIMONIO-DEFINITIVO.pdf.png?w=912&amp;ssl=1 912w, https:\/\/i0.wp.com\/miradordeatarfe.es\/wp-content\/uploads\/2023\/09\/Screenshot-2023-09-10-at-16-54-41-PATRIMONIO-DEFINITIVO.pdf.png?resize=300%2C162&amp;ssl=1 300w, https:\/\/i0.wp.com\/miradordeatarfe.es\/wp-content\/uploads\/2023\/09\/Screenshot-2023-09-10-at-16-54-41-PATRIMONIO-DEFINITIVO.pdf.png?resize=768%2C413&amp;ssl=1 768w\" sizes=\"auto, (max-width: 640px) 100vw, 640px\" \/><\/a><\/p>\n<p>PUBLICADO EN EL LIBRO \u00bb ATARFE PATRIMONIO CULTURAL Y NATURAL\u00bb (2015) FRANCISCA L\u00d3PEZ, I\u00d1AKI NIEVA Y\u00a0MANUEL\u00a0GUERRERO<\/p>\n","protected":false},"excerpt":{"rendered":"<p>Se encuentra enclavada en una peque\u00f1a colina al noroeste del casco urbano. Es un templo&#8230;<\/p>\n","protected":false},"author":1,"featured_media":63409,"comment_status":"closed","ping_status":"closed","sticky":false,"template":"","format":"standard","meta":{"_coblocks_attr":"","_coblocks_dimensions":"","_coblocks_responsive_height":"","_coblocks_accordion_ie_support":"","jetpack_post_was_ever_published":false,"_jetpack_newsletter_access":"","_jetpack_dont_email_post_to_subs":false,"_jetpack_newsletter_tier_id":0,"_jetpack_memberships_contains_paywalled_content":false,"_jetpack_memberships_contains_paid_content":false,"footnotes":"","jetpack_publicize_message":"","jetpack_publicize_feature_enabled":true,"jetpack_social_post_already_shared":false,"jetpack_social_options":{"image_generator_settings":{"template":"highway","default_image_id":0,"enabled":false},"version":2}},"categories":[1225],"tags":[4837,8143],"class_list":["post-63239","post","type-post","status-publish","format-standard","has-post-thumbnail","hentry","category-ha-de-atarfe","tag-c","tag-ermita-de-santa-ana"],"jetpack_publicize_connections":[],"jetpack_featured_media_url":"https:\/\/i0.wp.com\/miradordeatarfe.es\/wp-content\/uploads\/2023\/09\/U4T8171-Ermita-de-Santa-Ana.-Atarfe.Granada..jpg?fit=1134%2C756&ssl=1","jetpack_likes_enabled":true,"jetpack_sharing_enabled":true,"_links":{"self":[{"href":"https:\/\/miradordeatarfe.es\/index.php?rest_route=\/wp\/v2\/posts\/63239","targetHints":{"allow":["GET"]}}],"collection":[{"href":"https:\/\/miradordeatarfe.es\/index.php?rest_route=\/wp\/v2\/posts"}],"about":[{"href":"https:\/\/miradordeatarfe.es\/index.php?rest_route=\/wp\/v2\/types\/post"}],"author":[{"embeddable":true,"href":"https:\/\/miradordeatarfe.es\/index.php?rest_route=\/wp\/v2\/users\/1"}],"replies":[{"embeddable":true,"href":"https:\/\/miradordeatarfe.es\/index.php?rest_route=%2Fwp%2Fv2%2Fcomments&post=63239"}],"version-history":[{"count":3,"href":"https:\/\/miradordeatarfe.es\/index.php?rest_route=\/wp\/v2\/posts\/63239\/revisions"}],"predecessor-version":[{"id":63709,"href":"https:\/\/miradordeatarfe.es\/index.php?rest_route=\/wp\/v2\/posts\/63239\/revisions\/63709"}],"wp:featuredmedia":[{"embeddable":true,"href":"https:\/\/miradordeatarfe.es\/index.php?rest_route=\/wp\/v2\/media\/63409"}],"wp:attachment":[{"href":"https:\/\/miradordeatarfe.es\/index.php?rest_route=%2Fwp%2Fv2%2Fmedia&parent=63239"}],"wp:term":[{"taxonomy":"category","embeddable":true,"href":"https:\/\/miradordeatarfe.es\/index.php?rest_route=%2Fwp%2Fv2%2Fcategories&post=63239"},{"taxonomy":"post_tag","embeddable":true,"href":"https:\/\/miradordeatarfe.es\/index.php?rest_route=%2Fwp%2Fv2%2Ftags&post=63239"}],"curies":[{"name":"wp","href":"https:\/\/api.w.org\/{rel}","templated":true}]}}