{"id":63269,"date":"2023-09-22T11:19:34","date_gmt":"2023-09-22T09:19:34","guid":{"rendered":"https:\/\/miradordeatarfe.es\/?p=63269"},"modified":"2023-09-11T12:08:18","modified_gmt":"2023-09-11T10:08:18","slug":"atarfe-lola-herrera-regresa-con-su-ultima-obra-teatral","status":"publish","type":"post","link":"https:\/\/miradordeatarfe.es\/?p=63269","title":{"rendered":"ATARFE: Lola Herrera regresa con su \u00faltima obra teatral"},"content":{"rendered":"<h3 class=\"entry-title\" style=\"text-align: justify;\">La reputada actriz Lola Herrera llega a Atarfe con \u2018Adictos\u2019, su nueva obra de teatro. Junto con Ana Labordeta y Lola Baldrich, interpretar\u00e1 el texto dirigido por Mag\u00fci Mira en el Centro Cultural Medina Elvira<\/h3>\n<p class=\"intro\" style=\"text-align: justify;\">La primera funci\u00f3n tuvo que ser suspendida el pasado noviembre por enfermedad de la artista principal. Por ello el <strong>Centro Cultural Medina Elvira<\/strong> de <strong>Atarfe<\/strong> acoge el <strong>pr\u00f3ximo 29 de septiembre a las 21.00 horas<\/strong> la representaci\u00f3n de <strong>\u2018Adictos\u2019<\/strong>, la \u00faltima obra teatral de Lola Herrera, que estar\u00e1 acompa\u00f1ada sobre el escenario por Ana Labordeta y Lola Baldrich.<\/p>\n<p style=\"text-align: justify;\">La obra es, en palabras de su directora, \u201cpuro enigma, teatro\u201d. \u201cEn una sociedad controlada por el poder, la honestidad paga un precio muy alto, si no eres adicto al sistema\u201d, presenta Mag\u00fci Mira, quien sostiene que la representaci\u00f3n pone \u201cla verdad frente a la manipulaci\u00f3n y la desinformaci\u00f3n\u201d. \u201cEstela Anderson, cient\u00edfica de prestigio internacional, descubre que el proyecto en el que lleva a\u00f1os trabajando va a ser utilizado en contra de la humanidad\u201d, avanza, sobre el texto escrito por Daniel Dicenta Herrera y Juanma G\u00f3mez.<\/p>\n<p style=\"text-align: justify;\">\u201cNos transporta a una democracia deshilachada, que pierde sus fuertes nutrientes: la \u00e9tica y los valores que nos dan fuerza para seguir avanzando\u201d, sostiene la directora, quien resalta la actuaci\u00f3n de \u201ctres actrices excelentes\u201d. \u201cInterpretan con compromiso y mucho arte a tres personajes altamente cualificados, valientes y generosos\u201d, afirma.<\/p>\n<p style=\"text-align: justify;\">La protagonista, Estela Anderson, ser\u00e1 interpretada por Lola Herrera, una de las actrices m\u00e1s conocidas del panorama nacional. En esta obra encarna a una cient\u00edfica inteligente que se da cuenta de que se plantean fines mal\u00e9volos para su proyecto. Lola Baldrich dar\u00e1 vida a la doctora Soler, jefa del departamento de Psiquiatr\u00eda de un moderno hospital, mientras que Ana Labordeta actuar\u00e1 como Eva Landau, una periodista y escritora reconocida. \u201cLas tres se lanzan a una aventura social y pol\u00edtica cargada de emociones inesperadas\u201d, subraya la directora.<\/p>\n<p style=\"text-align: justify;\">Esta obra, dirigida por Mag\u00fci Mira tendr\u00e1 en Atarfe su \u00fanica funci\u00f3n en <strong>Granada<\/strong> tras la cancelaci\u00f3n el pasado noviembre de la representaci\u00f3n por <em>enfermedad<\/em> de la artista principal.<\/p>\n<p style=\"text-align: justify;\">El Ayuntamiento de la localidad metropolitana, Pentaci\u00f3n Espect\u00e1culos y Uno Mola no han parado de colaborar buscando una nueva fecha en la apretada agenda de la compa\u00f1\u00eda tras los \u00e9xitos cosechados en los teatros de Espa\u00f1a.<\/p>\n<p><a href=\"https:\/\/i0.wp.com\/miradordeatarfe.es\/wp-content\/uploads\/2023\/09\/lola-herrera-ana-labordeta-lola-baldrich-obra-teatro-adictos-atarfe-gabinete.jpg?ssl=1\"><img data-recalc-dims=\"1\" loading=\"lazy\" decoding=\"async\" class=\"alignnone wp-image-63270 size-full\" src=\"https:\/\/i0.wp.com\/miradordeatarfe.es\/wp-content\/uploads\/2023\/09\/lola-herrera-ana-labordeta-lola-baldrich-obra-teatro-adictos-atarfe-gabinete.jpg?resize=640%2C426&#038;ssl=1\" alt=\"\" width=\"640\" height=\"426\" srcset=\"https:\/\/i0.wp.com\/miradordeatarfe.es\/wp-content\/uploads\/2023\/09\/lola-herrera-ana-labordeta-lola-baldrich-obra-teatro-adictos-atarfe-gabinete.jpg?w=680&amp;ssl=1 680w, https:\/\/i0.wp.com\/miradordeatarfe.es\/wp-content\/uploads\/2023\/09\/lola-herrera-ana-labordeta-lola-baldrich-obra-teatro-adictos-atarfe-gabinete.jpg?resize=300%2C200&amp;ssl=1 300w\" sizes=\"auto, (max-width: 640px) 100vw, 640px\" \/><\/a><\/p>\n","protected":false},"excerpt":{"rendered":"<p>La reputada actriz Lola Herrera llega a Atarfe con \u2018Adictos\u2019, su nueva obra de teatro&#8230;.<\/p>\n","protected":false},"author":1,"featured_media":63271,"comment_status":"closed","ping_status":"closed","sticky":false,"template":"","format":"standard","meta":{"_coblocks_attr":"","_coblocks_dimensions":"","_coblocks_responsive_height":"","_coblocks_accordion_ie_support":"","jetpack_post_was_ever_published":false,"_jetpack_newsletter_access":"","_jetpack_dont_email_post_to_subs":false,"_jetpack_newsletter_tier_id":0,"_jetpack_memberships_contains_paywalled_content":false,"_jetpack_memberships_contains_paid_content":false,"footnotes":"","jetpack_publicize_message":"","jetpack_publicize_feature_enabled":true,"jetpack_social_post_already_shared":false,"jetpack_social_options":{"image_generator_settings":{"template":"highway","default_image_id":0,"enabled":false},"version":2}},"categories":[2,12,6916,1161,44,15],"tags":[9622,9621],"class_list":["post-63269","post","type-post","status-publish","format-standard","has-post-thumbnail","hentry","category-atarfe","category-cultura","category-ayuntamiento-de-atarfe","category-ciudadania","category-noticias-de-hoy","category-ultimas-noticias","tag-adictos","tag-lola-herrera"],"jetpack_publicize_connections":[],"jetpack_featured_media_url":"https:\/\/i0.wp.com\/miradordeatarfe.es\/wp-content\/uploads\/2023\/09\/lola.jpg?fit=360%2C180&ssl=1","jetpack_likes_enabled":true,"jetpack_sharing_enabled":true,"_links":{"self":[{"href":"https:\/\/miradordeatarfe.es\/index.php?rest_route=\/wp\/v2\/posts\/63269","targetHints":{"allow":["GET"]}}],"collection":[{"href":"https:\/\/miradordeatarfe.es\/index.php?rest_route=\/wp\/v2\/posts"}],"about":[{"href":"https:\/\/miradordeatarfe.es\/index.php?rest_route=\/wp\/v2\/types\/post"}],"author":[{"embeddable":true,"href":"https:\/\/miradordeatarfe.es\/index.php?rest_route=\/wp\/v2\/users\/1"}],"replies":[{"embeddable":true,"href":"https:\/\/miradordeatarfe.es\/index.php?rest_route=%2Fwp%2Fv2%2Fcomments&post=63269"}],"version-history":[{"count":1,"href":"https:\/\/miradordeatarfe.es\/index.php?rest_route=\/wp\/v2\/posts\/63269\/revisions"}],"predecessor-version":[{"id":63272,"href":"https:\/\/miradordeatarfe.es\/index.php?rest_route=\/wp\/v2\/posts\/63269\/revisions\/63272"}],"wp:featuredmedia":[{"embeddable":true,"href":"https:\/\/miradordeatarfe.es\/index.php?rest_route=\/wp\/v2\/media\/63271"}],"wp:attachment":[{"href":"https:\/\/miradordeatarfe.es\/index.php?rest_route=%2Fwp%2Fv2%2Fmedia&parent=63269"}],"wp:term":[{"taxonomy":"category","embeddable":true,"href":"https:\/\/miradordeatarfe.es\/index.php?rest_route=%2Fwp%2Fv2%2Fcategories&post=63269"},{"taxonomy":"post_tag","embeddable":true,"href":"https:\/\/miradordeatarfe.es\/index.php?rest_route=%2Fwp%2Fv2%2Ftags&post=63269"}],"curies":[{"name":"wp","href":"https:\/\/api.w.org\/{rel}","templated":true}]}}