{"id":63302,"date":"2023-09-19T10:00:47","date_gmt":"2023-09-19T08:00:47","guid":{"rendered":"https:\/\/miradordeatarfe.es\/?p=63302"},"modified":"2023-09-12T10:43:48","modified_gmt":"2023-09-12T08:43:48","slug":"la-locura-del-litro-de-aceite-a-9-euros-en-el-supermercado-cuando-bajara-el-precio","status":"publish","type":"post","link":"https:\/\/miradordeatarfe.es\/?p=63302","title":{"rendered":"La locura del litro de aceite a 9 euros en el supermercado: \u00bfCuando bajar\u00e1 el precio?"},"content":{"rendered":"<h2 class=\"v-a-sub-t\" style=\"text-align: justify;\">La lluvia condiciona la repuesta pero los expertos temen otro a\u00f1o de tensi\u00f3n ante la falta de disponibilidad<\/h2>\n<p class=\"v-p\" style=\"text-align: justify;\">No hay soluci\u00f3n pol\u00edtica posible en estos momentos. El precio del aceite est\u00e1 disparado por un problema de falta de producci\u00f3n por la sequ\u00eda y solo bajar\u00e1 si llueve. Lo vino a decir as\u00ed de claro hace unos d\u00edas el ministro de Agricultura en funciones, Luis Planas y por una vez, todo el sector parece estar de acuerdo con \u00e9l.<\/p>\n<p class=\"v-p\" style=\"text-align: justify;\">La vertiginosa escalada del precio del aceite da ya miedo y no solo a los consumidores, sino a todo el sector que ve c\u00f3mo el consumo ha ca\u00eddo m\u00e1s de un 30%. \u00abEs una pena esta situaci\u00f3n, con todo el esfuerzo que se ha hecho para conseguir aumentar el volumen de ventas de un producto de calidad, en el que somos l\u00edderes mundiales\u00bb, reflexiona el director de Dcoop, Rafael S\u00e1nchez Puerta. El precio del litro de aceite oliva virgen que lleg\u00f3 a caer a dos euros en 2019 y 2020, dibujaba desde el pasado a\u00f1o una l\u00ednea ascendente, en el contexto inflacionario, pero el pasado mes de mayo cuando el calor que arras\u00f3 la flor de muchos olivos sentenci\u00f3 la campa\u00f1a 2023\/2024 a una baja producci\u00f3n, marc\u00f3 un gran punto de inflexi\u00f3n.<\/p>\n<div class=\"v-c-cmp \" style=\"text-align: justify;\"><iframe id=\"datawrapper-chart-sUkY8\" title=\"Evoluci\u00f3n del precio del litro de aceite en los dos \u00faltimos a\u00f1os\" src=\"https:\/\/datawrapper.dwcdn.net\/sUkY8\/\" height=\"500\" frameborder=\"0\" scrolling=\"no\" aria-label=\"Interactive line chart\" data-external=\"1\" data-mce-fragment=\"1\"><\/iframe><\/div>\n<p class=\"v-p\" style=\"text-align: justify;\">La cotizaci\u00f3n se dispar\u00f3 al ser conscientes los operadores de la falta de disponibilidad de producto espa\u00f1ol se iba a prolongar otra campa\u00f1a. Seg\u00fan datos del observatorio de la Federaci\u00f3n Espa\u00f1ola de Industriales Fabricantes de Aceite de Oliva, el litro de aceite de oliva cotiza en origen a 8,3 euros en este mes septiembre, un 49% m\u00e1s caro que en mayo.<\/p>\n<p class=\"v-p\" style=\"text-align: justify;\">En el supermercado, el precio medio del litro, seg\u00fan los \u00faltimos c\u00e1lculos de la Organizaci\u00f3n de Consumidores y Usuarios (OCU) que ha estudiado 19 marcas en diez cadenas, se eleva a 9,42 euros de media, pero en algunas marcas supera los doce euros. Un escenario in\u00e9dito y desconcertante en el que planean las preguntas del mill\u00f3n: \u00bfHasta cu\u00e1ndo seguir\u00e1 el precio disparado y hasta d\u00f3nde va a llegar? Todos expertos consultados coinciden en que la lluvia condicionar\u00e1 la respuesta. \u00abEn mi opini\u00f3n estamos en la cresta de la ola, cerca del pico, se mantendr\u00e1 o bajar\u00e1, no puede subir m\u00e1s\u00bb, analiza el representante del sector del aceite en Cooperativas Agroalimentarias, Rafael Almir\u00f3n.<\/p>\n<p class=\"v-p\" style=\"text-align: justify;\">\u00abLo que est\u00e1 pasando era previsible, no hay m\u00e1s volumen de aceite para vender y despu\u00e9s de una cosecha tan corta, de 660.000 toneladas el final de campa\u00f1a iba a ser absolutamente tenso. El precio est\u00e1 influenciado por las expectativas de la cosecha siguiente que vuelve a ser corta en una situaci\u00f3n clim\u00e1tica extrema\u00bb, apunta el director de Dcoop.<\/p>\n<p class=\"v-p\" style=\"text-align: justify;\">La tensi\u00f3n se prolongar\u00e1 porque el enlace de campa\u00f1a, el stock que queda de la anterior, es muy corto, no llegar\u00e1 a las 250.000 toneladas, por lo que ser\u00e1 otro a\u00f1o sin disponibilidad. Tampoco fuera de Espa\u00f1a les va bien al resto de pa\u00edses productores. \u00abSi el consumo no aguanta o si llueve los precios bajar\u00e1n, pero el a\u00f1o va a ser tenso\u00bb, resume el director del grupo empresarial que aglutina a veinte cooperativas de Granada.<\/p>\n<p class=\"v-p\" style=\"text-align: justify;\">En la misma l\u00ednea se expresa Luis Torres Morente, consejero delegado de la mayor comercializadora de aceite granadina, Maeva. \u00abSi viene una lluvia razonable a\u00fan hay margen de mejora, pero partimos de un enlace de campa\u00f1a que t\u00e9cnicamente es cero por lo que sin duda el a\u00f1o va a ser tenso\u00bb.<\/p>\n<p style=\"text-align: justify;\"><a href=\"https:\/\/www.ideal.es\/autor\/mercedes-navarrete-434.html\"><strong>Mercedes Navarrete<\/strong><\/a><\/p>\n<article class=\"v-a v-a--d v-a--d-bs v-a--p-b\">\n<div class=\"v-a-img-c v-a-img-c--fw-xs\">\n<figure class=\"v-a-fig\"><figcaption class=\"v-fc\"><span class=\"v-fc__text\">FOTO: Litros de aceite de oliva expuestos en un supermercado.<\/span> <span class=\"v-fc__ath\">IDEAL<\/span><\/figcaption><\/figure>\n<\/div>\n<div class=\"v-a-info-c \">\u00a0<\/div>\n<\/article>\n<div class=\"v-d v-d--ab-c v-d--bs\">\n<div class=\"v-mdl-ath\" data-voc-component=\"viewport-not-visible\">\n<div class=\"v-mdl-ath__c v-mdl-ath__c--1\">\n<figure class=\"v-mdl-ath__fig\">https:\/\/www.ideal.es\/granada\/locura-litro-aceite-euros-supermercado-bajara-precio-20230910000117-nt.html<\/figure>\n<div class=\"v-mdl-ath__info\">\n<p class=\"v-mdl-ath__p v-mdl-ath__p--name\">\u00a0<\/p>\n<\/div>\n<\/div>\n<\/div>\n<\/div>\n","protected":false},"excerpt":{"rendered":"<p>La lluvia condiciona la repuesta pero los expertos temen otro a\u00f1o de tensi\u00f3n ante la&#8230;<\/p>\n","protected":false},"author":1,"featured_media":63303,"comment_status":"closed","ping_status":"closed","sticky":false,"template":"","format":"standard","meta":{"_coblocks_attr":"","_coblocks_dimensions":"","_coblocks_responsive_height":"","_coblocks_accordion_ie_support":"","jetpack_post_was_ever_published":false,"_jetpack_newsletter_access":"","_jetpack_dont_email_post_to_subs":false,"_jetpack_newsletter_tier_id":0,"_jetpack_memberships_contains_paywalled_content":false,"_jetpack_memberships_contains_paid_content":false,"footnotes":"","jetpack_publicize_message":"","jetpack_publicize_feature_enabled":true,"jetpack_social_post_already_shared":false,"jetpack_social_options":{"image_generator_settings":{"template":"highway","default_image_id":0,"enabled":false},"version":2}},"categories":[2,1161,9,44,6937,15],"tags":[3700,7574,3474],"class_list":["post-63302","post","type-post","status-publish","format-standard","has-post-thumbnail","hentry","category-atarfe","category-ciudadania","category-medio-ambiente","category-noticias-de-hoy","category-sociedad","category-ultimas-noticias","tag-aceite","tag-precio","tag-subida"],"jetpack_publicize_connections":[],"jetpack_featured_media_url":"https:\/\/i0.wp.com\/miradordeatarfe.es\/wp-content\/uploads\/2023\/09\/supermercado-758x531-1.jpg?fit=758%2C426&ssl=1","jetpack_likes_enabled":true,"jetpack_sharing_enabled":true,"_links":{"self":[{"href":"https:\/\/miradordeatarfe.es\/index.php?rest_route=\/wp\/v2\/posts\/63302","targetHints":{"allow":["GET"]}}],"collection":[{"href":"https:\/\/miradordeatarfe.es\/index.php?rest_route=\/wp\/v2\/posts"}],"about":[{"href":"https:\/\/miradordeatarfe.es\/index.php?rest_route=\/wp\/v2\/types\/post"}],"author":[{"embeddable":true,"href":"https:\/\/miradordeatarfe.es\/index.php?rest_route=\/wp\/v2\/users\/1"}],"replies":[{"embeddable":true,"href":"https:\/\/miradordeatarfe.es\/index.php?rest_route=%2Fwp%2Fv2%2Fcomments&post=63302"}],"version-history":[{"count":1,"href":"https:\/\/miradordeatarfe.es\/index.php?rest_route=\/wp\/v2\/posts\/63302\/revisions"}],"predecessor-version":[{"id":63304,"href":"https:\/\/miradordeatarfe.es\/index.php?rest_route=\/wp\/v2\/posts\/63302\/revisions\/63304"}],"wp:featuredmedia":[{"embeddable":true,"href":"https:\/\/miradordeatarfe.es\/index.php?rest_route=\/wp\/v2\/media\/63303"}],"wp:attachment":[{"href":"https:\/\/miradordeatarfe.es\/index.php?rest_route=%2Fwp%2Fv2%2Fmedia&parent=63302"}],"wp:term":[{"taxonomy":"category","embeddable":true,"href":"https:\/\/miradordeatarfe.es\/index.php?rest_route=%2Fwp%2Fv2%2Fcategories&post=63302"},{"taxonomy":"post_tag","embeddable":true,"href":"https:\/\/miradordeatarfe.es\/index.php?rest_route=%2Fwp%2Fv2%2Ftags&post=63302"}],"curies":[{"name":"wp","href":"https:\/\/api.w.org\/{rel}","templated":true}]}}