{"id":63313,"date":"2023-09-20T09:03:44","date_gmt":"2023-09-20T07:03:44","guid":{"rendered":"https:\/\/miradordeatarfe.es\/?p=63313"},"modified":"2023-09-12T11:07:07","modified_gmt":"2023-09-12T09:07:07","slug":"entre-el-calor-extremo-y-las-tormentas-torrenciales","status":"publish","type":"post","link":"https:\/\/miradordeatarfe.es\/?p=63313","title":{"rendered":"Entre el calor extremo y las tormentas torrenciales"},"content":{"rendered":"<h3 style=\"text-align: justify;\">El calentamiento global causado por los combustibles f\u00f3siles ha hecho que las temperaturas batan todos los r\u00e9cords este verano.<\/h3>\n<p style=\"text-align: justify;\">El verano meteorol\u00f3gico (junio, julio y agosto) ha sido el m\u00e1s c\u00e1lido que se han registrado hasta ahora en el planeta desde que arrancaron las mediciones directas en 1850, y los datos parciales apuntan a que en agosto ocurri\u00f3 exactamente lo mismo. <a href=\"http:\/\/t.newsletter.elpais.com\/r\/?id=h70a37a2c,c035b56,4b9c8ba&amp;p1=climaymedioambiente_2023.09.06_6&amp;p2=climaymedioambiente_2023.09.06_6\" target=\"_blank\" rel=\"noopener\" data-saferedirecturl=\"https:\/\/www.google.com\/url?q=http:\/\/t.newsletter.elpais.com\/r\/?id%3Dh70a37a2c,c035b56,4b9c8ba%26p1%3Dclimaymedioambiente_2023.09.06_6%26p2%3Dclimaymedioambiente_2023.09.06_6&amp;source=gmail&amp;ust=1694535528641000&amp;usg=AOvVaw25JlSAUKtwq13qjFEU0a_r\"> As\u00ed que este ha sido el verano m\u00e1s caluroso en el planeta de, al menos, los \u00faltimos 174 a\u00f1os<\/a>, aunque hay paleoclimat\u00f3logos que afirman que no se han visto unas temperaturas as\u00ed en los \u00faltimos 120.000 a\u00f1os.\u00a0<\/p>\n<p style=\"text-align: justify;\">Sobre este tema hemos hablado con Carlo Buontempo, director del Servicio de Cambio Clim\u00e1tico de Copernicus de la Uni\u00f3n Europea. <a href=\"http:\/\/t.newsletter.elpais.com\/r\/?id=h70a37a2c,c035b56,4b9c8bb&amp;p1=climaymedioambiente_2023.09.06_6&amp;p2=climaymedioambiente_2023.09.06_6\" target=\"_blank\" rel=\"noopener\" data-saferedirecturl=\"https:\/\/www.google.com\/url?q=http:\/\/t.newsletter.elpais.com\/r\/?id%3Dh70a37a2c,c035b56,4b9c8bb%26p1%3Dclimaymedioambiente_2023.09.06_6%26p2%3Dclimaymedioambiente_2023.09.06_6&amp;source=gmail&amp;ust=1694535528641000&amp;usg=AOvVaw0ABOToF-diHur_CGZv9kHm\"> \u201cNo es un caso aislado, forma parte de un patr\u00f3n de calentamiento generalizado\u201d, explica el experto<\/a>. Este contexto se ha traducido en intensas olas de calor (<a href=\"http:\/\/t.newsletter.elpais.com\/r\/?id=h70a37a2c,c035b56,4b9c8bc&amp;p1=climaymedioambiente_2023.09.06_6&amp;p2=climaymedioambiente_2023.09.06_6\" target=\"_blank\" rel=\"noopener\" data-saferedirecturl=\"https:\/\/www.google.com\/url?q=http:\/\/t.newsletter.elpais.com\/r\/?id%3Dh70a37a2c,c035b56,4b9c8bc%26p1%3Dclimaymedioambiente_2023.09.06_6%26p2%3Dclimaymedioambiente_2023.09.06_6&amp;source=gmail&amp;ust=1694535528641000&amp;usg=AOvVaw2TixRskk-gwnFnvVp5J34j\">en Espa\u00f1a hemos vivido cuatro<\/a>) por todo el hemisferio norte, que han azuzado gigantescos incendios en Canad\u00e1 (<a href=\"http:\/\/t.newsletter.elpais.com\/r\/?id=h70a37a2c,c035b56,4b9c8bd&amp;p1=climaymedioambiente_2023.09.06_6&amp;p2=climaymedioambiente_2023.09.06_6\" target=\"_blank\" rel=\"noopener\" data-saferedirecturl=\"https:\/\/www.google.com\/url?q=http:\/\/t.newsletter.elpais.com\/r\/?id%3Dh70a37a2c,c035b56,4b9c8bd%26p1%3Dclimaymedioambiente_2023.09.06_6%26p2%3Dclimaymedioambiente_2023.09.06_6&amp;source=gmail&amp;ust=1694535528641000&amp;usg=AOvVaw16qy_c5122jaIagPZAj5N9\">cuyo humo lleg\u00f3 hasta Espa\u00f1a<\/a>), Haw\u00e1i, Tenerife, Grecia\u2026<a href=\"http:\/\/t.newsletter.elpais.com\/r\/?id=h70a37a2c,c035b56,4b9c8be&amp;p1=climaymedioambiente_2023.09.06_6&amp;p2=climaymedioambiente_2023.09.06_6\" target=\"_blank\" rel=\"noopener\" data-saferedirecturl=\"https:\/\/www.google.com\/url?q=http:\/\/t.newsletter.elpais.com\/r\/?id%3Dh70a37a2c,c035b56,4b9c8be%26p1%3Dclimaymedioambiente_2023.09.06_6%26p2%3Dclimaymedioambiente_2023.09.06_6&amp;source=gmail&amp;ust=1694535528641000&amp;usg=AOvVaw1a-1LEGYV_c9wRW1DwfbRV\">Precisamente Grecia<\/a> es uno de los pa\u00edses que est\u00e1 viviendo otra cara de la emergencia clim\u00e1tica: <a href=\"http:\/\/t.newsletter.elpais.com\/r\/?id=h70a37a2c,c035b56,4b9c8bf&amp;p1=climaymedioambiente_2023.09.06_6&amp;p2=climaymedioambiente_2023.09.06_6\" target=\"_blank\" rel=\"noopener\" data-saferedirecturl=\"https:\/\/www.google.com\/url?q=http:\/\/t.newsletter.elpais.com\/r\/?id%3Dh70a37a2c,c035b56,4b9c8bf%26p1%3Dclimaymedioambiente_2023.09.06_6%26p2%3Dclimaymedioambiente_2023.09.06_6&amp;source=gmail&amp;ust=1694535528641000&amp;usg=AOvVaw3LaWnzw04mVJDrppCvmnjW\"> una dana con lluvias torrenciales que se ha extendido tambi\u00e9n por Turqu\u00eda y Bulgaria<\/a>, dejando al menos 11 muertos. Llueve tanto que tal vez los r\u00e9cords no queden registrados: el Observatorio Nacional de Atenas ha publicado que la mayor\u00eda de las estaciones meteorol\u00f3gicas de Magnesia y las islas Esp\u00f3radas, donde han recibido cantidades extremas de lluvia en los \u00faltimos dos d\u00edas, han dejado de transmitir sus datos debido a los cortes de electricidad.Es una situaci\u00f3n similar a la que acaba de vivir Espa\u00f1a, <a href=\"http:\/\/t.newsletter.elpais.com\/r\/?id=h70a37a2c,c035b56,4b9c8c0&amp;p1=climaymedioambiente_2023.09.06_6&amp;p2=climaymedioambiente_2023.09.06_6\" target=\"_blank\" rel=\"noopener\" data-saferedirecturl=\"https:\/\/www.google.com\/url?q=http:\/\/t.newsletter.elpais.com\/r\/?id%3Dh70a37a2c,c035b56,4b9c8c0%26p1%3Dclimaymedioambiente_2023.09.06_6%26p2%3Dclimaymedioambiente_2023.09.06_6&amp;source=gmail&amp;ust=1694535528641000&amp;usg=AOvVaw3hTi-BeZhiJLe7ADNuuL2X\"> donde en los \u00faltimos d\u00edas ha habido tres muertos y tres desaparecidos en Toledo y Madrid<\/a> por los fuertes aguaceros. Aunque todav\u00eda es pronto para atribuir estos episodios concretos al cambio clim\u00e1tico, los cient\u00edficos llevan a\u00f1os avisando de que el calentamiento global hace cada vez m\u00e1s frecuentes los fen\u00f3menos extremos. El meteor\u00f3logo Juan Jes\u00fas Gonz\u00e1lez Alem\u00e1n, de la Agencia Estatal de Meteorolog\u00eda, lo tiene claro: <a href=\"http:\/\/t.newsletter.elpais.com\/r\/?id=h70a37a2c,c035b56,4b9c8c1&amp;p1=climaymedioambiente_2023.09.06_6&amp;p2=climaymedioambiente_2023.09.06_6\" target=\"_blank\" rel=\"noopener\" data-saferedirecturl=\"https:\/\/www.google.com\/url?q=http:\/\/t.newsletter.elpais.com\/r\/?id%3Dh70a37a2c,c035b56,4b9c8c1%26p1%3Dclimaymedioambiente_2023.09.06_6%26p2%3Dclimaymedioambiente_2023.09.06_6&amp;source=gmail&amp;ust=1694535528641000&amp;usg=AOvVaw1qN_SAw5G2Z1Z6UooCa_Qp\"> \u201cEl cambio clim\u00e1tico da a las danas un mayor potencial de tener m\u00e1s impacto\u201d<\/a>.<\/p>\n<p><strong>MIGUEL \u00c1NGEL MEDINA<\/strong><\/p>\n<p>FOTO: Un hombre intenta salir de su coche en la ciudad griega de Volos, una de las m\u00e1s castigadas por la dana Daniel, este mi\u00e9rcoles. \/ HATZIPOLITIS NICOLAOS (EFE)<\/p>\n<p>&nbsp;<\/p>\n","protected":false},"excerpt":{"rendered":"<p>El calentamiento global causado por los combustibles f\u00f3siles ha hecho que las temperaturas batan todos&#8230;<\/p>\n","protected":false},"author":1,"featured_media":63314,"comment_status":"closed","ping_status":"closed","sticky":false,"template":"","format":"standard","meta":{"_coblocks_attr":"","_coblocks_dimensions":"","_coblocks_responsive_height":"","_coblocks_accordion_ie_support":"","jetpack_post_was_ever_published":false,"_jetpack_newsletter_access":"","_jetpack_dont_email_post_to_subs":false,"_jetpack_newsletter_tier_id":0,"_jetpack_memberships_contains_paywalled_content":false,"_jetpack_memberships_contains_paid_content":false,"footnotes":"","jetpack_publicize_message":"","jetpack_publicize_feature_enabled":true,"jetpack_social_post_already_shared":false,"jetpack_social_options":{"image_generator_settings":{"template":"highway","default_image_id":0,"enabled":false},"version":2}},"categories":[1161,9,44,6937,15,10],"tags":[10654,10653],"class_list":["post-63313","post","type-post","status-publish","format-standard","has-post-thumbnail","hentry","category-ciudadania","category-medio-ambiente","category-noticias-de-hoy","category-sociedad","category-ultimas-noticias","category-salud","tag-calor-extremo","tag-tormentas-torrenciales"],"jetpack_publicize_connections":[],"jetpack_featured_media_url":"https:\/\/i0.wp.com\/miradordeatarfe.es\/wp-content\/uploads\/2023\/09\/unnamed.jpg?fit=1120%2C748&ssl=1","jetpack_likes_enabled":true,"jetpack_sharing_enabled":true,"_links":{"self":[{"href":"https:\/\/miradordeatarfe.es\/index.php?rest_route=\/wp\/v2\/posts\/63313","targetHints":{"allow":["GET"]}}],"collection":[{"href":"https:\/\/miradordeatarfe.es\/index.php?rest_route=\/wp\/v2\/posts"}],"about":[{"href":"https:\/\/miradordeatarfe.es\/index.php?rest_route=\/wp\/v2\/types\/post"}],"author":[{"embeddable":true,"href":"https:\/\/miradordeatarfe.es\/index.php?rest_route=\/wp\/v2\/users\/1"}],"replies":[{"embeddable":true,"href":"https:\/\/miradordeatarfe.es\/index.php?rest_route=%2Fwp%2Fv2%2Fcomments&post=63313"}],"version-history":[{"count":1,"href":"https:\/\/miradordeatarfe.es\/index.php?rest_route=\/wp\/v2\/posts\/63313\/revisions"}],"predecessor-version":[{"id":63315,"href":"https:\/\/miradordeatarfe.es\/index.php?rest_route=\/wp\/v2\/posts\/63313\/revisions\/63315"}],"wp:featuredmedia":[{"embeddable":true,"href":"https:\/\/miradordeatarfe.es\/index.php?rest_route=\/wp\/v2\/media\/63314"}],"wp:attachment":[{"href":"https:\/\/miradordeatarfe.es\/index.php?rest_route=%2Fwp%2Fv2%2Fmedia&parent=63313"}],"wp:term":[{"taxonomy":"category","embeddable":true,"href":"https:\/\/miradordeatarfe.es\/index.php?rest_route=%2Fwp%2Fv2%2Fcategories&post=63313"},{"taxonomy":"post_tag","embeddable":true,"href":"https:\/\/miradordeatarfe.es\/index.php?rest_route=%2Fwp%2Fv2%2Ftags&post=63313"}],"curies":[{"name":"wp","href":"https:\/\/api.w.org\/{rel}","templated":true}]}}